{"id":613232,"date":"2026-08-10T13:29:18","date_gmt":"2026-08-10T13:29:18","guid":{"rendered":"https:\/\/www.europesays.com\/pl\/613232\/"},"modified":"2026-08-10T13:29:18","modified_gmt":"2026-08-10T13:29:18","slug":"jadro-ziemi-zwalnia-naukowcy-mowia-o-wplywie-na-ludzi","status":"publish","type":"post","link":"https:\/\/www.europesays.com\/pl\/613232\/","title":{"rendered":"J\u0105dro Ziemi zwalnia. Naukowcy m\u00f3wi\u0105 o wp\u0142ywie na ludzi"},"content":{"rendered":"<p>J\u0105dro <a href=\"https:\/\/www.komputerswiat.pl\/temat\/ziemia\/zngnknq\" id=\"e3ecdb51-befe-4e81-a571-630c25aa6e87\" rel=\"nofollow noopener\" target=\"_blank\">ziemskie <\/a>znajduje si\u0119 ok. 5180 km pod powierzchni\u0105 naszej planety i do tej pory nie zosta\u0142o dobrze zbadane. Sejsmolodzy i geolodzy maj\u0105 wiele pyta\u0144 dotycz\u0105cych proces\u00f3w, kt\u00f3re zachodz\u0105 w pobli\u017cu tej wielkiej metalowej kuli, zatopionej w p\u0142aszczu z p\u0142ynnego metalu. Jedno z nich dotyczy ujawnionego w\u0142a\u015bnie spowolnienia obrotu j\u0105dra, kt\u00f3re od lat by\u0142o przedmiotem debaty.Dalszy ci\u0105g artyku\u0142u pod materia\u0142em wideoTajemniczy cykl rotacji j\u0105dra<\/p>\n<p>Materia\u0142 opublikowany w magazynie Nature potwierdzi\u0142 wcze\u015bniejsze przypuszczenia \u2013 j\u0105dro Ziemi naprawd\u0119 obraca si\u0119 wolniej, a na dodatek w inn\u0105 stron\u0119, ni\u017c dotychczas. Badacze \u015bledzili fale sejsmologiczne z trz\u0119sie\u0144 ziemi, kt\u00f3re przesz\u0142y przez wewn\u0119trzne j\u0105dro od 1964 r. Na tej podstawie wybrano 121 miejsca, w kt\u00f3rych fale by\u0142y wytwarzane przez trz\u0119sienia w tych samych miejscach na \u015bwiecie, ale w r\u00f3\u017cnym czasie. Dodano do tego te\u017c odczyty fal uderzeniowych z radzieckich test\u00f3w j\u0105drowych w latach 1971 \u2013 1974 r.<\/p>\n<p>Zgodnie z za\u0142o\u017ceniami naukowc\u00f3w, obr\u00f3t rdzenia ma wp\u0142yw na czas przybycia fali. Por\u00f3wnanie tych czas\u00f3w ujawni\u0142o 70-letni cykl rotacji. Spowolnienie ma si\u0119 w niego idealnie wpisywa\u0107, cho\u0107 tak naprawd\u0119 nie wiemy, co dok\u0142adnie dla nas oznacza. Dane ujawni\u0142y, \u017ce w czasie cyklu obr\u00f3t j\u0105dra zwalnia i przyspiesza w r\u00f3\u017cnym tempie, co r\u00f3wnie\u017c jest zagadk\u0105. Je\u015bli obliczenia s\u0105 zgodne z prawd\u0105, to rotacja powinna zacz\u0105\u0107 si\u0119 zwi\u0119ksza\u0107 za ok. 10 lat.<\/p>\n<p>Naukowcy uspokajaj\u0105, \u017ce zmiana kierunku nie b\u0119dzie mia\u0142a prze\u0142o\u017cenia na \u017cycie ludzi. Jak twierdzi dr John Vidale:<\/p>\n<blockquote class=\"ods-o-quote\">\n<p class=\"ods-o-quote__paragraph\">Je\u015bli chodzi o ten efekt w \u017cyciu cz\u0142owieka, nie wyobra\u017cam sobie, \u017ceby to mia\u0142o du\u017ce znaczenie.<\/p>\n<\/blockquote>\n","protected":false},"excerpt":{"rendered":"J\u0105dro ziemskie znajduje si\u0119 ok. 5180 km pod powierzchni\u0105 naszej planety i do tej pory nie zosta\u0142o dobrze&hellip;\n","protected":false},"author":2,"featured_media":613233,"comment_status":"","ping_status":"","sticky":false,"template":"","format":"standard","meta":{"footnotes":"","_share_on_mastodon":"0"},"categories":[20],"tags":[61195,4622,48,120,118,18163,119,56992,46,42,38,40,39,41,116,114,115,47,121,117,8870],"class_list":["post-613232","post","type-post","status-publish","format-standard","has-post-thumbnail","category-nauka-i-technika","tag-bottomfeed_styl","tag-kosmos","tag-nat_styl","tag-nauka","tag-nauka-i-technika","tag-nauka_i_technika","tag-naukatechnika","tag-newbb_tst1","tag-omp","tag-pl","tag-poland","tag-polish","tag-polska","tag-polski","tag-science","tag-science-and-technology","tag-sciencetechnology","tag-screening_general","tag-technika","tag-technology","tag-ziemia_planeta"],"share_on_mastodon":{"url":"https:\/\/pubeurope.com\/@pl\/117071457024590551","error":""},"_links":{"self":[{"href":"https:\/\/www.europesays.com\/pl\/wp-json\/wp\/v2\/posts\/613232","targetHints":{"allow":["GET"]}}],"collection":[{"href":"https:\/\/www.europesays.com\/pl\/wp-json\/wp\/v2\/posts"}],"about":[{"href":"https:\/\/www.europesays.com\/pl\/wp-json\/wp\/v2\/types\/post"}],"author":[{"embeddable":true,"href":"https:\/\/www.europesays.com\/pl\/wp-json\/wp\/v2\/users\/2"}],"replies":[{"embeddable":true,"href":"https:\/\/www.europesays.com\/pl\/wp-json\/wp\/v2\/comments?post=613232"}],"version-history":[{"count":0,"href":"https:\/\/www.europesays.com\/pl\/wp-json\/wp\/v2\/posts\/613232\/revisions"}],"wp:featuredmedia":[{"embeddable":true,"href":"https:\/\/www.europesays.com\/pl\/wp-json\/wp\/v2\/media\/613233"}],"wp:attachment":[{"href":"https:\/\/www.europesays.com\/pl\/wp-json\/wp\/v2\/media?parent=613232"}],"wp:term":[{"taxonomy":"category","embeddable":true,"href":"https:\/\/www.europesays.com\/pl\/wp-json\/wp\/v2\/categories?post=613232"},{"taxonomy":"post_tag","embeddable":true,"href":"https:\/\/www.europesays.com\/pl\/wp-json\/wp\/v2\/tags?post=613232"}],"curies":[{"name":"wp","href":"https:\/\/api.w.org\/{rel}","templated":true}]}}