{"id":613252,"date":"2026-08-10T13:43:15","date_gmt":"2026-08-10T13:43:15","guid":{"rendered":"https:\/\/www.europesays.com\/pl\/613252\/"},"modified":"2026-08-10T13:43:15","modified_gmt":"2026-08-10T13:43:15","slug":"zuzel-duzy-niepokoj-w-motorze-lublin-mowia-to-wprost-pobandzie","status":"publish","type":"post","link":"https:\/\/www.europesays.com\/pl\/613252\/","title":{"rendered":"\u017bu\u017cel. Du\u017cy niepok\u00f3j w Motorze Lublin! M\u00f3wi\u0105 to wprost &#8211; PoBandzie"},"content":{"rendered":"<p>Orlen Oil Motor Lublin znacznie skomplikowa\u0142 swoj\u0105 sytuacj\u0119 w kontek\u015bcie walki o faz\u0119 play-off po niedzielnej pora\u017cce we Wroc\u0142awiu. \u201eKozio\u0142ki\u201d przegra\u0142y z Betard Spart\u0105 Wroc\u0142aw a\u017c 31:59, nie zdobywaj\u0105c nawet punktu bonusowego. Po meczu powody sromotnej pora\u017cki przybli\u017cy\u0142 mened\u017cer zespo\u0142u z Lublina \u2013 Jacek Zi\u00f3\u0142kowski.<\/p>\n<p>To spotkanie kompletnie nie u\u0142o\u017cy\u0142o si\u0119 po my\u015bli go\u015bci. Mocno poobijany Fredrik Lindgren oraz Bartosz Zmarzlik zdobyli 22 z 31 punkt\u00f3w dla przyjezdnych. Bardzo s\u0142abe wyniki zanotowali z kolei Kacper Woryna (3+1), Mateusz Cierniak (2) czy Martin Vaculik (1).<\/p>\n<p>\u2013 Trzeba by by\u0142o spyta\u0107 samych zawodnik\u00f3w \u2013 kr\u00f3tko odpowiedzia\u0142 zawiedziony mened\u017cer go\u015bci, pytany o postaw\u0119 tr\u00f3jki swoich senior\u00f3w.<\/p>\n<p><a href=\"https:\/\/po-bandzie.com.pl\/zuzel-motor-w-dramatycznym-polozeniu-oto-scenariusze-w-pge-ekstralidze-analiza\/\" rel=\"nofollow noopener\" target=\"_blank\">\u017bu\u017cel. Motor w dramatycznym po\u0142o\u017ceniu? Oto scenariusze w PGE Ekstralidze! (ANALIZA) \u2013 PoBandzie \u2013 Portal Sportowy<\/a><\/p>\n<p><a href=\"https:\/\/po-bandzie.com.pl\/zuzel-protasiewicz-krzyczal-jak-kibic-padl-termin-powrotu-dana-bewleya\/\" rel=\"nofollow noopener\" target=\"_blank\">\u017bu\u017cel. Protasiewicz krzycza\u0142 jak kibic! Pad\u0142 termin powrotu Dana Bewleya! \u2013 PoBandzie \u2013 Portal Sportowy<\/a><\/p>\n<p>Ju\u017c po pierwszej serii start\u00f3w Betard Sparta Wroc\u0142aw prowadzi\u0142a 17:7, a \u017caden z zawodnik\u00f3w go\u015bci nie zdo\u0142a\u0142 wygra\u0107 indywidualnie a\u017c do si\u00f3dmej gonitwy, w kt\u00f3rej zwyci\u0119\u017cy\u0142 Bartosz Zmarzlik. To od samego pocz\u0105tku spotkania wprowadzi\u0142o du\u017cy niepok\u00f3j w sztabie Orlen Oil Motoru Lublin.<\/p>\n<p>\u2013 Motor zawsze radzi\u0142 sobie bardzo dobrze we Wroc\u0142awiu, a dzi\u015b problemy z ustawieniami i pewne b\u0142\u0119dy pope\u0142niane na torze doprowadzi\u0142y do tego, \u017ce w\u0142a\u015bciwie od pierwszej serii Wroc\u0142awianie zacz\u0119li odje\u017cd\u017ca\u0107. Po pierwszych czterech wy\u015bcigach odrobili po\u0142ow\u0119 straty z Lublina. Ju\u017c wtedy wiedzia\u0142em, \u017ce pachnie strat\u0105 bonusa \u2013 diagnozowa\u0142 Zi\u00f3\u0142kowski.<\/p>\n<p>Sztab szkoleniowy Orlen Oil Motoru Lublin wstrzymywa\u0142 si\u0119 z manewrami taktycznymi a\u017c do czwartej serii start\u00f3w. Dopiero w biegu dwunastym zastosowano podw\u00f3jn\u0105 rezerw\u0119 taktyczn\u0105, a nast\u0119pnie w trzynastym i czternastym pos\u0142u\u017cono si\u0119 kolejnymi zmianami zmierzaj\u0105cymi do ratowania wyniku.<\/p>\n<p><a href=\"https:\/\/po-bandzie.com.pl\/zuzel-klindt-z-wieloma-ofertami-bedzie-zaskakujacy-transfer\/\" rel=\"nofollow noopener\" target=\"_blank\">\u017bu\u017cel. Klindt z wieloma ofertami! B\u0119dzie zaskakuj\u0105cy transfer? \u2013 PoBandzie \u2013 Portal Sportowy<\/a><\/p>\n<p><a href=\"https:\/\/po-bandzie.com.pl\/zuzel-wielki-talent-stali-przemowil-po-kapitalnym-wystepie-zdradzil-od-kogo-ma-silniki\/\" rel=\"nofollow noopener\" target=\"_blank\">\u017bu\u017cel. Wielki talent Stali przem\u00f3wi\u0142 po kapitalnym wyst\u0119pie! Zdradzi\u0142 od kogo ma silniki \u2013 PoBandzie \u2013 Portal Sportowy<\/a><\/p>\n<p>\u2013 Nie bardzo by\u0142o kogo wypu\u015bci\u0107 z taktycznej. Starali\u015bmy si\u0119 wykorzysta\u0107 te rezerwy w biegu dwunastym, gdzie wydawa\u0142o si\u0119, \u017ce jedzie w miar\u0119 s\u0142absza para (Kowalski &amp; Kowolik \u2013 przyp. red.) ze strony Sparty, ale i tego wy\u015bcigu nie uda\u0142o si\u0119 wygra\u0107 \u2013 trafnie zauwa\u017cy\u0142 mened\u017cer przyjezdnych. \u0141\u0105cznie trzy biegi, w kt\u00f3rych go\u015bcie stosowali rezerwy taktyczne, zako\u0144czy\u0142y si\u0119 bilansem 14:4 dla gospodarzy.<\/p>\n<p>\u2013 No c\u00f3\u017c, tak jak m\u00f3wi\u0142em: je\u015bli nie zdob\u0119dziemy dzi\u015b tych 36 punkt\u00f3w we Wroc\u0142awiu, to musimy zdoby\u0107 45 w Grudzi\u0105dzu. To nam pozostaje \u2013 doda\u0142 Zi\u00f3\u0142kowski.<\/p>\n<p>Mened\u017cer \u201eKozio\u0142k\u00f3w\u201d nie kry\u0142 tak\u017ce niezadowolenia z kolejnego bardzo nieudanego wyst\u0119pu wyjazdowego. Przypomnijmy, \u017ce w czerwcowym spotkaniu w Toruniu Orlen Oil Motor Lublin r\u00f3wnie\u017c nie obroni\u0142 22-punktowej zaliczki z inauguracyjnego meczu sezonu i uleg\u0142 na toru\u0144skiej Motoarenie a\u017c 29:61.<\/p>\n<p>\u2013 Po raz drugi tak s\u0142aba postawa dru\u017cyny w meczu wyjazdowym niepokoi. Zawodnicy, na kt\u00f3rych liczymy, \u017ce b\u0119d\u0105 zdobywa\u0107 wi\u0119ksze liczby punkt\u00f3w, po prostu tego nie robi\u0105. W\u0142a\u015bciwie dzisiaj pojechali tylko Zmarzlik i Lindgren. \u201eFredka\u201d, kt\u00f3ry jak wida\u0107 nie jest jeszcze w pe\u0142ni si\u0142, pojecha\u0142 naprawd\u0119 bardzo dobre spotkanie. Bartek tradycyjnie zrobi\u0142 swoje. Je\u015bli chodzi o pozosta\u0142ych zawodnik\u00f3w, to na pewno si\u0119 starali, bo ka\u017cdy \u017cu\u017clowiec, podje\u017cd\u017caj\u0105c pod ta\u015bm\u0119, stara si\u0119 o jak najlepszy wynik i wygran\u0105 w zawodach, lecz tym razem im si\u0119 to nie uda\u0142o \u2013 podsumowa\u0142 rozczarowany mened\u017cer wicemistrz\u00f3w Polski.<\/p>\n","protected":false},"excerpt":{"rendered":"Orlen Oil Motor Lublin znacznie skomplikowa\u0142 swoj\u0105 sytuacj\u0119 w kontek\u015bcie walki o faz\u0119 play-off po niedzielnej pora\u017cce we&hellip;\n","protected":false},"author":2,"featured_media":613253,"comment_status":"","ping_status":"","sticky":false,"template":"","format":"standard","meta":{"footnotes":"","_share_on_mastodon":"0"},"categories":[51612],"tags":[121129,780,2850,3412,3972,6823,10444,1081,4800,3415,3364,25,2164,1334,42,9705,3973,38,40,39,41,3975,882,121130,174,3980,23744,9711],"class_list":["post-613252","post","type-post","status-publish","format-standard","has-post-thumbnail","category-lublin","tag-12-kolejka-pge-ekstraliga","tag-bartosz-zmarzlik","tag-betard-sparta-wroclaw","tag-fredrik-lindgren","tag-google-news","tag-jacek-ziolkowski","tag-kacper-woryna","tag-lublin","tag-martin-vaculik","tag-mateusz-cierniak","tag-motor-lublin","tag-news","tag-orlen-oil-motor-lublin","tag-pge-ekstraliga","tag-pl","tag-pobandzie","tag-pobandzie-zuzel","tag-poland","tag-polish","tag-polska","tag-polski","tag-sparta-wroclaw","tag-speedway","tag-wrolub","tag-zuzel","tag-zuzel-ekstraliga","tag-zuzel-lublin","tag-zuzel-news"],"share_on_mastodon":{"url":"https:\/\/pubeurope.com\/@pl\/117071511895413965","error":""},"_links":{"self":[{"href":"https:\/\/www.europesays.com\/pl\/wp-json\/wp\/v2\/posts\/613252","targetHints":{"allow":["GET"]}}],"collection":[{"href":"https:\/\/www.europesays.com\/pl\/wp-json\/wp\/v2\/posts"}],"about":[{"href":"https:\/\/www.europesays.com\/pl\/wp-json\/wp\/v2\/types\/post"}],"author":[{"embeddable":true,"href":"https:\/\/www.europesays.com\/pl\/wp-json\/wp\/v2\/users\/2"}],"replies":[{"embeddable":true,"href":"https:\/\/www.europesays.com\/pl\/wp-json\/wp\/v2\/comments?post=613252"}],"version-history":[{"count":0,"href":"https:\/\/www.europesays.com\/pl\/wp-json\/wp\/v2\/posts\/613252\/revisions"}],"wp:featuredmedia":[{"embeddable":true,"href":"https:\/\/www.europesays.com\/pl\/wp-json\/wp\/v2\/media\/613253"}],"wp:attachment":[{"href":"https:\/\/www.europesays.com\/pl\/wp-json\/wp\/v2\/media?parent=613252"}],"wp:term":[{"taxonomy":"category","embeddable":true,"href":"https:\/\/www.europesays.com\/pl\/wp-json\/wp\/v2\/categories?post=613252"},{"taxonomy":"post_tag","embeddable":true,"href":"https:\/\/www.europesays.com\/pl\/wp-json\/wp\/v2\/tags?post=613252"}],"curies":[{"name":"wp","href":"https:\/\/api.w.org\/{rel}","templated":true}]}}