{"id":613308,"date":"2026-08-10T14:13:13","date_gmt":"2026-08-10T14:13:13","guid":{"rendered":"https:\/\/www.europesays.com\/pl\/613308\/"},"modified":"2026-08-10T14:13:13","modified_gmt":"2026-08-10T14:13:13","slug":"podwojne-swieto-przypada-na-najblizsza-sobote-wiec-ztm-poznan-juz-w-piatek-bedzie-nieczynny","status":"publish","type":"post","link":"https:\/\/www.europesays.com\/pl\/613308\/","title":{"rendered":"Podw\u00f3jne \u015bwi\u0119to przypada na najbli\u017csz\u0105 sobot\u0119, wi\u0119c ZTM Pozna\u0144 ju\u017c w pi\u0105tek b\u0119dzie nieczynny"},"content":{"rendered":"<p>    W sobot\u0119 przypadaj\u0105 \u015bwi\u0119ta: Wniebowzi\u0119cie Naj\u015bwi\u0119tszej Maryi Panny i Wojska Polskiego.<\/p>\n<p>Jak informuje ZTM Pozna\u0144, nieczynne b\u0119d\u0105 w najbli\u017cszy pi\u0105tek Punkty i Biura Obs\u0142ugi Klienta ZTM oraz siedziba ZTM. <\/p>\n<p>&#8211; Jednocze\u015bnie przypominamy, \u017ce do\u0142adowanie tPortmonetki lub zg\u0142oszenie sprawy jest mo\u017cliwe za po\u015brednictwem portalu internetowego www.ztm.poznan.pl oraz w Aplikacji PEKA, a stan konta mo\u017cna sprawdzi\u0107 w Aplikacji PEKA lub w autobusach i tramwajach na liniach ZTM (znajduj\u0105 si\u0119 tam czytniki)- przypomina ZTM Pozna\u0144. <\/p>\n<p>Punkt Obs\u0142ugi Klienta w Rokietnicy 14 sierpnia pracuje w sta\u0142ych godzinach, natomiast POK w Tarnowie Podg\u00f3rnym b\u0119dzie nieczynny. <\/p>\n<p style=\"margin-bottom: 6px;\">Autor: <a href=\"https:\/\/epoznan.pl\/newsListAuthor-Paula Zych\" rel=\"nofollow noopener\" target=\"_blank\">Paula Zych<\/a><\/p>\n<p>Dodano: 10 sierpnia 2026 r. godz. 15:36<\/p>\n","protected":false},"excerpt":{"rendered":"W sobot\u0119 przypadaj\u0105 \u015bwi\u0119ta: Wniebowzi\u0119cie Naj\u015bwi\u0119tszej Maryi Panny i Wojska Polskiego. Jak informuje ZTM Pozna\u0144, nieczynne b\u0119d\u0105 w&hellip;\n","protected":false},"author":2,"featured_media":613309,"comment_status":"","ping_status":"","sticky":false,"template":"","format":"standard","meta":{"footnotes":"","_share_on_mastodon":"0"},"categories":[51609],"tags":[111289,15186,42,38,40,39,41,1817,5073],"class_list":["post-613308","post","type-post","status-publish","format-standard","has-post-thumbnail","category-poznan","tag-nieczynne","tag-piatek","tag-pl","tag-poland","tag-polish","tag-polska","tag-polski","tag-poznan","tag-swieto"],"share_on_mastodon":{"url":"https:\/\/pubeurope.com\/@pl\/117071630529712642","error":""},"_links":{"self":[{"href":"https:\/\/www.europesays.com\/pl\/wp-json\/wp\/v2\/posts\/613308","targetHints":{"allow":["GET"]}}],"collection":[{"href":"https:\/\/www.europesays.com\/pl\/wp-json\/wp\/v2\/posts"}],"about":[{"href":"https:\/\/www.europesays.com\/pl\/wp-json\/wp\/v2\/types\/post"}],"author":[{"embeddable":true,"href":"https:\/\/www.europesays.com\/pl\/wp-json\/wp\/v2\/users\/2"}],"replies":[{"embeddable":true,"href":"https:\/\/www.europesays.com\/pl\/wp-json\/wp\/v2\/comments?post=613308"}],"version-history":[{"count":0,"href":"https:\/\/www.europesays.com\/pl\/wp-json\/wp\/v2\/posts\/613308\/revisions"}],"wp:featuredmedia":[{"embeddable":true,"href":"https:\/\/www.europesays.com\/pl\/wp-json\/wp\/v2\/media\/613309"}],"wp:attachment":[{"href":"https:\/\/www.europesays.com\/pl\/wp-json\/wp\/v2\/media?parent=613308"}],"wp:term":[{"taxonomy":"category","embeddable":true,"href":"https:\/\/www.europesays.com\/pl\/wp-json\/wp\/v2\/categories?post=613308"},{"taxonomy":"post_tag","embeddable":true,"href":"https:\/\/www.europesays.com\/pl\/wp-json\/wp\/v2\/tags?post=613308"}],"curies":[{"name":"wp","href":"https:\/\/api.w.org\/{rel}","templated":true}]}}