{"id":613372,"date":"2026-08-10T14:53:13","date_gmt":"2026-08-10T14:53:13","guid":{"rendered":"https:\/\/www.europesays.com\/pl\/613372\/"},"modified":"2026-08-10T14:53:13","modified_gmt":"2026-08-10T14:53:13","slug":"uefa-concacaf-i-afc-zgodnie-infantino-oszukales-futbolowa-rodzine","status":"publish","type":"post","link":"https:\/\/www.europesays.com\/pl\/613372\/","title":{"rendered":"UEFA, CONCACAF i AFC zgodnie: &#8222;Infantino, oszuka\u0142e\u015b futbolow\u0105 rodzin\u0119!&#8221;"},"content":{"rendered":"<p>Szefowie europejskiej, azjatyckiej oraz\u00a0p\u00f3\u0142nocnoameryka\u0144skiej konfederacji wydali wsp\u00f3lne o\u015bwiadczenie, w\u00a0kt\u00f3rym\u00a0krytykuj\u0105 dzia\u0142ania FIFA zwi\u0105zane z\u00a0organizacj\u0105 przysz\u0142ych mundiali. W\u00a0mocnych s\u0142owach stwierdzaj\u0105, \u017ce\u00a0Gianni Infantino porzuci\u0142 obowi\u0105zek s\u0142u\u017cby na\u00a0rzecz futbolowej rodziny, kt\u00f3rej\u00a0zaufanie nadwyr\u0119\u017cy\u0142o jego oszustwo. List jest w\u0142a\u015bciwie sugesti\u0105, by\u00a0przewodnicz\u0105cy FIFA odszed\u0142 ze\u00a0stanowiska. W\u00a0marcowych wyborach mo\u017ce mie\u0107 powa\u017cne problemy z\u00a0uzyskaniem wi\u0119kszo\u015bci g\u0142os\u00f3w.<\/p>\n<p>Wsp\u00f3lny list UEFA, AFC i\u00a0CONCACAF do\u00a0Gianniego Infantino<\/p>\n<p>W\u00a0poniedzia\u0142ek trzy konfederacje pi\u0142karskie wyda\u0142y wsp\u00f3lny list otwarty do\u00a0futbolowej rodziny. O\u015bwiadczenie europejskiego, azjatyckiego i\u00a0p\u00f3\u0142nocnoameryka\u0144skiego zwi\u0105zku pi\u0142karskiego jest jednak w\u00a0rzeczywisto\u015bci skierowane do\u00a0FIFA, a\u00a0w\u0142a\u015bciwie do\u00a0jej szefa. Przekaz jest kr\u00f3tki: pr\u00f3bowa\u0142e\u015b nas oszuka\u0107, nie\u00a0masz co\u00a0liczy\u0107 na\u00a0nasze poparcie.<\/p>\n<p>List otwarty jest do\u015b\u0107 obszerny. Zaczyna si\u0119 od\u00a0odwo\u0142ania do\u00a0wsp\u00f3lnej pasji, jak\u0105 jest pi\u0142ka no\u017cna dla milion\u00f3w ludzi na\u00a0ca\u0142ym \u015bwiecie. Jednak ju\u017c w\u00a0drugim zdaniu konfederacje jasno sygnalizuj\u0105, do\u00a0kogo tak\u00a0naprawd\u0119 adresuj\u0105 swoje o\u015bwiadczenie: \u2014\u00a0Futbol nie\u00a0nale\u017cy do\u00a0\u017cadnej osoby ani instytucji.<\/p>\n<p>Autorzy doceniaj\u0105 post\u0119p dokonany w\u00a0\u015bwiatowej pi\u0142ce w\u00a0ostatnich latach, ale\u00a0podkre\u015blaj\u0105, \u017ce\u00a0nie\u00a0jest on\u00a0zas\u0142ug\u0105 wy\u0142\u0105cznie jednej osoby (w\u00a0domy\u015ble: Gianniego Infantino). Nie\u00a0wszyscy zgodz\u0105 si\u0119 z\u00a0ca\u0142\u0105 tre\u015bci\u0105 listu, bo\u00a0jako wsp\u00f3lne pozytywne osi\u0105gni\u0119cia globalnej spo\u0142eczno\u015bci wymieniane s\u0105\u00a0mi\u0119dzy innymi poszerzenie mundialu i\u00a0przyznanie jego organizacji w\u00a02034 roku Arabii Saudyjskiej. Zapewne bez\u00a0tego trudniej by\u0142oby uzyska\u0107 poparcie dla listu w\u015br\u00f3d federacji Ameryki P\u00f3\u0142nocnej i\u00a0przede wszystkim Azji.<\/p>\n<p>Sygnatariusze podkre\u015blaj\u0105, \u017ce\u00a0nie\u00a0chodzi im\u00a0o\u00a0ponowne rozpatrywanie kwestii takich jak liczba miejsc na\u00a0mundialu dla ka\u017cdego z\u00a0kontynent\u00f3w. Akceptuj\u0105 podj\u0119te ju\u017c decyzje. Wskazuj\u0105, \u017ce\u00a0ich g\u0142\u00f3wn\u0105 trosk\u0105 jest uczciwo\u015b\u0107 pi\u0142ki no\u017cnej, ale\u00a0te\u017c os\u00f3b ni\u0105 zarz\u0105dzaj\u0105cych. Podkre\u015blaj\u0105, \u017ce\u00a0ich zadaniem nie\u00a0jest utrzymywanie si\u0119 u\u00a0w\u0142adzy, tylko\u00a0s\u0142u\u017cba futbolowej rodzinie.<\/p>\n<p>S\u0142u\u017cba ko\u0144czy si\u0119 tam, gdzie w\u0142adza ucieka si\u0119 do\u00a0oszustwa, kt\u00f3re nadwyr\u0119\u017ca zaufanie, kt\u00f3rym\u00a0j\u0105\u00a0obdarzono. To\u00a0mocny fragment, cho\u0107 u\u017cyte s\u0142owo \u201edeception\u201d mo\u017cna tak\u017ce t\u0142umaczy\u0107 jako \u201epodst\u0119p\u201d. Konfederacje nie\u00a0zgadzaj\u0105 si\u0119 ze\u00a0stwierdzeniem FIFA, \u017ce\u00a0w\u00a0sprawie Forward Enterprise \u201epope\u0142niono b\u0142\u0119dy w\u00a0komunikacji\u201d. By\u0142o to\u00a0co\u015b znacznie powa\u017cniejszego \u2013 b\u0142\u0105d w\u00a0ocenie sytuacji.<\/p>\n<p>\u2013 Propozycja przedstawiona w\u00a0po\u015bpiechu, bez\u00a0merytorycznych konsultacji, bez\u00a0mo\u017cliwo\u015bci w\u0142a\u015bciwego zapoznania si\u0119 z\u00a0jej warunkami przed\u00a0up\u0142ywem terminu, nie\u00a0jest wynikiem przeoczenia \u2013 jest wynikiem zamierzonego dzia\u0142ania maj\u0105cego na\u00a0celu ograniczenie mo\u017cliwo\u015bci kontroli\u00a0\u2013 czytamy.<\/p>\n<p><img decoding=\"async\" class=\"size-medium_large wp-image-1479587 aligncenter\" src=\"https:\/\/www.europesays.com\/pl\/wp-content\/uploads\/2026\/08\/sipausa_71664370-768x512.jpg\" alt=\"\" width=\"768\" height=\"512\" loading=\"lazy\"  \/><\/p>\n<p>Mamy do\u015b\u0107. Nie\u00a0jeste\u015b jednoosobowym w\u0142adc\u0105 futbolu<\/p>\n<p>Federacje podkre\u015blaj\u0105, \u017ce\u00a0FIFA nie\u00a0uzna\u0142a swojej propozycji za\u00a0b\u0142\u0119dn\u0105. Wci\u0105\u017c natomiast uwa\u017ca, \u017ce\u00a0by\u0142 to\u00a0fantastyczny pomys\u0142, tylko\u00a0niekt\u00f3rzy nie\u00a0doro\u015bli do\u00a0tego, by\u00a0zrozumie\u0107 jego genialno\u015b\u0107\u2026<\/p>\n<p>Istotnym zarzutem jest tak\u017ce fakt, \u017ce\u00a0Infantino zobowi\u0105za\u0142 si\u0119 do\u00a0przedstawienia raportu na\u00a0temat ca\u0142ej sprawy Radzie FIFA. \u2013 Po\u00a0raz kolejny nie\u00a0dostrzeg\u0142, \u017ce\u00a0w\u0142a\u015bciwe zarz\u0105dzanie w\u00a0obliczu tak\u00a0ra\u017c\u0105cego braku rozs\u0105dku wymaga\u0142oby przeprowadzenia takiego przegl\u0105du przez\u00a0w\u00a0pe\u0142ni niezale\u017cn\u0105 stron\u0119 trzeci\u0105, a\u00a0nie\u00a0przez\u00a0sam\u0105 FIFA i\u00a0jej pracownik\u00f3w.<\/p>\n<p>\u2014Nie\u00a0jest to\u00a0zachowanie stra\u017cnika futbolu, tylko\u00a0kogo\u015b, kto uwa\u017ca, \u017ce\u00a0to\u00a0jest on\u00a0mu\u00a0podleg\u0142y \u2013 tak\u00a0w\u00a0li\u015bcie oceniono fakt, \u017ce\u00a0w\u00a0ostatnim spotkaniu w\u00a0Maroku nie\u00a0wzi\u0105\u0142 udzia\u0142u ca\u0142y Komitet Zarz\u0105dzaj\u0105cy FIFA, a\u00a0jedynie wybrani jego cz\u0142onkowie.<\/p>\n<p>\u2013 Tam, gdzie powinna by\u0107 odpowiedzialno\u015b\u0107, panuje milczenie, a\u00a0tam, gdzie powinna by\u0107 otwarto\u015b\u0107, panuje dystans. Nie\u00a0s\u0105\u00a0to\u00a0cechy, na\u00a0jakie zas\u0142uguje pi\u0142ka no\u017cna w\u015br\u00f3d swoich lider\u00f3w. Dlatego zaj\u0119li\u015bmy takie stanowisko: nie\u00a0pochopnie i\u00a0nie\u00a0samodzielnie, ale\u00a0wsp\u00f3lnie, z\u00a0poczucia obowi\u0105zku wobec pi\u0142ki no\u017cnej, kt\u00f3rej\u00a0s\u0142u\u017cymy.<\/p>\n<p>Komentatorzy wskazuj\u0105, \u017ce\u00a0list jest w\u00a0istocie wezwaniem do\u00a0Infantino, aby wykorzysta\u0142 ostatni\u0105 okazj\u0119 do\u00a0odej\u015bcia z\u00a0cho\u0107by odrobin\u0105 godno\u015bci. Tak\u00a0mocny g\u0142os sprzeciwu ze\u00a0strony trzech kontynent\u00f3w podaje w\u00a0w\u0105tpliwo\u015b\u0107 szanse Szwajcara na\u00a0reelekcj\u0119 w\u00a0marcowych wyborach. Brak podpis\u00f3w szef\u00f3w konfederacji po\u0142udniowoameryka\u0144skiej i\u00a0afryka\u0144skiej jest dowodem na\u00a0to, o\u00a0czym m\u00f3wi si\u0119 od\u00a0pewnego czasu: te\u00a0dwa regiony s\u0105\u00a0sk\u0142onne, by\u00a0poprze\u0107 powt\u00f3rny wyb\u00f3r Infantino. Bez\u00a0Azji nie\u00a0maj\u0105 jednak wystarczaj\u0105co du\u017co szabel.<\/p>\n<p>Fot.\u00a0Newspix.pl\u00a0<\/p>\n","protected":false},"excerpt":{"rendered":"Szefowie europejskiej, azjatyckiej oraz\u00a0p\u00f3\u0142nocnoameryka\u0144skiej konfederacji wydali wsp\u00f3lne o\u015bwiadczenie, w\u00a0kt\u00f3rym\u00a0krytykuj\u0105 dzia\u0142ania FIFA zwi\u0105zane z\u00a0organizacj\u0105 przysz\u0142ych mundiali. W\u00a0mocnych s\u0142owach stwierdzaj\u0105,&hellip;\n","protected":false},"author":2,"featured_media":613373,"comment_status":"","ping_status":"","sticky":false,"template":"","format":"standard","meta":{"footnotes":"","_share_on_mastodon":"0"},"categories":[24],"tags":[121156,117725,1285,5116,42,38,40,39,41,127,126,3098],"class_list":["post-613372","post","type-post","status-publish","format-standard","has-post-thumbnail","category-sport","tag-afc","tag-concacaf","tag-fifa","tag-gianni-infantino","tag-pl","tag-poland","tag-polish","tag-polska","tag-polski","tag-sport","tag-sports","tag-uefa"],"share_on_mastodon":{"url":"https:\/\/pubeurope.com\/@pl\/117071788154948354","error":""},"_links":{"self":[{"href":"https:\/\/www.europesays.com\/pl\/wp-json\/wp\/v2\/posts\/613372","targetHints":{"allow":["GET"]}}],"collection":[{"href":"https:\/\/www.europesays.com\/pl\/wp-json\/wp\/v2\/posts"}],"about":[{"href":"https:\/\/www.europesays.com\/pl\/wp-json\/wp\/v2\/types\/post"}],"author":[{"embeddable":true,"href":"https:\/\/www.europesays.com\/pl\/wp-json\/wp\/v2\/users\/2"}],"replies":[{"embeddable":true,"href":"https:\/\/www.europesays.com\/pl\/wp-json\/wp\/v2\/comments?post=613372"}],"version-history":[{"count":0,"href":"https:\/\/www.europesays.com\/pl\/wp-json\/wp\/v2\/posts\/613372\/revisions"}],"wp:featuredmedia":[{"embeddable":true,"href":"https:\/\/www.europesays.com\/pl\/wp-json\/wp\/v2\/media\/613373"}],"wp:attachment":[{"href":"https:\/\/www.europesays.com\/pl\/wp-json\/wp\/v2\/media?parent=613372"}],"wp:term":[{"taxonomy":"category","embeddable":true,"href":"https:\/\/www.europesays.com\/pl\/wp-json\/wp\/v2\/categories?post=613372"},{"taxonomy":"post_tag","embeddable":true,"href":"https:\/\/www.europesays.com\/pl\/wp-json\/wp\/v2\/tags?post=613372"}],"curies":[{"name":"wp","href":"https:\/\/api.w.org\/{rel}","templated":true}]}}