{"id":613388,"date":"2026-08-10T15:01:14","date_gmt":"2026-08-10T15:01:14","guid":{"rendered":"https:\/\/www.europesays.com\/pl\/613388\/"},"modified":"2026-08-10T15:01:14","modified_gmt":"2026-08-10T15:01:14","slug":"nocny-zakaz-sprzedazy-alkoholu-w-polsce-decyzja-karola-nawrockiego","status":"publish","type":"post","link":"https:\/\/www.europesays.com\/pl\/613388\/","title":{"rendered":"Nocny zakaz sprzeda\u017cy alkoholu w Polsce. Decyzja Karola Nawrockiego"},"content":{"rendered":"<p>O ponadpartyjnym porozumieniu w sprawie nocnej sprzeda\u017cy alkoholu w Polsce poinformowa\u0142a w poniedzia\u0142ek wiceszefowa sejmowej komisji zdrowia Wioleta Tomczak z Polski 2050.<\/p>\n<p>Projekt poprze\u0107 mia\u0142o m.in. Prawo i Sprawiedliwo\u015b\u0107, a po uwzgl\u0119dnieniu jego poprawek przepisy mia\u0142 zaakceptowa\u0107 tak\u017ce Karol Nawrocki. \u2014 Prezydent odni\u00f3s\u0142 si\u0119 bardzo pozytywnie do potrzeby wzmocnienia polityki antyalkoholowej w naszym kraju \u2014 opisa\u0142a w Sejmie Wioleta Tomczak.<\/p>\n<p>Dalszy ci\u0105g artyku\u0142u pod materia\u0142em wideoNocna prohibicja w ca\u0142ej Polsce. Wyj\u0105tkiem stacje benzynowe<\/p>\n<p>Przepisy zak\u0142adaj\u0105 wprowadzenie zakazu sprzeda\u017cy alkoholu od godz. 22 do godz. 6 w ca\u0142ym kraju. Wyj\u0105tkiem maj\u0105 by\u0107 stacje paliw \u2014 na obj\u0119cie ich przepisami nie zgodzi\u0142a si\u0119 cz\u0119\u015b\u0107 koalicjant\u00f3w, opozycja, a tak\u017ce prezydent. Alkohol noc\u0105 b\u0119dzie mo\u017cna dosta\u0107 tak\u017ce w klubach, barach i restauracjach.<\/p>\n<p>Projekt jest obecnie po pierwszym czytaniu w Sejmie. Na tym samym etapie s\u0105 tak\u017ce projekty wprowadzaj\u0105ce ca\u0142kowity zakaz reklamy i promocji alkoholu, w tym piwa bezalkoholowego.<\/p>\n<p>Do tej pory nocne zakazy sprzeda\u017cy alkoholu wprowadzi\u0142y samorz\u0105dy w Warszawie, Krakowie, Gda\u0144sku, Szczecinie i Lublinie. Podobne przepisy, ale obejmuj\u0105ce tylko centra miast, obowi\u0105zuj\u0105 w Poznaniu, Wroc\u0142awiu, Rzeszowie, Katowicach, Bielsko-Bia\u0142ej czy Kielcach.<\/p>\n","protected":false},"excerpt":{"rendered":"O ponadpartyjnym porozumieniu w sprawie nocnej sprzeda\u017cy alkoholu w Polsce poinformowa\u0142a w poniedzia\u0142ek wiceszefowa sejmowej komisji zdrowia Wioleta&hellip;\n","protected":false},"author":2,"featured_media":613389,"comment_status":"","ping_status":"","sticky":false,"template":"","format":"standard","meta":{"footnotes":"","_share_on_mastodon":"0"},"categories":[62712],"tags":[906,61195,690,43,49,48,2473,46,529,47,423],"class_list":["post-613388","post","type-post","status-publish","format-standard","has-post-thumbnail","category-karol-nawrocki","tag-alkohol","tag-bottomfeed_styl","tag-karol-nawrocki","tag-karol_nawrocki","tag-kraj","tag-nat_styl","tag-nocna_prohibicja","tag-omp","tag-pis","tag-screening_general","tag-sejm"],"share_on_mastodon":{"url":"https:\/\/pubeurope.com\/@pl\/117071818446503391","error":""},"_links":{"self":[{"href":"https:\/\/www.europesays.com\/pl\/wp-json\/wp\/v2\/posts\/613388","targetHints":{"allow":["GET"]}}],"collection":[{"href":"https:\/\/www.europesays.com\/pl\/wp-json\/wp\/v2\/posts"}],"about":[{"href":"https:\/\/www.europesays.com\/pl\/wp-json\/wp\/v2\/types\/post"}],"author":[{"embeddable":true,"href":"https:\/\/www.europesays.com\/pl\/wp-json\/wp\/v2\/users\/2"}],"replies":[{"embeddable":true,"href":"https:\/\/www.europesays.com\/pl\/wp-json\/wp\/v2\/comments?post=613388"}],"version-history":[{"count":0,"href":"https:\/\/www.europesays.com\/pl\/wp-json\/wp\/v2\/posts\/613388\/revisions"}],"wp:featuredmedia":[{"embeddable":true,"href":"https:\/\/www.europesays.com\/pl\/wp-json\/wp\/v2\/media\/613389"}],"wp:attachment":[{"href":"https:\/\/www.europesays.com\/pl\/wp-json\/wp\/v2\/media?parent=613388"}],"wp:term":[{"taxonomy":"category","embeddable":true,"href":"https:\/\/www.europesays.com\/pl\/wp-json\/wp\/v2\/categories?post=613388"},{"taxonomy":"post_tag","embeddable":true,"href":"https:\/\/www.europesays.com\/pl\/wp-json\/wp\/v2\/tags?post=613388"}],"curies":[{"name":"wp","href":"https:\/\/api.w.org\/{rel}","templated":true}]}}