{"id":613444,"date":"2026-08-10T15:35:14","date_gmt":"2026-08-10T15:35:14","guid":{"rendered":"https:\/\/www.europesays.com\/pl\/613444\/"},"modified":"2026-08-10T15:35:14","modified_gmt":"2026-08-10T15:35:14","slug":"robert-nowakowski-nowym-zastepca-komendanta-wojewodzkiego-policji-w-bialymstoku","status":"publish","type":"post","link":"https:\/\/www.europesays.com\/pl\/613444\/","title":{"rendered":"Robert Nowakowski nowym zast\u0119pc\u0105 komendanta wojew\u00f3dzkiego policji w Bia\u0142ymstoku"},"content":{"rendered":"\n<p>            <img decoding=\"async\" class=\"art-figimg\" src=\"https:\/\/www.europesays.com\/pl\/wp-content\/uploads\/2026\/08\/150339-e.jpg\" width=\"375\" height=\"250\" alt=\"Robert Nowakowski nowym zast\u0119pc\u0105 komendanta wojew\u00f3dzkiego policji w Bia\u0142ymstoku\" loading=\"lazy\" fetchpriority=\"high\"\/><br \/>\n            Fot: Policja Podlaska <\/p>\n<p class=\"art-lid\">M\u0142. insp. Robert Nowakowski od poniedzia\u0142ku (10 sierpnia) pe\u0142ni obowi\u0105zki zast\u0119pcy Komendanta Wojew\u00f3dzkiego Policji w Bia\u0142ymstoku. Do podlaskiego garnizonu przyszed\u0142 z Sierpca, gdzie od stycznia tego roku by\u0142 komendantem powiatowym.<\/p>\n<p class=\"art-cont\">Podczas uroczysto\u015bci w Oddziale Prewencji Policji w Bia\u0142ymstoku m\u0142. insp. Robert Nowakowski oficjalnie obj\u0105\u0142 nowe obowi\u0105zki. Wprowadzenia dokona\u0142 komendant wojew\u00f3dzki insp. Mariusz Kryszkowski.<\/p>\n<p>Nowakowski s\u0142u\u017cy w Policji od 16 czerwca 1994 roku. Karier\u0119 rozpocz\u0105\u0142 jako aplikant Batalionu Patrolowo-Interwencyjnego Komendy Sto\u0142ecznej Policji. Przez pierwsze 10 lat pracowa\u0142 w pionie prewencyjnym.<\/p>\n<p>W grudniu 2004 roku przeszed\u0142 do pionu kryminalnego. W p\u0142ockiej sekcji Wydzia\u0142u do Walki z Korupcj\u0105 Komendy Wojew\u00f3dzkiej Policji z siedzib\u0105 w Radomiu zajmowa\u0142 stanowiska wykonawcze.<\/p>\n<p>W 2014 roku zosta\u0142 naczelnikiem Wydzia\u0142u Ruchu Drogowego Komendy Miejskiej Policji w P\u0142ocku. P\u00f3\u017aniej obj\u0105\u0142 stanowisko Zast\u0119pcy Komendanta Miejskiego Policji w P\u0142ocku. W 2020 roku zosta\u0142 I Zast\u0119pc\u0105 Komendanta Miejskiego Policji w P\u0142ocku.<\/p>\n<p>16 stycznia 2026 roku rozpocz\u0105\u0142 pe\u0142nienie obowi\u0105zk\u00f3w Komendanta Powiatowego Policji w Sierpcu. Teraz b\u0119dzie pracowa\u0142 w Komendzie Wojew\u00f3dzkiej Policji w Bia\u0142ymstoku jako jej zast\u0119pca.<\/p>\n<p>W uroczysto\u015bci uczestniczyli mi\u0119dzy innymi komendanci miejscy i powiatowi podlaskiego garnizonu, kadra kierownicza Komendy Wojew\u00f3dzkiej Policji oraz naczelnicy zarz\u0105d\u00f3w Centralnego Biura \u015aledczego Policji, Biura Spraw Wewn\u0119trznych Policji i Centralnego Biura Zwalczania Cyberprzest\u0119pczo\u015bci.<\/p>\n<p>W Oddziale Prewencji Policji pojawili si\u0119 r\u00f3wnie\u017c przedstawiciele zwi\u0105zk\u00f3w zawodowych, kapelani podlaskiej policji, kierownicy i koordynatorzy kom\u00f3rek organizacyjnych Komendy Wojew\u00f3dzkiej Policji oraz pracownicy Policji.<\/p>\n<p>M\u0142. insp. Robert Nowakowski ma 32-letni sta\u017c s\u0142u\u017cby. Zosta\u0142 odznaczony mi\u0119dzy innymi Srebrnym Medalem \u201eZa D\u0142ugoletni\u0105 S\u0142u\u017cb\u0119\u201d oraz Br\u0105zow\u0105 Odznak\u0105 \u201eZas\u0142u\u017cony Policjant\u201d.<\/p>\n<p class=\"art-autimg\">\n<p>                            <img decoding=\"async\" class=\"art-autimgi\" src=\"https:\/\/www.europesays.com\/pl\/wp-content\/uploads\/2026\/08\/1786376114_681_avatar_1x.jpg\" alt=\"Diana Rusi\u0142owicz\" width=\"64\" height=\"64\" loading=\"lazy\"\/><\/p>\n<p class=\"art-autname\">Diana Rusi\u0142owicz<\/p>\n<p>24@bialystokonline.pl<\/p>\n<p>Przeczytaj tak\u017ce<\/p>\n<p>&#13;<br \/>\n&#13;<br \/>\n&#13;<br \/>\n<img loading=\"lazy\" decoding=\"async\" src=\"https:\/\/www.europesays.com\/pl\/wp-content\/uploads\/2026\/08\/1786376114_672_adlog.gif\" width=\"0\" height=\"0\" alt=\"\" style=\"width: 0px; height: 0px;\"\/><\/p>\n<p>Popularne dzisiaj<\/p>\n","protected":false},"excerpt":{"rendered":"Fot: Policja Podlaska M\u0142. insp. Robert Nowakowski od poniedzia\u0142ku (10 sierpnia) pe\u0142ni obowi\u0105zki zast\u0119pcy Komendanta Wojew\u00f3dzkiego Policji w&hellip;\n","protected":false},"author":2,"featured_media":613445,"comment_status":"","ping_status":"","sticky":false,"template":"","format":"standard","meta":{"footnotes":"","_share_on_mastodon":"0"},"categories":[51614],"tags":[2151,51731,113,51730,3754,51738,51735,4041,1096,1089,399,17334,51736,2921,3840,51734,8736,1232,120,121161,121160,7116,17265,19285,42,5083,38,414,52007,40,39,41,6309,1756,8815,65332,121159,38950,123,800,4278,1323,51737,2879,253],"class_list":["post-613444","post","type-post","status-publish","format-standard","has-post-thumbnail","category-bialystok","tag-bialystok","tag-bialystokonline","tag-biznes","tag-bstok","tag-dom","tag-drobne","tag-firm","tag-firmy","tag-hotele","tag-imprezy","tag-informacje","tag-katalog","tag-kina","tag-koncert","tag-lokale","tag-miejski","tag-mieszkanie","tag-motoryzacja","tag-nauka","tag-nowakowskiaktualnosci","tag-nowy-zastepca-komendanta","tag-ogloszenia","tag-on-line","tag-online","tag-pl","tag-podlasie","tag-poland","tag-policja","tag-policja-podlaska","tag-polish","tag-polska","tag-polski","tag-portal","tag-praca","tag-repertuar","tag-robert","tag-robert-nowakowski-nowym-zastepca-komendanta-wojewodzkiego-policji-w-bialymstoku","tag-rozklad","tag-rozrywka","tag-teatr","tag-turystyka","tag-uroda","tag-urzedy","tag-zakupy","tag-zdrowie"],"share_on_mastodon":{"url":"","error":"Validation failed: Text character limit of 500 exceeded"},"_links":{"self":[{"href":"https:\/\/www.europesays.com\/pl\/wp-json\/wp\/v2\/posts\/613444","targetHints":{"allow":["GET"]}}],"collection":[{"href":"https:\/\/www.europesays.com\/pl\/wp-json\/wp\/v2\/posts"}],"about":[{"href":"https:\/\/www.europesays.com\/pl\/wp-json\/wp\/v2\/types\/post"}],"author":[{"embeddable":true,"href":"https:\/\/www.europesays.com\/pl\/wp-json\/wp\/v2\/users\/2"}],"replies":[{"embeddable":true,"href":"https:\/\/www.europesays.com\/pl\/wp-json\/wp\/v2\/comments?post=613444"}],"version-history":[{"count":0,"href":"https:\/\/www.europesays.com\/pl\/wp-json\/wp\/v2\/posts\/613444\/revisions"}],"wp:featuredmedia":[{"embeddable":true,"href":"https:\/\/www.europesays.com\/pl\/wp-json\/wp\/v2\/media\/613445"}],"wp:attachment":[{"href":"https:\/\/www.europesays.com\/pl\/wp-json\/wp\/v2\/media?parent=613444"}],"wp:term":[{"taxonomy":"category","embeddable":true,"href":"https:\/\/www.europesays.com\/pl\/wp-json\/wp\/v2\/categories?post=613444"},{"taxonomy":"post_tag","embeddable":true,"href":"https:\/\/www.europesays.com\/pl\/wp-json\/wp\/v2\/tags?post=613444"}],"curies":[{"name":"wp","href":"https:\/\/api.w.org\/{rel}","templated":true}]}}