{"id":613734,"date":"2026-08-10T18:36:30","date_gmt":"2026-08-10T18:36:30","guid":{"rendered":"https:\/\/www.europesays.com\/pl\/613734\/"},"modified":"2026-08-10T18:36:30","modified_gmt":"2026-08-10T18:36:30","slug":"sledztwo-w-sprawie-viktora-orbana-padly-dwie-zaskakujace-instytucje","status":"publish","type":"post","link":"https:\/\/www.europesays.com\/pl\/613734\/","title":{"rendered":"\u015aledztwo w sprawie Viktora Orbana. Pad\u0142y dwie zaskakuj\u0105ce instytucje"},"content":{"rendered":"<p>By\u0142y premier omawia\u0142 z kierownictwem Mi\u0119dzynarodowej Federacji Pi\u0142ki No\u017cnej (FIFA) kwesti\u0119 obj\u0119cia funkcji w tej organizacji. Istniej\u0105 r\u00f3wnie\u017c przes\u0142anki wskazuj\u0105ce, \u017ce Orban mo\u017ce zabiega\u0107 o stanowisko zast\u0119pcy sekretarza generalnego ONZ \u2014 informuje Panyi, powo\u0142uj\u0105c si\u0119 na rozmowy z w\u0119gierskimi dyplomatami i urz\u0119dnikami.<\/p>\n<p>Dalszy ci\u0105g artyku\u0142u pod materia\u0142em wideoDziennikarz \u015bledczy: Orban ubiega si\u0119 o stanowisko w FIFA lub ONZ<\/p>\n<p>\u2014 Uznawszy w ostatnich miesi\u0105cach, \u017ce jego kariera w krajowej polityce dobieg\u0142a ko\u0144ca, by\u0142y premier rozwa\u017ca wycofanie si\u0119 z kraju \u2014 stwierdza dziennikarz. Przypomina, \u017ce ju\u017c wcze\u015bniej pisa\u0142 o mo\u017cliwo\u015bci pomocy, jakiej Orbanowi mog\u0105 pr\u00f3bowa\u0107 udzieli\u0107 jego ameryka\u0144scy sojusznicy. Wed\u0142ug informacji dziennikarza by\u0142emu premierowi najbardziej zale\u017cy na stanowisku zast\u0119pcy sekretarza generalnego ONZ.<\/p>\n<p>Panyi skontaktowa\u0142 si\u0119 w sprawie tych doniesie\u0144 z parti\u0105 by\u0142ego premiera \u2014 Fideszem. Jej rzecznik, Bertalan Havasi, napisa\u0142, \u017ce to &#8222;fake news&#8221;.<\/p>\n<p>&#8222;Na pierwszy rzut oka te dwie opcje \u2014 FIFA i ONZ \u2014 wydaj\u0105 si\u0119 zupe\u0142nie r\u00f3\u017cne: jedna wi\u0105\u017ce si\u0119 z wieloletni\u0105 pasj\u0105 Orbana, jak\u0105 jest pi\u0142ka no\u017cna, podczas gdy druga dotyczy jednej z najwa\u017cniejszych organizacji mi\u0119dzynarodowych na \u015bwiecie. \u0141\u0105czy je jednak to, \u017ce oferowa\u0142yby by\u0142emu premierowi szans\u0119 na kontynuowanie kariery na arenie mi\u0119dzynarodowej oraz zachowanie statusu (&#8230;), do kt\u00f3rego przywyk\u0142 w ci\u0105gu ponad p\u00f3\u0142torej dekady sprawowania w\u0142adzy&#8221; \u2014 zauwa\u017ca dziennikarz.<\/p>\n<p>\u2014 Wysokie stanowisko w strukturach FIFA, na przyk\u0142ad funkcja wiceprzewodnicz\u0105cego, zapewni\u0142oby presti\u017c i miejsce w \u015bcis\u0142ym kierownictwie \u015bwiatowego futbolu, ale nie wi\u0105za\u0142oby si\u0119 z immunitetem dyplomatycznym \u2014 doda\u0142 Panyi. \u2014 Z kolei obj\u0119cie odpowiednio wysokiego stanowiska w ONZ mog\u0142oby wi\u0105za\u0107 si\u0119 z przywilejami i immunitetami zapewniaj\u0105cymi mu znaczn\u0105 ochron\u0119 prawn\u0105, przynajmniej poza granicami kraju \u2014 podkre\u015bli\u0142 Panyi.<\/p>\n<p>Po 16 latach nieprzerwanych rz\u0105d\u00f3w ugrupowanie Viktora Orbana wyra\u017anie przegra\u0142o w kwietniu z parti\u0105 obecnego premiera Petera Magyara, Tisza, kt\u00f3ra zdoby\u0142a w parlamencie 141 z 199 mandat\u00f3w, zapewniaj\u0105c sobie wi\u0119kszo\u015b\u0107 konstytucyjn\u0105. Orban zrzek\u0142 si\u0119 nast\u0119pnie mandatu poselskiego, jednak pozosta\u0142 przewodnicz\u0105cym najwi\u0119kszej obecnie w kraju partii opozycyjnej.<\/p>\n<p>Z Budapesztu \u2014 Jakub Bawo\u0142ek<\/p>\n<p>\u0179r\u00f3d\u0142o informacji: Polska Agencja Prasowa<\/p>\n","protected":false},"excerpt":{"rendered":"By\u0142y premier omawia\u0142 z kierownictwem Mi\u0119dzynarodowej Federacji Pi\u0142ki No\u017cnej (FIFA) kwesti\u0119 obj\u0119cia funkcji w tej organizacji. Istniej\u0105 r\u00f3wnie\u017c&hellip;\n","protected":false},"author":2,"featured_media":613735,"comment_status":"","ping_status":"","sticky":false,"template":"","format":"standard","meta":{"footnotes":"","_share_on_mastodon":"0"},"categories":[52122],"tags":[61195,1285,48,46,948,6010,752,42,38,40,39,41,47,8515,2670,130],"class_list":["post-613734","post","type-post","status-publish","format-standard","has-post-thumbnail","category-pko-bank-polski","tag-bottomfeed_styl","tag-fifa","tag-nat_styl","tag-omp","tag-pilka_nozna","tag-pko-bank-polski","tag-pko-bp","tag-pl","tag-poland","tag-polish","tag-polska","tag-polski","tag-screening_general","tag-victor_orban","tag-wegry","tag-wiadomosci_sportowe"],"share_on_mastodon":{"url":"https:\/\/pubeurope.com\/@pl\/117072663840744239","error":""},"_links":{"self":[{"href":"https:\/\/www.europesays.com\/pl\/wp-json\/wp\/v2\/posts\/613734","targetHints":{"allow":["GET"]}}],"collection":[{"href":"https:\/\/www.europesays.com\/pl\/wp-json\/wp\/v2\/posts"}],"about":[{"href":"https:\/\/www.europesays.com\/pl\/wp-json\/wp\/v2\/types\/post"}],"author":[{"embeddable":true,"href":"https:\/\/www.europesays.com\/pl\/wp-json\/wp\/v2\/users\/2"}],"replies":[{"embeddable":true,"href":"https:\/\/www.europesays.com\/pl\/wp-json\/wp\/v2\/comments?post=613734"}],"version-history":[{"count":0,"href":"https:\/\/www.europesays.com\/pl\/wp-json\/wp\/v2\/posts\/613734\/revisions"}],"wp:featuredmedia":[{"embeddable":true,"href":"https:\/\/www.europesays.com\/pl\/wp-json\/wp\/v2\/media\/613735"}],"wp:attachment":[{"href":"https:\/\/www.europesays.com\/pl\/wp-json\/wp\/v2\/media?parent=613734"}],"wp:term":[{"taxonomy":"category","embeddable":true,"href":"https:\/\/www.europesays.com\/pl\/wp-json\/wp\/v2\/categories?post=613734"},{"taxonomy":"post_tag","embeddable":true,"href":"https:\/\/www.europesays.com\/pl\/wp-json\/wp\/v2\/tags?post=613734"}],"curies":[{"name":"wp","href":"https:\/\/api.w.org\/{rel}","templated":true}]}}