{"id":613736,"date":"2026-08-10T18:37:17","date_gmt":"2026-08-10T18:37:17","guid":{"rendered":"https:\/\/www.europesays.com\/pl\/613736\/"},"modified":"2026-08-10T18:37:17","modified_gmt":"2026-08-10T18:37:17","slug":"mocne-slowa-menedzera-orlen-oil-motoru-lublin-sytuacja-jest-diabelnie-trudna","status":"publish","type":"post","link":"https:\/\/www.europesays.com\/pl\/613736\/","title":{"rendered":"Mocne s\u0142owa mened\u017cera Orlen Oil Motoru Lublin. &#8222;Sytuacja jest diabelnie trudna&#8221;"},"content":{"rendered":"<p style=\"text-align: justify;\">\u2013 Jak si\u0119 ma dw\u00f3ch zawodnik\u00f3w, kt\u00f3rzy je\u017cd\u017c\u0105 na poziomie ekstraligowym, to trudno my\u015ble\u0107 nie tylko o wygraniu meczu, ale te\u017c o obronie punktu bonusowego. Patrz\u0105c na niedzielne spotkanie, na swoim poziomie pojechali tylko Bartosz Zmarzlik i Fredrik Lindgren. &#8222;Fredka&#8221; mo\u017ce pojecha\u0142 nawet troch\u0119 lepiej, ni\u017c si\u0119 spodziewali\u015bmy. Wiemy, \u017ce zmaga si\u0119 z nie do ko\u0144ca wyleczon\u0105 kontuzj\u0105, ale pokaza\u0142 du\u017cy hart ducha, ch\u0119\u0107 walki. Kilku \u017cu\u017clowc\u00f3w niestety troch\u0119 zawiod\u0142o, co wida\u0107 po zdobyczach punktowych. Trener Piotr Protasiewicz z Betard Sparty powiedzia\u0142, \u017ce takie mecze w czo\u0142\u00f3wce zdarzaj\u0105 si\u0119 raz na kilka lat. Nam niestety zdarzy\u0142 si\u0119 po raz drugi w tym sezonie \u2013 powiedzia\u0142 w pomeczowej mixzonie Zi\u00f3\u0142kowski, przypominaj\u0105c o czerwcowej kl\u0119sce z toru\u0144skimi &#8222;Anio\u0142ami&#8221; a\u017c 29:61.<\/p>\n<p style=\"text-align: justify;\">Pod koniec niedzielnego meczu notuj\u0105cy s\u0142aby wyst\u0119p Martin Vaculik przyzna\u0142 w telewizyjnej rozmowie, \u017ce &#8222;rywale odjechali ustawieniami, a my b\u0142\u0105dzili\u015bmy ca\u0142y mecz&#8221;. Czy Zi\u00f3\u0142kowski zgadza\u0142 si\u0119 z t\u0105 opini\u0105 s\u0142owackiego \u017cu\u017clowca? \u2013 Ca\u0142y \u017cu\u017cel to kwestia ustawie\u0144. Wszystkie mecze. \u017bu\u017clowiec ma jakie\u015b do\u015bwiadczenie, \u017ceby te ustawienia odpowiednio dobra\u0142. Niestety, naszym zawodnikom to si\u0119 we Wroc\u0142awiu nie udawa\u0142o. Poza pr\u0119dko\u015bci\u0105, od pocz\u0105tku zawod\u00f3w kilkakrotnie tracili\u015bmy punkty z powodu pope\u0142nianych b\u0142\u0119d\u00f3w. Ju\u017c w pierwszej serii stracili\u015bmy w ten spos\u00f3b dwa czy trzy oczka \u2013 stwierdzi\u0142 mened\u017cer wci\u0105\u017c aktualnych wicemistrz\u00f3w Polski.<\/p>\n<p style=\"text-align: justify;\">Po 12 kolejkach obecnego sezonu lubelski zesp\u00f3\u0142 zajmuje czwarte miejsce w tabeli z bilansem siedmiu zwyci\u0119stw i pi\u0119ciu pora\u017cek. Do ko\u0144ca zasadniczej cz\u0119\u015bci rozgrywek podopieczni trenera Macieja Kuciapy pojad\u0105 jeszcze w dw\u00f3ch konfrontacjach. Najbli\u017csza czeka ich w niedziel\u0119. Na stadion przy Alejach Zygmuntowskich przyjedzie w\u00f3wczas Fogo Unia Leszno. Natomiast 21 sierpnia &#8222;Kozio\u0142ki&#8221; zmierz\u0105 si\u0119 w delegacji z Bayersystem GKM-em Grudzi\u0105dz. W fazie play-off wezm\u0105 udzia\u0142 cztery najlepsze ekipy po rywalizacji zasadniczej. Plasuj\u0105cy si\u0119 na pi\u0105tej lokacie w tabeli grudzi\u0105dzanie trac\u0105 obecnie do Orlen Oil Motoru trzy punkty. Warto prz tym podkre\u015bli\u0107, \u017ce 29 maja dru\u017cyna z Lublina niespodziewanie uleg\u0142a u siebie GKM-owi.<\/p>\n<p style=\"text-align: justify;\">Czy w szeregach srebrnych medalist\u00f3w poprzedniego sezonu pojawi\u0142 si\u0119 koncept zak\u0142adaj\u0105cy, jak w kr\u00f3tkim czasie poprawi\u0107 dyspozycj\u0119 zespo\u0142u? \u2013 Trudno m\u00f3wi\u0107 o planie naprawczym. Trzeba wygra\u0107 z Uni\u0105 Leszno i przynajmniej zremisowa\u0107 w Grudzi\u0105dzu. Zrobimy wszystko, \u017ceby wywalczy\u0107 awans do czo\u0142owej czw\u00f3rki, cho\u0107 nie ukrywam, \u017ce sytuacja jest diabelnie trudna. Z tak\u0105 postaw\u0105 jak we Wroc\u0142awiu trudno b\u0119dzie osi\u0105gn\u0105\u0107 zwyci\u0119stwo albo remis z grudzi\u0105dzanami. Jednak, jak m\u00f3wi\u0105 w slangu pi\u0142karskim, &#8222;dop\u00f3ki pi\u0142ka w grze, walczymy dalej&#8221;. Mamy takich, a nie innych zawodnik\u00f3w i \u017cadnych nowych nie zakontraktujemy. Je\u017celi nasi \u017cu\u017clowcy my\u015bl\u0105 o wi\u0119kszej liczbie mecz\u00f3w i je\u017adzie w pierwszej czw\u00f3rce, to musz\u0105 spi\u0105\u0107 po\u015bladki i pojecha\u0107 tak, \u017ceby zdoby\u0107 minimum 45 punkt\u00f3w na wyje\u017adzie z Bayersystem GKM-em oraz 47 oczek z &#8222;Bykami&#8221; w Lublinie \u2013 zako\u0144czy\u0142 Zi\u00f3\u0142kowski.<\/p>\n<p style=\"text-align: justify;\">Wspomniane ju\u017c starcie z Fogo Uni\u0105 zaplanowano 16 sierpnia. Jego pocz\u0105tek wyznaczono na godzin\u0119 17:00. Lublinianie chc\u0105 w tej konfrontacji wzi\u0105\u0107 rewan\u017c za majow\u0105 pora\u017ck\u0119 44:46 w Lesznie.<\/p>\n","protected":false},"excerpt":{"rendered":"\u2013 Jak si\u0119 ma dw\u00f3ch zawodnik\u00f3w, kt\u00f3rzy je\u017cd\u017c\u0105 na poziomie ekstraligowym, to trudno my\u015ble\u0107 nie tylko o wygraniu&hellip;\n","protected":false},"author":2,"featured_media":613737,"comment_status":"","ping_status":"","sticky":false,"template":"","format":"standard","meta":{"footnotes":"","_share_on_mastodon":"0"},"categories":[52097],"tags":[6823,774,2164,1334,42,38,40,39,41],"class_list":["post-613736","post","type-post","status-publish","format-standard","has-post-thumbnail","category-orlen","tag-jacek-ziolkowski","tag-orlen","tag-orlen-oil-motor-lublin","tag-pge-ekstraliga","tag-pl","tag-poland","tag-polish","tag-polska","tag-polski"],"share_on_mastodon":{"url":"https:\/\/pubeurope.com\/@pl\/117072667785561564","error":""},"_links":{"self":[{"href":"https:\/\/www.europesays.com\/pl\/wp-json\/wp\/v2\/posts\/613736","targetHints":{"allow":["GET"]}}],"collection":[{"href":"https:\/\/www.europesays.com\/pl\/wp-json\/wp\/v2\/posts"}],"about":[{"href":"https:\/\/www.europesays.com\/pl\/wp-json\/wp\/v2\/types\/post"}],"author":[{"embeddable":true,"href":"https:\/\/www.europesays.com\/pl\/wp-json\/wp\/v2\/users\/2"}],"replies":[{"embeddable":true,"href":"https:\/\/www.europesays.com\/pl\/wp-json\/wp\/v2\/comments?post=613736"}],"version-history":[{"count":0,"href":"https:\/\/www.europesays.com\/pl\/wp-json\/wp\/v2\/posts\/613736\/revisions"}],"wp:featuredmedia":[{"embeddable":true,"href":"https:\/\/www.europesays.com\/pl\/wp-json\/wp\/v2\/media\/613737"}],"wp:attachment":[{"href":"https:\/\/www.europesays.com\/pl\/wp-json\/wp\/v2\/media?parent=613736"}],"wp:term":[{"taxonomy":"category","embeddable":true,"href":"https:\/\/www.europesays.com\/pl\/wp-json\/wp\/v2\/categories?post=613736"},{"taxonomy":"post_tag","embeddable":true,"href":"https:\/\/www.europesays.com\/pl\/wp-json\/wp\/v2\/tags?post=613736"}],"curies":[{"name":"wp","href":"https:\/\/api.w.org\/{rel}","templated":true}]}}