{"id":613826,"date":"2026-08-10T19:26:10","date_gmt":"2026-08-10T19:26:10","guid":{"rendered":"https:\/\/www.europesays.com\/pl\/613826\/"},"modified":"2026-08-10T19:26:10","modified_gmt":"2026-08-10T19:26:10","slug":"sasin-zabieranie-ludziom-dotknietym-tragedia-to-juz-inny-kod-kulturowy","status":"publish","type":"post","link":"https:\/\/www.europesays.com\/pl\/613826\/","title":{"rendered":"Sasin: Zabieranie ludziom dotkni\u0119tym tragedi\u0105 to ju\u017c inny kod kulturowy"},"content":{"rendered":"\n<p>&#13;<br \/>\nW poniedzia\u0142ek Wirtualna Polska ujawni\u0142a <a href=\"https:\/\/dorzeczy.pl\/kraj\/926980\/afera-z-pomoca-dla-powodzian-koalicja-obywatelska-reaguje.html\" rel=\"nofollow noopener\" target=\"_blank\">kolejn\u0105 afer\u0119 Koalicji Obywatelskiej<\/a> \u2013\u00a0tym razem chodzi o\u00a0nieprawid\u0142owo\u015bci przy przyznawaniu pieni\u0119dzy dla\u00a0powodzian. Cz\u0119\u015b\u0107 \u015brodk\u00f3w trafi\u0142a do\u00a0os\u00f3b, kt\u00f3re w\u00a0istocie nie\u00a0by\u0142y powodzianami, poniewa\u017c zg\u0142oszone przez nich nieruchomo\u015bci nie\u00a0zosta\u0142y zalane. S\u0105 to\u00a0jedna osoby z\u00a0powi\u0105zaniami. G\u0142\u00f3wn\u0105 antybohaterk\u0105 jest Anna Konieczy\u0144ska \u2013\u00a0dzia\u0142aczka Koalicji Obywatelskiej. Szymon Jadczak dok\u0142adnie opisa\u0142 ca\u0142y skandal w\u00a0materiale zatytu\u0142owanym &#8222;Miliony dla\u00a0powodzian dostali m\u0105\u017c i\u00a0s\u0105siedzi polityczki KO. Za\u00a0wod\u0119, po\u00a0kt\u00f3rej nie\u00a0ma\u00a0\u015bladu&#8221;. &#13;\n<\/p>\n<p>&#13;<br \/>\nBulwersuj\u0105c\u0105 spraw\u0119 szeroko komentuj\u0105 politycy opozycji. S\u0142awomir Mentzen zaj\u0105\u0142 si\u0119 tym tematem w\u00a0dzisiejszym odcinku z\u00a0serii &#8222;Mentzen grilluje&#8221; na\u00a0swoim kanale YouTube. <a href=\"https:\/\/dorzeczy.pl\/opinie\/927001\/afera-z-pieniedzmi-dla-powodzian-morawiecki-uderza-w-ko-siec-aferzystow.html\" rel=\"nofollow noopener\" target=\"_blank\">G\u0142os szybko zabra\u0142 r\u00f3wnie\u017c m.in. Mateusz Morawiecki<\/a> \u2013\u00a0lider Stowarzyszenia Rozw\u00f3j Plus, a\u00a0tak\u017ce politycy Prawa i\u00a0Sprawiedliwo\u015bci. &#13;\n<\/p>\n<p>Sasin: Traktuj\u0105 pa\u0144stwo jak polityczny \u0142up <\/p>\n<p>&#13;<br \/>\nPose\u0142 Jacek Sasin zwr\u00f3ci\u0142 uwag\u0119, \u017ce\u00a0zabiegi pijarowskie obozu w\u0142adzy nie\u00a0s\u0105 w\u00a0stanie przykry\u0107 ujawnianej skali drena\u017cu publicznych pieni\u0119dzy. &#13;\n<\/p>\n<p>&#13;<br \/>\n&#8222;W\u00a0ekipie Tuska nie\u00a0ma\u00a0granic politycznego cynizmu. KO latami opowiada\u0142a o\u00a0\u00abstandardach\u00bb i\u00a0\u00abtransparentno\u015bci\u00bb. Tymczasem zza zas\u0142ony taniego PR-u rodem z\u00a0lat 90. wy\u0142ania si\u0119 obraz pa\u0144stwa traktowanego jak polityczny \u0142up, kt\u00f3ry mo\u017cna bezwzgl\u0119dnie drenowa\u0107, je\u015bli tylko odpowiednio opakuje si\u0119 to\u00a0medialnie&#8221; \u2013\u00a0napisa\u0142 na\u00a0X by\u0142y minister aktyw\u00f3w pa\u0144stwowych. &#13;\n<\/p>\n<p>&#13;<br \/>\n&#8222;To jest ju\u017c inny kod kulturowy. Zabieranie pieni\u0119dzy ludziom dotkni\u0119tym tragedi\u0105, walcz\u0105cym o\u00a0odzyskanie dorobku \u017cycia, przywo\u0142uje najgorsze historyczne skojarzenia z\u00a0pa\u0144stwem traktowanym nie\u00a0jako dobro wsp\u00f3lne, lecz jako teren okupacyjnej eksploatacji&#8221; \u2013\u00a0doda\u0142 parlamentarzysta. &#13;\n<\/p>\n<p>Nowa afera KO. Zgarn\u0119li pieni\u0105dze dla\u00a0powodzian<\/p>\n<p>&#13;<br \/>\n4,5 mln z\u0142\u00a0pomocy przeznaczonej dla\u00a0przedsi\u0119biorc\u00f3w poszkodowanych przez pow\u00f3d\u017a w\u00a02024 roku trafi\u0142o do\u00a0trzech firm z\u00a0jednej miejscowo\u015bci na\u00a0Dolnym \u015al\u0105sku. &#13;\n<\/p>\n<p>&#13;<br \/>\nW\u015br\u00f3d beneficjent\u00f3w znalaz\u0142a si\u0119 firma m\u0119\u017ca wiceprezes Karkonoskiej Agencji Rozwoju Regionalnego, kt\u00f3ra rozdziela\u0142a cz\u0119\u015b\u0107 \u015brodk\u00f3w. Jak opisuje Wirtualna Polska, dane stra\u017cy po\u017carnej i\u00a0system\u00f3w satelitarnych maj\u0105 jednak nie\u00a0potwierdza\u0107, \u017ce\u00a0wskazane nieruchomo\u015bci znalaz\u0142y si\u0119 pod\u00a0wod\u0105. Spraw\u0105 zainteresowa\u0142o si\u0119 CBA. \u015aledztwo jest prowadzone od\u00a0kilku miesi\u0119cy. &#13;\n<\/p>\n<p>&#13;<br \/>\nJak opisa\u0142a Wirtualna Polska, \u0142\u0105cznie oko\u0142o 4,5 mln z\u0142\u00a0trafi\u0142o do\u00a0trzech firm zwi\u0105zanych z\u00a0Dziwiszowem. Jedn\u0105 z\u00a0nich prowadzi Piotr Konieczy\u0144ski, <a href=\"https:\/\/dorzeczy.pl\/kraj\/926809\/miliony-dla-powodzian-dostali-maz-i-sasiedzi-dzialaczki-ko-zalania-nie-bylo.html\" rel=\"nofollow noopener\" target=\"_blank\">m\u0105\u017c Anny Konieczy\u0144skiej<\/a>, kt\u00f3ra od\u00a0lutego 2025 roku jest wiceprezes KARR i\u00a0dzia\u0142aczk\u0105 Koalicji Obywatelskiej. &#13;\n<\/p>\n<p>&#13;<br \/>\n   Czytaj te\u017c:<br \/><a href=\"https:\/\/dorzeczy.pl\/kraj\/927124\/zdumiewajacy-filmik-tuska-w-dniu-ujawnienia-nowej-afery-ko.html\" rel=\"follow nofollow noopener\" data-schema=\"DORZECZY\" data-image=\"https:\/\/img.dorzeczy.pl\/_thumb\/d0\/b4\/f03d29ce8a8e69181e3398b0eea2.jpeg\" target=\"_blank\">Zdumiewaj\u0105cy filmik Tuska w\u00a0dniu ujawnienia kolejnej afery KO<\/a>   Czytaj te\u017c:<br \/><a href=\"https:\/\/dorzeczy.pl\/kraj\/926980\/afera-z-pomoca-dla-powodzian-koalicja-obywatelska-reaguje.html\" rel=\"follow nofollow noopener\" data-schema=\"DORZECZY\" data-image=\"https:\/\/img.dorzeczy.pl\/_thumb\/cc\/4d\/d08ea0c24c7900ede4775e03eb2a.jpeg\" target=\"_blank\">Afera z\u00a0pomoc\u0105 dla\u00a0&#8222;powodzian&#8221;. Polityk KO zawieszona<\/a>   Czytaj te\u017c:<br \/><a href=\"https:\/\/dorzeczy.pl\/sondaz\/926704\/35-proc-polakow-ocenia-rzad-tuska-zdecydowanie-pozytywnie.html\" rel=\"follow nofollow noopener\" data-schema=\"DORZECZY\" data-image=\"https:\/\/img.dorzeczy.pl\/_thumb\/1f\/86\/de483dacfd1e34caa1a4f0853fc8.jpeg\" target=\"_blank\">3,5 proc. Polak\u00f3w ocenia rz\u0105d Tuska &#8222;zdecydowanie pozytywnie&#8221;<\/a>&#13;<\/p>\n","protected":false},"excerpt":{"rendered":"&#13; W poniedzia\u0142ek Wirtualna Polska ujawni\u0142a kolejn\u0105 afer\u0119 Koalicji Obywatelskiej \u2013\u00a0tym razem chodzi o\u00a0nieprawid\u0142owo\u015bci przy przyznawaniu pieni\u0119dzy dla\u00a0powodzian.&hellip;\n","protected":false},"author":2,"featured_media":613827,"comment_status":"","ping_status":"","sticky":false,"template":"","format":"standard","meta":{"footnotes":"","_share_on_mastodon":"0"},"categories":[62713],"tags":[121227,121206,6570,1345,98,105,7119,49,102,121207],"class_list":["post-613826","post","type-post","status-publish","format-standard","has-post-thumbnail","category-donald-tusk","tag-afera-ko","tag-anna-konieczynska","tag-do-rzeczy","tag-donald-tusk","tag-dorzeczy","tag-ekonomia","tag-jacek-sasin","tag-kraj","tag-opinie","tag-powodzianie"],"share_on_mastodon":{"url":"","error":""},"_links":{"self":[{"href":"https:\/\/www.europesays.com\/pl\/wp-json\/wp\/v2\/posts\/613826","targetHints":{"allow":["GET"]}}],"collection":[{"href":"https:\/\/www.europesays.com\/pl\/wp-json\/wp\/v2\/posts"}],"about":[{"href":"https:\/\/www.europesays.com\/pl\/wp-json\/wp\/v2\/types\/post"}],"author":[{"embeddable":true,"href":"https:\/\/www.europesays.com\/pl\/wp-json\/wp\/v2\/users\/2"}],"replies":[{"embeddable":true,"href":"https:\/\/www.europesays.com\/pl\/wp-json\/wp\/v2\/comments?post=613826"}],"version-history":[{"count":0,"href":"https:\/\/www.europesays.com\/pl\/wp-json\/wp\/v2\/posts\/613826\/revisions"}],"wp:featuredmedia":[{"embeddable":true,"href":"https:\/\/www.europesays.com\/pl\/wp-json\/wp\/v2\/media\/613827"}],"wp:attachment":[{"href":"https:\/\/www.europesays.com\/pl\/wp-json\/wp\/v2\/media?parent=613826"}],"wp:term":[{"taxonomy":"category","embeddable":true,"href":"https:\/\/www.europesays.com\/pl\/wp-json\/wp\/v2\/categories?post=613826"},{"taxonomy":"post_tag","embeddable":true,"href":"https:\/\/www.europesays.com\/pl\/wp-json\/wp\/v2\/tags?post=613826"}],"curies":[{"name":"wp","href":"https:\/\/api.w.org\/{rel}","templated":true}]}}