{"id":614374,"date":"2026-08-11T06:32:14","date_gmt":"2026-08-11T06:32:14","guid":{"rendered":"https:\/\/www.europesays.com\/pl\/614374\/"},"modified":"2026-08-11T06:32:14","modified_gmt":"2026-08-11T06:32:14","slug":"ryanair-polaczy-krakow-z-rabatem-dwa-rejsy-tygodniowo-od-pazdziernika","status":"publish","type":"post","link":"https:\/\/www.europesays.com\/pl\/614374\/","title":{"rendered":"Ryanair po\u0142\u0105czy Krak\u00f3w z Rabatem. Dwa rejsy tygodniowo od pa\u017adziernika"},"content":{"rendered":"<p class=\"wp-block-paragraph\">7 sierpnia 2026 r. Mi\u0119dzynarodowy Port Lotniczy im. Jana Paw\u0142a II Krak\u00f3w-Balice sp. z o.o. poinformowa\u0142 o uruchomieniu przez Ryanair bezpo\u015bredniego po\u0142\u0105czenia z Krakowa do Rabatu.<\/p>\n<p class=\"wp-block-paragraph\">Trasa znajdzie si\u0119 w zimowym rozk\u0142adzie 2026\/2027, z dwoma rejsami tygodniowo, we wtorki i soboty. B\u0119dzie to jedyne bezpo\u015brednie po\u0142\u0105czenie z Polski do stolicy Maroka. O otwarciu przez Ryanair bazy w Rabacie <a href=\"https:\/\/transinfo.pl\/infoair\/ryanair-otwiera-piata-baze-w-maroku-rabat-z-dwoma-samolotami-i-20-trasami-na-lato-2026\/\" rel=\"nofollow noopener\" target=\"_blank\">pisali\u015bmy ju\u017c wcze\u015bniej w TransInfo.pl<\/a>.<\/p>\n<p>Rozk\u0142ad lotu:<\/p>\n<p>Od kiedy Ryanair b\u0119dzie lata\u0142 z Krakowa do Rabatu?<\/p>\n<p>W jakie dni tygodnia zaplanowano rejsy?<\/p>\n<p>Ile razy w tygodniu b\u0119dzie obs\u0142ugiwane nowe po\u0142\u0105czenie?<\/p>\n<p><a href=\"https:\/\/www.europesays.com\/pl\/wp-content\/uploads\/2026\/08\/766914633_1548907542760368_8314460253071928548_n.jpg\"><\/p>\n<p><img loading=\"lazy\" decoding=\"async\" width=\"940\" height=\"788\" src=\"data:image\/svg+xml,%3Csvg%20xmlns=\" http:=\"\" alt=\"Krak\u00f3w\u2013Rabat w zimowym rozk\u0142adzie Ryanaira. Pierwsza taka trasa z Polski\" data-lazy- data-lazy- data-lazy-src=\"https:\/\/www.europesays.com\/pl\/wp-content\/uploads\/2026\/08\/766914633_1548907542760368_8314460253071928548_n.jpg\"\/><\/p>\n<p><\/a>Krak\u00f3w\u2013Rabat w zimowym rozk\u0142adzie Ryanaira. Pierwsza taka trasa z Polski<\/p>\n<p>Dwa rejsy tygodniowo w sezonie Zima 2026\/2027<\/p>\n<p class=\"wp-block-paragraph\">Ryanair uruchomi w pa\u017adzierniku 2026 r. bezpo\u015brednie po\u0142\u0105czenie pomi\u0119dzy Krak\u00f3w Airport a Rabatem, stolic\u0105 Maroka.<\/p>\n<p class=\"wp-block-paragraph\">Loty zaplanowano dwa razy w tygodniu, we wtorki i soboty. Trasa b\u0119dzie cz\u0119\u015bci\u0105 zimowego rozk\u0142adu 2026\/2027.<\/p>\n<p class=\"wp-block-paragraph\">Dok\u0142adnej daty pierwszego rejsu nie podano. Nie przedstawiono tak\u017ce godzin wylot\u00f3w i przylot\u00f3w, numer\u00f3w rejs\u00f3w ani rozk\u0142adowego czasu podr\u00f3\u017cy.<\/p>\n<p class=\"wp-block-paragraph\">Nie podano r\u00f3wnie\u017c typu samolotu przeznaczonego do obs\u0142ugi po\u0142\u0105czenia ani liczby oferowanych miejsc.<\/p>\n<p class=\"wp-block-paragraph\">Nowa trasa b\u0119dzie pierwszym bezpo\u015brednim regularnym po\u0142\u0105czeniem pomi\u0119dzy Polsk\u0105 a Rabatem. Wed\u0142ug Krak\u00f3w Airport dotychczas \u017caden przewo\u017anik nie oferowa\u0142 bezpo\u015brednich lot\u00f3w z polskiego portu do stolicy Maroka.<\/p>\n<p>Rabat uzupe\u0142ni maroka\u0144sk\u0105 siatk\u0119 z Krakowa<\/p>\n<p class=\"wp-block-paragraph\">Rabat b\u0119dzie kolejnym maroka\u0144skim kierunkiem dost\u0119pnym bezpo\u015brednio z Krakowa. W siatce portu znajduj\u0105 si\u0119 ju\u017c po\u0142\u0105czenia do Marrakeszu i Agadiru.<\/p>\n<p class=\"wp-block-paragraph\">\u0141ukasz Struty\u0144ski, prezes zarz\u0105du Mi\u0119dzynarodowego Portu Lotniczego im. Jana Paw\u0142a II Krak\u00f3w-Balice sp. z o.o., wskaza\u0142, \u017ce zainteresowanie dotychczasowymi trasami do Maroka by\u0142o jednym z element\u00f3w przemawiaj\u0105cych za dalszym rozwojem tej cz\u0119\u015bci siatki.<\/p>\n<p class=\"wp-block-paragraph\">\u201eMaroko od lat cieszy si\u0119 du\u017cym zainteresowaniem naszych pasa\u017cer\u00f3w, o czym \u015bwiadczy rosn\u0105ca popularno\u015b\u0107 po\u0142\u0105cze\u0144 do Marrakeszu i Agadiru. Jestem przekonany, \u017ce bezpo\u015brednie loty do Rabatu spotkaj\u0105 si\u0119 z r\u00f3wnie du\u017cym zainteresowaniem i b\u0119d\u0105 atrakcyjn\u0105 propozycj\u0105 zar\u00f3wno dla os\u00f3b planuj\u0105cych wypoczynek, jak i podr\u00f3\u017ce w celu poznawania bogatej kultury i historii Maroka\u201d \u2013 powiedzia\u0142 \u0141ukasz Struty\u0144ski, prezes Krak\u00f3w Airport.<\/p>\n<p class=\"wp-block-paragraph\">Nowe po\u0142\u0105czenie rozszerzy ofert\u0119 portu w kierunku Afryki P\u00f3\u0142nocnej. Prognozowanej liczby pasa\u017cer\u00f3w na trasie Krak\u00f3w\u2013Rabat ani oczekiwanego wsp\u00f3\u0142czynnika wype\u0142nienia samolot\u00f3w nie podano.<\/p>\n<p><a href=\"https:\/\/transinfo.pl\/wp-content\/uploads\/2022\/01\/ryanair-krakow.jpg\" rel=\"nofollow noopener\" target=\"_blank\"><img loading=\"lazy\" decoding=\"async\" width=\"1024\" height=\"682\" src=\"data:image\/svg+xml,%3Csvg%20xmlns=\" http:=\"\" alt=\"Krak\u00f3w\u2013Rabat w zimowym rozk\u0142adzie Ryanaira. Pierwsza taka trasa z Polski\" class=\"wp-image-119634\" data-lazy- data-lazy- data-lazy-src=\"https:\/\/www.europesays.com\/pl\/wp-content\/uploads\/2026\/08\/1786429934_0_ryanair-krakow-1024x682.jpg\"\/><\/a>Krak\u00f3w\u2013Rabat w zimowym rozk\u0142adzie Ryanaira. Pierwsza taka trasa z Polski<\/p>\n<p>Ryanair rozwija dzia\u0142alno\u015b\u0107 w Rabacie<\/p>\n<p class=\"wp-block-paragraph\">Uruchomienie trasy z Krakowa nast\u0119puje w roku rozbudowy dzia\u0142alno\u015bci Ryanair w stolicy Maroka.<\/p>\n<p class=\"wp-block-paragraph\">Od sezonu Lato 2026 przewo\u017anik rozwija w Rabacie swoj\u0105 pi\u0105t\u0105 baz\u0119 operacyjn\u0105 w tym kraju. Ulokowano w niej dwa samoloty.<\/p>\n<p class=\"wp-block-paragraph\">Program obejmowa\u0142 20 tras, w tym siedem nowych po\u0142\u0105cze\u0144 mi\u0119dzynarodowych. Inwestycj\u0119 zwi\u0105zan\u0105 z baz\u0105 przewo\u017anik okre\u015bli\u0142 na 200 mln USD.<\/p>\n<p class=\"wp-block-paragraph\">W\u015br\u00f3d kierunk\u00f3w obs\u0142ugiwanych z Rabatu znalaz\u0142y si\u0119 mi\u0119dzy innymi Barcelona, Bruksela Charleroi, Londyn Stansted, Madryt, Malaga i Marsylia, a tak\u017ce nowe trasy do Mediolanu Bergamo, Baden-Baden, Frankfurtu Hahn, Norymbergi, Porto, Pizy i Walencji.<\/p>\n<p class=\"wp-block-paragraph\">Po\u0142\u0105czenie do Krakowa rozszerzy t\u0119 siatk\u0119 w sezonie zimowym 2026\/2027.<\/p>\n<p>173 po\u0142\u0105czenia z Krak\u00f3w Airport latem 2026<\/p>\n<p class=\"wp-block-paragraph\">Krak\u00f3w Airport jest najwi\u0119kszym regionalnym portem lotniczym w Polsce i drugim lotniskiem w kraju pod wzgl\u0119dem liczby obs\u0142ugiwanych pasa\u017cer\u00f3w.<\/p>\n<p class=\"wp-block-paragraph\">W 2025 r. z portu skorzysta\u0142o ponad 13,2 mln podr\u00f3\u017cnych. Prognoza na 2026 r. zak\u0142ada osi\u0105gni\u0119cie poziomu 15 mln pasa\u017cer\u00f3w.<\/p>\n<p class=\"wp-block-paragraph\">W letnim rozk\u0142adzie 2026 r. lotnisko oferuje 173 po\u0142\u0105czenia do 119 miast w 39 pa\u0144stwach. Rejsy wykonuje 30 przewo\u017anik\u00f3w.<\/p>\n<p class=\"wp-block-paragraph\">Jednym z najwi\u0119kszych operator\u00f3w w Krakowie pozostaje Ryanair, kt\u00f3ry w sezonie Lato 2026 zwi\u0119kszy\u0142 swoj\u0105 baz\u0119 do 15 samolot\u00f3w.<\/p>\n<p>Zakupowe t\u0142o<\/p>\n<p class=\"wp-block-paragraph\">3 marca 2026 r. Ryanair og\u0142osi\u0142 zwi\u0119kszenie krakowskiej bazy o trzy samoloty, do \u0142\u0105cznie 15 maszyn. Warto\u015b\u0107 inwestycji okre\u015blono na 1,5 mld USD, a letnia siatka przewo\u017anika z Krakowa wzros\u0142a do 86 tras.<\/p>\n<p class=\"wp-block-paragraph\">17 grudnia 2025 r. Ryanair zapowiedzia\u0142 uruchomienie swojej pi\u0105tej bazy w Maroku, w\u0142a\u015bnie w Rabacie. Przewo\u017anik przeznaczy\u0142 do niej dwa samoloty, a warto\u015b\u0107 inwestycji okre\u015bli\u0142 na 200 mln USD. Program na Lato 2026 obj\u0105\u0142 20 tras.<\/p>\n<p class=\"wp-block-paragraph\">1 kwietnia 2025 r. Ryanair przedstawi\u0142 rozk\u0142ad Lato 2025 z Krakowa obejmuj\u0105cy 83 trasy, w tym nowe po\u0142\u0105czenie do Marrakeszu. W bazie przewo\u017anika znajdowa\u0142o si\u0119 w\u00f3wczas 12 samolot\u00f3w, a jej warto\u015b\u0107 okre\u015blano na 1,2 mld USD.<\/p>\n","protected":false},"excerpt":{"rendered":"7 sierpnia 2026 r. Mi\u0119dzynarodowy Port Lotniczy im. Jana Paw\u0142a II Krak\u00f3w-Balice sp. z o.o. poinformowa\u0142 o uruchomieniu&hellip;\n","protected":false},"author":2,"featured_media":614375,"comment_status":"","ping_status":"","sticky":false,"template":"","format":"standard","meta":{"footnotes":"","_share_on_mastodon":"0"},"categories":[51606],"tags":[1304,48033,2995,17939,42,38,40,39,41,7941,1030],"class_list":["post-614374","post","type-post","status-publish","format-standard","has-post-thumbnail","category-krakow","tag-krakow","tag-krakow-airport","tag-lotnisko","tag-nowe-polaczenie","tag-pl","tag-poland","tag-polish","tag-polska","tag-polski","tag-ryanair","tag-samolot"],"share_on_mastodon":{"url":"https:\/\/pubeurope.com\/@pl\/117075479605244503","error":""},"_links":{"self":[{"href":"https:\/\/www.europesays.com\/pl\/wp-json\/wp\/v2\/posts\/614374","targetHints":{"allow":["GET"]}}],"collection":[{"href":"https:\/\/www.europesays.com\/pl\/wp-json\/wp\/v2\/posts"}],"about":[{"href":"https:\/\/www.europesays.com\/pl\/wp-json\/wp\/v2\/types\/post"}],"author":[{"embeddable":true,"href":"https:\/\/www.europesays.com\/pl\/wp-json\/wp\/v2\/users\/2"}],"replies":[{"embeddable":true,"href":"https:\/\/www.europesays.com\/pl\/wp-json\/wp\/v2\/comments?post=614374"}],"version-history":[{"count":0,"href":"https:\/\/www.europesays.com\/pl\/wp-json\/wp\/v2\/posts\/614374\/revisions"}],"wp:featuredmedia":[{"embeddable":true,"href":"https:\/\/www.europesays.com\/pl\/wp-json\/wp\/v2\/media\/614375"}],"wp:attachment":[{"href":"https:\/\/www.europesays.com\/pl\/wp-json\/wp\/v2\/media?parent=614374"}],"wp:term":[{"taxonomy":"category","embeddable":true,"href":"https:\/\/www.europesays.com\/pl\/wp-json\/wp\/v2\/categories?post=614374"},{"taxonomy":"post_tag","embeddable":true,"href":"https:\/\/www.europesays.com\/pl\/wp-json\/wp\/v2\/tags?post=614374"}],"curies":[{"name":"wp","href":"https:\/\/api.w.org\/{rel}","templated":true}]}}