{"id":614402,"date":"2026-08-11T06:49:17","date_gmt":"2026-08-11T06:49:17","guid":{"rendered":"https:\/\/www.europesays.com\/pl\/614402\/"},"modified":"2026-08-11T06:49:17","modified_gmt":"2026-08-11T06:49:17","slug":"drugie-dno-awansu-igi-swiatek-spojrzcie-tylko-na-ten-ranking","status":"publish","type":"post","link":"https:\/\/www.europesays.com\/pl\/614402\/","title":{"rendered":"Drugie dno awansu Igi \u015awi\u0105tek. Sp\u00f3jrzcie tylko na ten ranking"},"content":{"rendered":"<p>Oczy ca\u0142ego tenisowego \u015bwiata skierowane s\u0105 obecnie na Kanad\u0119, gdzie w Montrealu w turnieju ATP Masters 1000 rywalizuj\u0105 m\u0119\u017cczy\u017ani, a w Toronto w turnieju WTA 1000 kobiety. Iga \u015awi\u0105tek jest ju\u017c w p\u00f3\u0142finale.<\/p>\n<p>Dalszy ci\u0105g artyku\u0142u pod materia\u0142em wideoPolska tenisistka w Toronto spisuje si\u0119 rewelacyjnie. Jak do tej pory straci\u0142a zaledwie jednego seta, a minionej nocy pokaza\u0142a wielk\u0105 form\u0119. W \u0107wier\u0107finale przeciwko Dianie Sznajder <a href=\"https:\/\/przegladsportowy.onet.pl\/tenis\/takiego-wyniku-igi-swiatek-nikt-nie-zakladal-nocna-demolka-w-toronto\/v7cfqzk\" id=\"3e36ae34-78aa-432a-8e5d-79dc04f870fd\" rel=\"nofollow noopener\" target=\"_blank\">rozbi\u0142a rywalk\u0119 6:2, 6:1<\/a>.<\/p>\n<p>Sukces w Kanadzie ma te\u017c inny wymiar. \u015awi\u0105tek po s\u0142abej pierwszej cz\u0119\u015bci sezonu zaczyna goni\u0107 rywalki w zestawieniu WTA Race, czyli rankingu punktowym tylko za bie\u017c\u0105cy sezon. To on wy\u0142ania najlepsz\u0105 \u00f3semk\u0119, kt\u00f3ra potem rywalizuje w WTA Finals.<\/p>\n<p>Drugie dno sukcesu \u015awi\u0105tek w Kanadzie<\/p>\n<p>\u015awi\u0105tek jest w tym zestawieniu obecnie 11. (2344 pkt). Do 10. Victorii Mboko traci jednak zaledwie 49 pkt, a to oznacza, \u017ce je\u015bli Polka awansuje do fina\u0142u turnieju, to przeskoczy m\u0142od\u0105 Kanadyjsk\u0105 gwiazd\u0119. B\u0119dzie mia\u0142a wtedy 2604 pkt, a na jej korzy\u015b\u0107 dzia\u0142a r\u00f3wnie\u017c fakt, \u017ce 19-latka od kilku tygodni zmaga si\u0119 z kontuzj\u0105.<\/p>\n<p>W Toronto Polka mo\u017ce r\u00f3wnie\u017c podgoni\u0107 pozosta\u0142e rywalki. \u015awi\u0105tek, nawet je\u015bli wygra rywalizacj\u0119 w Kanadzie, to nie przegoni w rankingu WTA Race Marty Kostiuk (9. miejsce \u2014 3395 pkt) i Lindy Noskovej (8. miejsce \u2014 3684 pkt). Obie odpad\u0142y ju\u017c z turnieju. Natomiast w przypadku wygranej, \u015awi\u0105tek b\u0119dzie mia\u0142a 2954 pkt, co b\u0119dzie dobrym punktem wyj\u015bciowym do pogoni za reszt\u0105 stawki.<\/p>\n<p><img class=\"ods-a-photo ods-a-photo--background\" src=\"https:\/\/www.europesays.com\/pl\/wp-content\/uploads\/2026\/08\/Siak9lBaHR0cHM6Ly9vY2RuLmV1L3B1bHNjbXMvTURBXy9lZjY4ZWFjZGIzNTJmZDhmZjU5Y2YxZmQwNTA2MzJkNi5wbmeRkwXNB.jpeg\" height=\"345\" width=\"867\" alt=\"WTA Race\" loading=\"lazy\" fetchpriority=\"auto\" decoding=\"auto\"\/><\/p>\n<p>live-tennis.eu \/ Materia\u0142y prasowe<\/p>\n<p>WTA Race<\/p>\n<p>Przypomnijmy, \u017ce prawo gry w turnieju WTA Finals ma osiem najlepszych zawodniczek w sezonie. W tym gronie musz\u0105 te\u017c znale\u017a\u0107 si\u0119 wszystkie triumfatorki wielkoszlemowe, nawet je\u015bli nie zajmuje miejsce w czo\u0142owej \u00f3semce.<\/p>\n<p>\u015awi\u0105tek w p\u00f3\u0142finale turnieju WTA 1000 w Toronto zmierzy si\u0119 z Elin\u0105 Switolin\u0105. Relacj\u0119 z tego starcia b\u0119dzie mo\u017cna \u015bledzi\u0107 na stronie Przegl\u0105du Sportowego Onet.<\/p>\n","protected":false},"excerpt":{"rendered":"Oczy ca\u0142ego tenisowego \u015bwiata skierowane s\u0105 obecnie na Kanad\u0119, gdzie w Montrealu w turnieju ATP Masters 1000 rywalizuj\u0105&hellip;\n","protected":false},"author":2,"featured_media":614403,"comment_status":"","ping_status":"","sticky":false,"template":"","format":"standard","meta":{"footnotes":"","_share_on_mastodon":"0"},"categories":[52122],"tags":[61195,252,48,46,6010,752,42,38,40,39,41,47,156,130,1505],"class_list":["post-614402","post","type-post","status-publish","format-standard","has-post-thumbnail","category-pko-bank-polski","tag-bottomfeed_styl","tag-iga_swiatek","tag-nat_styl","tag-omp","tag-pko-bank-polski","tag-pko-bp","tag-pl","tag-poland","tag-polish","tag-polska","tag-polski","tag-screening_general","tag-tenis","tag-wiadomosci_sportowe","tag-wta_finals"],"share_on_mastodon":{"url":"https:\/\/pubeurope.com\/@pl\/117075547245268607","error":""},"_links":{"self":[{"href":"https:\/\/www.europesays.com\/pl\/wp-json\/wp\/v2\/posts\/614402","targetHints":{"allow":["GET"]}}],"collection":[{"href":"https:\/\/www.europesays.com\/pl\/wp-json\/wp\/v2\/posts"}],"about":[{"href":"https:\/\/www.europesays.com\/pl\/wp-json\/wp\/v2\/types\/post"}],"author":[{"embeddable":true,"href":"https:\/\/www.europesays.com\/pl\/wp-json\/wp\/v2\/users\/2"}],"replies":[{"embeddable":true,"href":"https:\/\/www.europesays.com\/pl\/wp-json\/wp\/v2\/comments?post=614402"}],"version-history":[{"count":0,"href":"https:\/\/www.europesays.com\/pl\/wp-json\/wp\/v2\/posts\/614402\/revisions"}],"wp:featuredmedia":[{"embeddable":true,"href":"https:\/\/www.europesays.com\/pl\/wp-json\/wp\/v2\/media\/614403"}],"wp:attachment":[{"href":"https:\/\/www.europesays.com\/pl\/wp-json\/wp\/v2\/media?parent=614402"}],"wp:term":[{"taxonomy":"category","embeddable":true,"href":"https:\/\/www.europesays.com\/pl\/wp-json\/wp\/v2\/categories?post=614402"},{"taxonomy":"post_tag","embeddable":true,"href":"https:\/\/www.europesays.com\/pl\/wp-json\/wp\/v2\/tags?post=614402"}],"curies":[{"name":"wp","href":"https:\/\/api.w.org\/{rel}","templated":true}]}}