{"id":614538,"date":"2026-08-11T08:16:12","date_gmt":"2026-08-11T08:16:12","guid":{"rendered":"https:\/\/www.europesays.com\/pl\/614538\/"},"modified":"2026-08-11T08:16:12","modified_gmt":"2026-08-11T08:16:12","slug":"prof-chwedoruk-o-roli-karola-nawrockiego-realizuje-misje-budowania-pomostow","status":"publish","type":"post","link":"https:\/\/www.europesays.com\/pl\/614538\/","title":{"rendered":"Prof. Chwedoruk o roli Karola Nawrockiego. &#8222;Realizuje misj\u0119 budowania pomost\u00f3w&#8221;"},"content":{"rendered":"<p>\u2014 Ka\u017cdy prezydent w Polsce zdaje sobie spraw\u0119, \u017ce je\u015bli chce by\u0107 prezydentem, ponownie prezydentem w tym wypadku, nie uczyni tego bez pot\u0119\u017cnego aparatu partyjnego i jego zasob\u00f3w organizacyjnych. Karol Nawrocki jest niejako skazany na PiS, natomiast zwyci\u0119stwo w II turze zawdzi\u0119cza egzotycznej koalicji spo\u0142ecznej, obejmuj\u0105cej wyborc\u00f3w PiS-u, Konfederacji, Grzegorza Brauna oraz tych, kt\u00f3rzy po prostu nie chcieli, by zwyci\u0119\u017cy\u0142a strona popierana przez Donalda Tuska \u2014 m\u00f3wi\u0142 ekspert.<\/p>\n<p>\u2014 St\u0105d Karol Nawrocki od pocz\u0105tku bardzo wyra\u017anie realizuje misj\u0119 budowania pomost\u00f3w pomi\u0119dzy PiS-em a Konfederacj\u0105. Konfederacja przesun\u0119\u0142a si\u0119 troch\u0119 spo\u0142ecznie w stron\u0119 PiS-u, ale w dalszym ci\u0105gu s\u0105 to m\u0142odzi wyborcy bardzo niech\u0119tni wszystkiemu, co uosabia PiS, to znaczy polityce etatystycznej w gospodarce, aktywnej polityce spo\u0142ecznej, jednocze\u015bnie silnemu konserwatyzmowi kulturowemu. Konfederacja, je\u015bli chodzi o elektorat, to jest pierwsza prawica, kt\u00f3ra nie czuje silnego zwi\u0105zku z Ko\u015bcio\u0142em \u2014 t\u0142umaczy\u0142 politolog.<\/p>\n<p>Prezydent Nawrocki traci armi\u0119. W\u015br\u00f3d przyczyn kupczenie awansami<img class=\"ods-a-photo ods-a-photo--background\" src=\"https:\/\/www.europesays.com\/pl\/wp-content\/uploads\/2026\/08\/R4Nk9lBaHR0cHM6Ly9vY2RuLmV1L3B1bHNjbXMvTURBXy9mMDQwOTc4NTc4NGE5NjRmNGEwZWZjN2QxYjIxMjE0Yy5qcGeRlQLNA.jpeg\" height=\"300\" width=\"450\" alt=\"Karol Nawrocki obserwuje \u0107wiczenia na terenie O\u015brodka Szkolenia Poligonowego Wojsk L\u0105dowych Orzysz. Meldunek sk\u0142ada dow\u00f3dca 16. Pomorskiej Dywizji Zmechanizowanej gen. dyw. Wojciech Zi\u00f3\u0142kowski.17.06.2026 r.\" loading=\"lazy\" fetchpriority=\"low\" decoding=\"async\"\/>Ekspert o wyborach i roli prezydenta. &#8222;Realizuje misj\u0119 budowania pomost\u00f3w&#8221;<\/p>\n<p>Prof. Chwedoruk zauwa\u017cy\u0142, \u017ce &#8222;Karol Nawrocki ma budowa\u0107 pomosty, ale one przede wszystkim maj\u0105 dotyczy\u0107 sytuacji powyborczej, kiedy prawica, je\u015bli wygra wybory, to b\u0119dzie mia\u0142a bardzo niewielk\u0105 przewag\u0119&#8221;.<\/p>\n<p>\u2014 W\u00f3wczas te mosty b\u0119d\u0105 musia\u0142y by\u0107 sfinalizowane. W stanie na dzi\u015b nie s\u0105dz\u0119, \u017ceby liderzy czterech podmiot\u00f3w prawicowych wci\u0105\u017c mobilizuj\u0105cych swoich cz\u0142onk\u00f3w ot tak nagle rzucili si\u0119 w ramiona prezydenta i powiedzieli: &#8222;prezydencie prowad\u017a, tw\u00f3rz wsp\u00f3ln\u0105 list\u0119&#8221;. My\u015bl\u0119, \u017ce tylko jaka\u015b katastrofa sonda\u017cowa prawicy mog\u0142aby spowodowa\u0107 ruchy, kt\u00f3re zmierza\u0142yby w stron\u0119 zjednoczenia \u2014 oceni\u0142 go\u015b\u0107 &#8222;Onet Rano.&#8221;.<\/p>\n","protected":false},"excerpt":{"rendered":"\u2014 Ka\u017cdy prezydent w Polsce zdaje sobie spraw\u0119, \u017ce je\u015bli chce by\u0107 prezydentem, ponownie prezydentem w tym wypadku,&hellip;\n","protected":false},"author":2,"featured_media":614539,"comment_status":"","ping_status":"","sticky":false,"template":"","format":"standard","meta":{"footnotes":"","_share_on_mastodon":"0"},"categories":[62712],"tags":[12913,61195,690,43,1006,48,46,529,47,341,7209],"class_list":["post-614538","post","type-post","status-publish","format-standard","has-post-thumbnail","category-karol-nawrocki","tag-_onet_rano_","tag-bottomfeed_styl","tag-karol-nawrocki","tag-karol_nawrocki","tag-konfederacja","tag-nat_styl","tag-omp","tag-pis","tag-screening_general","tag-tylko_w_onecie","tag-wybory_parlamentarne"],"share_on_mastodon":{"url":"","error":""},"_links":{"self":[{"href":"https:\/\/www.europesays.com\/pl\/wp-json\/wp\/v2\/posts\/614538","targetHints":{"allow":["GET"]}}],"collection":[{"href":"https:\/\/www.europesays.com\/pl\/wp-json\/wp\/v2\/posts"}],"about":[{"href":"https:\/\/www.europesays.com\/pl\/wp-json\/wp\/v2\/types\/post"}],"author":[{"embeddable":true,"href":"https:\/\/www.europesays.com\/pl\/wp-json\/wp\/v2\/users\/2"}],"replies":[{"embeddable":true,"href":"https:\/\/www.europesays.com\/pl\/wp-json\/wp\/v2\/comments?post=614538"}],"version-history":[{"count":0,"href":"https:\/\/www.europesays.com\/pl\/wp-json\/wp\/v2\/posts\/614538\/revisions"}],"wp:featuredmedia":[{"embeddable":true,"href":"https:\/\/www.europesays.com\/pl\/wp-json\/wp\/v2\/media\/614539"}],"wp:attachment":[{"href":"https:\/\/www.europesays.com\/pl\/wp-json\/wp\/v2\/media?parent=614538"}],"wp:term":[{"taxonomy":"category","embeddable":true,"href":"https:\/\/www.europesays.com\/pl\/wp-json\/wp\/v2\/categories?post=614538"},{"taxonomy":"post_tag","embeddable":true,"href":"https:\/\/www.europesays.com\/pl\/wp-json\/wp\/v2\/tags?post=614538"}],"curies":[{"name":"wp","href":"https:\/\/api.w.org\/{rel}","templated":true}]}}