{"id":614942,"date":"2026-08-11T11:58:15","date_gmt":"2026-08-11T11:58:15","guid":{"rendered":"https:\/\/www.europesays.com\/pl\/614942\/"},"modified":"2026-08-11T11:58:15","modified_gmt":"2026-08-11T11:58:15","slug":"nocna-prohibicja-w-calym-kraju-wejdzie-wkrotce-w-zycie-karol-nawrocki-jest-za-wprost","status":"publish","type":"post","link":"https:\/\/www.europesays.com\/pl\/614942\/","title":{"rendered":"Nocna prohibicja w ca\u0142ym kraju wejdzie wkr\u00f3tce w \u017cycie? Karol Nawrocki jest \u201eza\u201d \u2013 Wprost"},"content":{"rendered":"\n<p>&#13;<br \/>\nO szczeg\u00f3\u0142ach rozm\u00f3w dotycz\u0105cych planu wprowadzenia prohibicji, w\u00a0kt\u00f3rych uczestniczyli politycy \u2013\u00a0w\u00a0tym ci najwa\u017cniejsi \u2013\u00a0poinformowa\u0142a pos\u0142anka Wioleta Tomczak (Polska 2050). \u2013\u00a0Prezydent odni\u00f3s\u0142 si\u0119 bardzo pozytywnie do\u00a0potrzeby wzmocnienia polityki antyalkoholowej w\u00a0naszym kraju \u2013\u00a0poinformowa\u0142a wiceszefowa sejmowej komisji zdrowia. &#13;\n<\/p>\n<p>&#13;<br \/>\nDo pierwotnego projektu wprowadzono poprawki. \u201eZa\u201d uchwaleniem nowych przepis\u00f3w, opr\u00f3cz Karola Nawrockiego, maj\u0105 by\u0107 teraz tak\u017ce politycy Prawa i\u00a0Sprawiedliwo\u015bci (ich reprezentacja w\u00a0Parlamencie \u2013\u00a0w\u00a0Sejmie i\u00a0Senacie). &#13;\n<\/p>\n<p>Nocna prohibicja w\u00a0Polsce. Czy\u00a0b\u0119d\u0105 wyj\u0105tki od\u00a0regu\u0142y? Godziny obowi\u0105zywania zakazu sprzeda\u017cy alkoholu<\/p>\n<p>&#13;<br \/>\nJe\u015bli nowe przepisy wejd\u0105 w\u00a0\u017cycie, w\u00a0ca\u0142ym kraju obowi\u0105zywa\u0142 b\u0119dzie zakaz sprzeda\u017cy alkoholu od\u00a0p\u00f3\u017anego wieczora, przez noc, a\u017c\u00a0do\u00a0samego rana, a\u00a0konkretnie \u2013\u00a0w\u00a0godzinach od\u00a022 do\u00a06. Nie\u00a0oznacza to\u00a0jednak, \u017ce\u00a0obywatele nie\u00a0b\u0119d\u0105 mogli nigdzie kupi\u0107 popularnych napoj\u00f3w wyskokowych \u2013\u00a0b\u0119d\u0105 one dost\u0119pne w\u00a0barach, pubach, restauracjach czy\u00a0wsz\u0119dzie tam, gdzie w\u0142a\u015bciciele lokali b\u0119d\u0105 mie\u0107 odpowiednie zezwolenie. &#13;\n<\/p>\n<p>&#13;<br \/>\nO tym, \u017ce\u00a0\u201eprojekt wprowadzenia nocnej prohibicji\u201d mia\u0142 \u201ezyska\u0107 poparcie wi\u0119kszo\u015bci si\u0142 politycznych\u201d, jak i\u00a0Prezydenta Rzeczpospolitej Polskiej, poinformowa\u0142o tak\u017ce radio RMF FM. &#13;\n<\/p>\n<p>200 samorz\u0105d\u00f3w wprowadzi\u0142o ju\u017c zakaz, kt\u00f3ry podzieli\u0142 spo\u0142ecze\u0144stwo<\/p>\n<p>&#13;<br \/>\nDziennik \u201eRzeczpospolita\u201d przypomnia\u0142 natomiast, \u017ce\u00a0obecnie gdzieniegdzie na\u00a0terytorium RP obowi\u0105zuje ju\u017c nocna prohibicja. Wprowadzono j\u0105 m.in. w\u00a0Krakowie, Warszawie czy\u00a0Gda\u0144sku. Je\u015bli chodzi o\u00a0inne stolice wojew\u00f3dzkie \u2013\u00a0np. Pozna\u0144 czy\u00a0Wroc\u0142aw \u2013\u00a0tu sprzeda\u017c alkoholu noc\u0105 trwa, ale\u00a0zosta\u0142a ograniczona w\u00a0centrach. &#13;\n<\/p>\n<p>&#13;<br \/>\n\u201eRz\u201d wskaza\u0142a, \u017ce\u00a0projekt ustawy jest przed drugim czytaniem w\u00a0Sejmie. &#13;\n<\/p>\n<p>&#13;<br \/>\n   Czytaj te\u017c:<br \/><a href=\"https:\/\/www.wprost.pl\/zycie\/12259962\/co-polacy-sadza-o-wprowadzeniu-nocnej-prohibicji-w-calej-polsce-wyniki-sondazu.html\" rel=\"follow nofollow noopener\" data-schema=\"WPROST\" data-image=\"https:\/\/img.wprost.pl\/_thumb\/76\/5a\/6cd3cd1050xxd9712bbfd89dc038.jpeg\" target=\"_blank\">Polacy chc\u0105 nocnej prohibicji? Sonda\u017c nie\u00a0pozostawia z\u0142udze\u0144<\/a>   Czytaj te\u017c:<br \/><a href=\"https:\/\/www.wprost.pl\/kraj\/12135094\/sondaz-polakow-zapytano-o-nocna-prohibicje-wiekszosc-jest-za.html\" rel=\"follow nofollow noopener\" data-schema=\"WPROST\" data-image=\"https:\/\/img.wprost.pl\/_thumb\/76\/5a\/6cd3cd1050xxd9712bbfd89dc038.jpeg\" target=\"_blank\">Nocna prohibicja. Polak\u00f3w zapytano o\u00a0zdanie<\/a>&#13;<\/p>\n","protected":false},"excerpt":{"rendered":"&#13; O szczeg\u00f3\u0142ach rozm\u00f3w dotycz\u0105cych planu wprowadzenia prohibicji, w\u00a0kt\u00f3rych uczestniczyli politycy \u2013\u00a0w\u00a0tym ci najwa\u017cniejsi \u2013\u00a0poinformowa\u0142a pos\u0142anka Wioleta Tomczak&hellip;\n","protected":false},"author":2,"featured_media":614943,"comment_status":"","ping_status":"","sticky":false,"template":"","format":"standard","meta":{"footnotes":"","_share_on_mastodon":"0"},"categories":[62712],"tags":[906,690,49,907,1005,1507,423,43315,10666],"class_list":["post-614942","post","type-post","status-publish","format-standard","has-post-thumbnail","category-karol-nawrocki","tag-alkohol","tag-karol-nawrocki","tag-kraj","tag-polityka","tag-prezydent","tag-prohibicja","tag-sejm","tag-wprost","tag-zycie"],"share_on_mastodon":{"url":"https:\/\/pubeurope.com\/@pl\/117076761323529983","error":""},"_links":{"self":[{"href":"https:\/\/www.europesays.com\/pl\/wp-json\/wp\/v2\/posts\/614942","targetHints":{"allow":["GET"]}}],"collection":[{"href":"https:\/\/www.europesays.com\/pl\/wp-json\/wp\/v2\/posts"}],"about":[{"href":"https:\/\/www.europesays.com\/pl\/wp-json\/wp\/v2\/types\/post"}],"author":[{"embeddable":true,"href":"https:\/\/www.europesays.com\/pl\/wp-json\/wp\/v2\/users\/2"}],"replies":[{"embeddable":true,"href":"https:\/\/www.europesays.com\/pl\/wp-json\/wp\/v2\/comments?post=614942"}],"version-history":[{"count":0,"href":"https:\/\/www.europesays.com\/pl\/wp-json\/wp\/v2\/posts\/614942\/revisions"}],"wp:featuredmedia":[{"embeddable":true,"href":"https:\/\/www.europesays.com\/pl\/wp-json\/wp\/v2\/media\/614943"}],"wp:attachment":[{"href":"https:\/\/www.europesays.com\/pl\/wp-json\/wp\/v2\/media?parent=614942"}],"wp:term":[{"taxonomy":"category","embeddable":true,"href":"https:\/\/www.europesays.com\/pl\/wp-json\/wp\/v2\/categories?post=614942"},{"taxonomy":"post_tag","embeddable":true,"href":"https:\/\/www.europesays.com\/pl\/wp-json\/wp\/v2\/tags?post=614942"}],"curies":[{"name":"wp","href":"https:\/\/api.w.org\/{rel}","templated":true}]}}