{"id":61521,"date":"2025-10-21T21:59:07","date_gmt":"2025-10-21T21:59:07","guid":{"rendered":"https:\/\/www.europesays.com\/pl\/61521\/"},"modified":"2025-10-21T21:59:07","modified_gmt":"2025-10-21T21:59:07","slug":"zabrali-niemowle-na-rysy-emocjonalny-wpis-na-stronie-dla-milosnikow-tatr","status":"publish","type":"post","link":"https:\/\/www.europesays.com\/pl\/61521\/","title":{"rendered":"Zabrali niemowl\u0119 na Rysy. Emocjonalny wpis na stronie dla mi\u0142o\u015bnik\u00f3w Tatr"},"content":{"rendered":"<p class=\"ods-c-paragraph \"><a href=\"https:\/\/podroze.onet.pl\/aktualnosci\/pokazali-dramatyczne-nagranie-z-rysow-glupota-w-najczystszej-postaci\/jm6r4v3\" id=\"d5f0b32c-d377-49ec-a7e1-3ff05a45f1de\" rel=\"nofollow noopener\" target=\"_blank\">W poniedzia\u0142ek na stronie &#8222;Tatromaniak&#8221; zamieszczono nagranie z opisem<\/a>, z kt\u00f3rego wynika\u0142o, \u017ce para turyst\u00f3w z Litwy zabra\u0142a niemowl\u0119 na najwy\u017csz\u0105 g\u00f3r\u0119 Polski. Niebezpiecze\u0144stwo pot\u0119gowa\u0142 twardy \u015bnieg i oblodzenie na szlaku, ale rodzice nie zwa\u017cali na ostrze\u017cenia innych napotykanych turyst\u00f3w, w tym przewodnik\u00f3w tatrza\u0144skich i ratownik\u00f3w. Ignoruj\u0105c ich uwagi, dodarli na szczyt. Tam jednak zdali sobie spraw\u0119, \u017ce nie maj\u0105 odpowiedniego sprz\u0119tu, by bezpiecznie zej\u015b\u0107. Nie chcieli zgodzi\u0107 si\u0119 na wezwanie pomocy, gdy\u017c nie mieli wykupionego ubezpieczenia. Ostatecznie przekazali dziecko przewodnikowi tatrza\u0144skiemu, kt\u00f3ry zni\u00f3s\u0142 je w bezpieczne miejsce.<\/p>\n<p> Dlaczego para turyst\u00f3w zabra\u0142a niemowl\u0119 na Rysy? <\/p>\n<p> Jakie niebezpiecze\u0144stwa wyst\u0119powa\u0142y na szlaku? <\/p>\n<p> Co si\u0119 sta\u0142o z dzieckiem na szczycie Rys\u00f3w? <\/p>\n<p> Jak zareagowali tw\u00f3rcy profilu 'Tatromaniak&#8217; na t\u0119 sytuacj\u0119? <\/p>\n<p class=\"ods-c-paragraph \">&#8222;D\u0142ugo zastanawiali\u015bmy si\u0119, czy publikowa\u0107 ten film. Nie chcia\u0142em pogodzi\u0107 si\u0119 jednak z tym, \u017ceby te wydarzenia przesz\u0142y bez echa. \u017beby ci ludzie wr\u00f3cili do domu z prze\u015bwiadczeniem, \u017ce wszystko jest ok, nic si\u0119 nie sta\u0142o&#8221; \u2014 czytamy na profilu &#8222;Tatromaniak&#8221; we wtorek. Jak wynika z wpisu, pod pierwotnym postem g\u0142os zabra\u0142 ojciec dziecka &#8222;upieraj\u0105c, \u017ce wiedzia\u0142, co robi, \u017ce wszystko by\u0142o pod kontrol\u0105, \u017ce warunki by\u0142y dobre, \u017ce nikt nie potrzebowa\u0142 pomocy.&#8221;<\/p>\n<p class=\"ods-c-paragraph \">&#8222;Cz\u0142owieku, odda\u0142e\u015b na szczycie Rys\u00f3w w\u0142asne dziecko do zniesienia obcemu facetowi, maj\u0105c wszystko pod kontrol\u0105? Ja nie da\u0142bym swojego nawet na Nosalu, wiedz\u0105c, \u017ce w ka\u017cdej chwili kto\u015b mo\u017ce si\u0119 potkn\u0105\u0107, uderzy\u0107 dzieckiem o ska\u0142\u0119 itd. Ty da\u0142e\u015b w miejscu, gdzie w obecnych warunkach ka\u017cdy b\u0142\u0105d mo\u017ce sko\u0144czy\u0107 si\u0119 tragicznie. Przesta\u0144 wi\u0119c piep***\u0107, \u017ce wszystko by\u0142o ok i nie potrzebowa\u0142e\u015b pomocy. Wiedzia\u0142e\u015b, \u017ce ze swoim stopniem przygotowania w tej sytuacji nie jeste\u015b w stanie bezpiecznie znie\u015b\u0107 swojego dziecka. I ca\u0142e szcz\u0119\u015bcie, \u017ce to wiedzia\u0142e\u015b i nie pr\u00f3bowa\u0142e\u015b tego robi\u0107&#8221; \u2014 czytamy na profilu &#8222;Tatromaniak&#8221;.<\/p>\n","protected":false},"excerpt":{"rendered":"W poniedzia\u0142ek na stronie &#8222;Tatromaniak&#8221; zamieszczono nagranie z opisem, z kt\u00f3rego wynika\u0142o, \u017ce para turyst\u00f3w z Litwy zabra\u0142a&hellip;\n","protected":false},"author":2,"featured_media":61522,"comment_status":"","ping_status":"","sticky":false,"template":"","format":"standard","meta":{"footnotes":""},"categories":[12],"tags":[32,33,36,37,27,1304,34,35,28,31,48,25,46,4897,42,38,40,39,41,15839,15930,47,3492,29,30,26],"class_list":{"0":"post-61521","1":"post","2":"type-post","3":"status-publish","4":"format-standard","5":"has-post-thumbnail","7":"category-polska","8":"tag-breaking-news","9":"tag-breakingnews","10":"tag-featured-news","11":"tag-featurednews","12":"tag-headlines","13":"tag-krakow","14":"tag-latest-news","15":"tag-latestnews","16":"tag-naglowki","17":"tag-najwazniejsze-artykuly","18":"tag-nat_styl","19":"tag-news","20":"tag-omp","21":"tag-perso_tst0","22":"tag-pl","23":"tag-poland","24":"tag-polish","25":"tag-polska","26":"tag-polski","27":"tag-rysy","28":"tag-rysy_gora","29":"tag-screening_general","30":"tag-tatry","31":"tag-top-stories","32":"tag-topstories","33":"tag-wiadomosci"},"share_on_mastodon":{"url":"","error":""},"_links":{"self":[{"href":"https:\/\/www.europesays.com\/pl\/wp-json\/wp\/v2\/posts\/61521","targetHints":{"allow":["GET"]}}],"collection":[{"href":"https:\/\/www.europesays.com\/pl\/wp-json\/wp\/v2\/posts"}],"about":[{"href":"https:\/\/www.europesays.com\/pl\/wp-json\/wp\/v2\/types\/post"}],"author":[{"embeddable":true,"href":"https:\/\/www.europesays.com\/pl\/wp-json\/wp\/v2\/users\/2"}],"replies":[{"embeddable":true,"href":"https:\/\/www.europesays.com\/pl\/wp-json\/wp\/v2\/comments?post=61521"}],"version-history":[{"count":0,"href":"https:\/\/www.europesays.com\/pl\/wp-json\/wp\/v2\/posts\/61521\/revisions"}],"wp:featuredmedia":[{"embeddable":true,"href":"https:\/\/www.europesays.com\/pl\/wp-json\/wp\/v2\/media\/61522"}],"wp:attachment":[{"href":"https:\/\/www.europesays.com\/pl\/wp-json\/wp\/v2\/media?parent=61521"}],"wp:term":[{"taxonomy":"category","embeddable":true,"href":"https:\/\/www.europesays.com\/pl\/wp-json\/wp\/v2\/categories?post=61521"},{"taxonomy":"post_tag","embeddable":true,"href":"https:\/\/www.europesays.com\/pl\/wp-json\/wp\/v2\/tags?post=61521"}],"curies":[{"name":"wp","href":"https:\/\/api.w.org\/{rel}","templated":true}]}}