{"id":615707,"date":"2026-08-11T22:45:11","date_gmt":"2026-08-11T22:45:11","guid":{"rendered":"https:\/\/www.europesays.com\/pl\/615707\/"},"modified":"2026-08-11T22:45:11","modified_gmt":"2026-08-11T22:45:11","slug":"mswia-chce-przedluzyc-zakaz-przebywania-przy-granicy-z-bialorusia","status":"publish","type":"post","link":"https:\/\/www.europesays.com\/pl\/615707\/","title":{"rendered":"MSWiA chce przed\u0142u\u017cy\u0107 zakaz przebywania przy granicy z Bia\u0142orusi\u0105"},"content":{"rendered":"<p>Obecnie obowi\u0105zuj\u0105ce rozporz\u0105dzenie o strefie obj\u0119tej zakazem przebywania wzd\u0142u\u017c ponad 78 km granicy ko\u0144czy si\u0119 31 sierpnia. Od 1 wrze\u015bnia zakaz ma zosta\u0107 przed\u0142u\u017cony \u2014 wynika to z projektu opublikowanego na stronie Rz\u0105dowego Centrum Legislacji.<\/p>\n<p>Obszar obj\u0119ty zakazem nie ulegnie zmianie \u2014 zak\u0142ada MSWiA. W uzasadnieniu do projektu rozporz\u0105dzenia napisano, \u017ce konieczno\u015b\u0107 przed\u0142u\u017cenia okresu obowi\u0105zywania tzw. strefy buforowej wynika z faktu wci\u0105\u017c realnych zagro\u017ce\u0144 na polsko-bia\u0142oruskim odcinku granicy pa\u0144stwowej.<\/p>\n<p>Przed\u0142u\u017cenie zakazu przy granicy z Bia\u0142orusi\u0105. &#8222;Zmiana wektor\u00f3w zagro\u017cenia&#8221;<\/p>\n<p>Autorzy projektu wskazali, \u017ce od pocz\u0105tku roku do 27 lipca 2026 r. na ca\u0142ym odcinku granicy polsko-bia\u0142oruskiej odnotowano 287 pr\u00f3b jej nielegalnego przekroczenia, a w takim samym okresie w 2025 r. ponad 19 tys. pr\u00f3b, co oznacza 98-proc. spadek. &#8222;Nale\u017cy jednak zaznaczy\u0107, \u017ce przedstawiony powy\u017cej spadek liczby zdarze\u0144 o charakterze migracyjnym nie oznacza trwa\u0142ego ustania zagro\u017cenia, a jedynie zmian\u0119 wektor\u00f3w i metod dzia\u0142ania strony bia\u0142oruskiej&#8221; \u2014 czytamy.<\/p>\n<p>W uzasadnieniu podkre\u015blono, \u017ce Bia\u0142oru\u015b nadal pozostaje pa\u0144stwem agresywnym wobec pa\u0144stw cz\u0142onkowskich UE i NATO, wspieraj\u0105cym Federacj\u0119 Rosyjsk\u0105. Ponadto niepokoj\u0105cym zjawiskiem pozostaj\u0105 przeloty przez granic\u0119 pa\u0144stwow\u0105 bezza\u0142ogowych statk\u00f3w powietrznych oraz balon\u00f3w meteorologicznych z terytorium Bia\u0142orusi.<\/p>\n<p>Rosjanie wjad\u0105, jak tylko b\u0119d\u0105 chcieli. Tarcza Wsch\u00f3d ma pot\u0119\u017cne luki<img class=\"ods-a-photo ods-a-photo--background\" src=\"https:\/\/www.europesays.com\/pl\/wp-content\/uploads\/2026\/08\/1786488311_980_Rd8k9lBaHR0cHM6Ly9vY2RuLmV1L3B1bHNjbXMvTURBXy85NGUzMzM1N2IyZGE2ODJjMjJlOTRhOWFkMmRiNTMzMS5wbmeRlQLNA.jpeg\" height=\"253\" width=\"450\" alt=\"Granica z Bia\u0142orusi\u0105\" loading=\"lazy\" fetchpriority=\"low\" decoding=\"async\"\/><\/p>\n<p>Wed\u0142ug MSWiA obowi\u0105zuj\u0105ce dotychczas rozporz\u0105dzenie u\u0142atwi\u0142o s\u0142u\u017cbom prowadzenie dzia\u0142a\u0144 zwi\u0105zanych z ochron\u0105 granicy pa\u0144stwowej, zapewniaj\u0105c tzw. bufor o odpowiedniej szeroko\u015bci, na kt\u00f3rego obszarze nie mog\u0105 przebywa\u0107 osoby nieuprawnione.<\/p>\n<p>Na przewa\u017caj\u0105cej d\u0142ugo\u015bci zakaz obejmuje pas 200 m od granicy na wi\u0119kszo\u015bci odcinka \u2014 59,24 km, ok. 2 km w rejonie rezerwat\u00f3w przyrody \u2014 15,26 km i ok. 4 km w g\u0142\u0105b kraju na odcinku 3,79 km w rejonie podmok\u0142ym.<\/p>\n<p>Strefa co do zasady nie obejmuje miejscowo\u015bci i szlak\u00f3w turystycznych \u2014 ograniczenia maj\u0105 by\u0107 jak najmniej uci\u0105\u017cliwe dla mieszka\u0144c\u00f3w, turyst\u00f3w czy podmiot\u00f3w prowadz\u0105cych dzia\u0142alno\u015b\u0107 zawodow\u0105. Zakaz obowi\u0105zuje od 13 czerwca 2024 r. i dotyczy tej cz\u0119\u015bci woj. podlaskiego, kt\u00f3ra przylega do granicy z Bia\u0142orusi\u0105 \u2014 zewn\u0119trznej granicy strefy Schengen.<\/p>\n","protected":false},"excerpt":{"rendered":"Obecnie obowi\u0105zuj\u0105ce rozporz\u0105dzenie o strefie obj\u0119tej zakazem przebywania wzd\u0142u\u017c ponad 78 km granicy ko\u0144czy si\u0119 31 sierpnia. Od&hellip;\n","protected":false},"author":2,"featured_media":615708,"comment_status":"","ping_status":"","sticky":false,"template":"","format":"standard","meta":{"footnotes":"","_share_on_mastodon":"0"},"categories":[12],"tags":[699,61195,32,33,36,37,12895,27,49,34,35,1891,28,31,48,160,56992,25,46,42,38,40,39,41,87,47,29,30,26],"class_list":["post-615707","post","type-post","status-publish","format-standard","has-post-thumbnail","category-polska","tag-bialorus","tag-bottomfeed_styl","tag-breaking-news","tag-breakingnews","tag-featured-news","tag-featurednews","tag-granica_przejscie_graniczne","tag-headlines","tag-kraj","tag-latest-news","tag-latestnews","tag-mswia","tag-naglowki","tag-najwazniejsze-artykuly","tag-nat_styl","tag-nato","tag-newbb_tst1","tag-news","tag-omp","tag-pl","tag-poland","tag-polish","tag-polska","tag-polski","tag-rosja","tag-screening_general","tag-top-stories","tag-topstories","tag-wiadomosci"],"share_on_mastodon":{"url":"","error":""},"_links":{"self":[{"href":"https:\/\/www.europesays.com\/pl\/wp-json\/wp\/v2\/posts\/615707","targetHints":{"allow":["GET"]}}],"collection":[{"href":"https:\/\/www.europesays.com\/pl\/wp-json\/wp\/v2\/posts"}],"about":[{"href":"https:\/\/www.europesays.com\/pl\/wp-json\/wp\/v2\/types\/post"}],"author":[{"embeddable":true,"href":"https:\/\/www.europesays.com\/pl\/wp-json\/wp\/v2\/users\/2"}],"replies":[{"embeddable":true,"href":"https:\/\/www.europesays.com\/pl\/wp-json\/wp\/v2\/comments?post=615707"}],"version-history":[{"count":0,"href":"https:\/\/www.europesays.com\/pl\/wp-json\/wp\/v2\/posts\/615707\/revisions"}],"wp:featuredmedia":[{"embeddable":true,"href":"https:\/\/www.europesays.com\/pl\/wp-json\/wp\/v2\/media\/615708"}],"wp:attachment":[{"href":"https:\/\/www.europesays.com\/pl\/wp-json\/wp\/v2\/media?parent=615707"}],"wp:term":[{"taxonomy":"category","embeddable":true,"href":"https:\/\/www.europesays.com\/pl\/wp-json\/wp\/v2\/categories?post=615707"},{"taxonomy":"post_tag","embeddable":true,"href":"https:\/\/www.europesays.com\/pl\/wp-json\/wp\/v2\/tags?post=615707"}],"curies":[{"name":"wp","href":"https:\/\/api.w.org\/{rel}","templated":true}]}}