{"id":615990,"date":"2026-08-12T02:23:19","date_gmt":"2026-08-12T02:23:19","guid":{"rendered":"https:\/\/www.europesays.com\/pl\/615990\/"},"modified":"2026-08-12T02:23:19","modified_gmt":"2026-08-12T02:23:19","slug":"karol-nawrocki-liderem-prawicy-ekspert-wskazal-strategie-wprost","status":"publish","type":"post","link":"https:\/\/www.europesays.com\/pl\/615990\/","title":{"rendered":"Karol Nawrocki liderem prawicy? Ekspert wskaza\u0142 strategi\u0119 \u2013 Wprost"},"content":{"rendered":"\n<p>&#13;<br \/>\n6 sierpnia min\u0105\u0142 dok\u0142adnie rok od\u00a0zaprzysi\u0119\u017cenia Karola Nawrockiego na\u00a0prezydenta. Z\u00a0tej okazji na\u00a0dziedzi\u0144cu Pa\u0142acu Prezydenckiego zosta\u0142o zorganizowane okoliczno\u015bciowe wydarzenie, kt\u00f3rego kulminacyjnym punktem by\u0142o przem\u00f3wienie g\u0142owy pa\u0144stwa. &#13;\n<\/p>\n<p>&#13;<br \/>\n<a href=\"https:\/\/www.wprost.pl\/polityka\/sondaze\/12407607\/sondaz-nawrocki-z-szansami-na-reelekcje-polacy-reaguja.html\" target=\"_blank\" rel=\"nofollow noopener\">W sonda\u017cu dla\u00a0\u201eWprost\u201d zapytali\u015bmy Polki i\u00a0Polak\u00f3w,<\/a> czy\u00a0gdyby wybory prezydenckie odbywa\u0142y si\u0119 w\u00a0sierpniu 2026\u00a0r., to\u00a0Karol Nawrocki m\u00f3g\u0142by liczy\u0107 na\u00a0ich g\u0142os. 38,6 proc. badanych zadeklarowa\u0142o, \u017ce\u00a0pomog\u0142oby obecnej g\u0142owie pa\u0144stwa uzyska\u0107 reelekcj\u0119, a\u00a045 proc. respondent\u00f3w nie\u00a0zamierza\u0142oby poprze\u0107 jego kandydatury. 16,4 proc. badanych nie\u00a0ma\u00a0zdania w\u00a0sprawie. &#13;\n<\/p>\n<p>Ekspert o\u00a0strategii Karola Nawrockiego. \u201eJest niejako skazany na\u00a0PiS\u201d<\/p>\n<p>&#13;<br \/>\nO strategii Karola Nawrockiego m\u00f3wi\u0142 prof. Rafa\u0142 Chwedoruk. \u2014\u00a0Ka\u017cdy prezydent w\u00a0Polsce zdaje sobie spraw\u0119, \u017ce\u00a0je\u015bli chce by\u0107 prezydentem, ponownie prezydentem w\u00a0tym wypadku, nie\u00a0uczyni tego bez pot\u0119\u017cnego aparatu partyjnego i\u00a0jego zasob\u00f3w organizacyjnych. Karol Nawrocki jest niejako skazany na\u00a0PiS, natomiast zwyci\u0119stwo w\u00a0II turze zawdzi\u0119cza egzotycznej koalicji spo\u0142ecznej, obejmuj\u0105cej wyborc\u00f3w PiS-u, Konfederacji, Grzegorza Brauna oraz\u00a0tych, kt\u00f3rzy po\u00a0prostu nie\u00a0chcieli, by\u00a0zwyci\u0119\u017cy\u0142a strona popierana przez Donalda Tuska \u2014\u00a0stwierdzi\u0142 ekspert w\u00a0programie \u201eOnet Rano\u201d. &#13;\n<\/p>\n<p>\u2014 St\u0105d Karol Nawrocki od\u00a0pocz\u0105tku bardzo wyra\u017anie realizuje misj\u0119 budowania pomost\u00f3w pomi\u0119dzy PiS-em a\u00a0Konfederacj\u0105. Konfederacja przesun\u0119\u0142a si\u0119 troch\u0119 spo\u0142ecznie w\u00a0stron\u0119 PiS-u, ale\u00a0w\u00a0dalszym ci\u0105gu s\u0105 to\u00a0m\u0142odzi wyborcy bardzo niech\u0119tni wszystkiemu, co\u00a0uosabia PiS, to\u00a0znaczy polityce etatystycznej w\u00a0gospodarce, aktywnej polityce spo\u0142ecznej, jednocze\u015bnie silnemu konserwatyzmowi kulturowemu. Konfederacja, je\u015bli chodzi o\u00a0elektorat, to\u00a0jest pierwsza prawica, kt\u00f3ra nie\u00a0czuje silnego zwi\u0105zku z\u00a0Ko\u015bcio\u0142em \u2014\u00a0t\u0142umaczy\u0142 politolog.  <\/p>\n<p>&#13;<br \/>\nJak zaznaczy\u0142 ekspert, wspomniane pomosty maj\u0105 przede wszystkim dotyczy\u0107 sytuacji powyborczej, kiedy prawica, je\u015bli wygra wybory, to\u00a0b\u0119dzie mia\u0142a bardzo niewielk\u0105 przewag\u0119. \u2014\u00a0W\u00f3wczas te\u00a0mosty b\u0119d\u0105 musia\u0142y by\u0107 sfinalizowane. W\u00a0stanie na\u00a0dzi\u015b nie\u00a0s\u0105dz\u0119, \u017ceby liderzy czterech podmiot\u00f3w prawicowych wci\u0105\u017c mobilizuj\u0105cych swoich cz\u0142onk\u00f3w, ot tak, nagle, rzucili si\u0119 w\u00a0ramiona prezydenta i\u00a0powiedzieli: \u201eprezydencie prowad\u017a, tw\u00f3rz wsp\u00f3ln\u0105 list\u0119&#8221;. My\u015bl\u0119, \u017ce\u00a0tylko jaka\u015b katastrofa sonda\u017cowa prawicy mog\u0142aby spowodowa\u0107 ruchy, kt\u00f3re zmierza\u0142yby w\u00a0stron\u0119 zjednoczenia \u2014\u00a0oceni\u0142 prof. Chwedoruk. &#13;\n<\/p>\n<p>&#13;<br \/>\n   Czytaj te\u017c:<br \/><a href=\"https:\/\/www.wprost.pl\/kraj\/12411267\/generalowie-niezadowoleni-z-nawrockiego-w-tle-safe-i-spor-z-mon.html\" rel=\"follow nofollow noopener\" data-schema=\"WPROST\" data-image=\"https:\/\/img.wprost.pl\/_thumb\/3c\/5f\/a572f12d1975d217c77b1a2ea00e.jpeg\" target=\"_blank\">Nawrocki traci poparcie genera\u0142\u00f3w? \u201eWojsko dla\u00a0prezydenta nie\u00a0jest priorytetem\u201d<\/a>   Czytaj te\u017c:<br \/><a href=\"https:\/\/www.wprost.pl\/polityka\/12411129\/prezydent-karol-nawrocki-nie-zaplacil-55-tys-zlotych-nowy-raport-nik.html\" rel=\"follow nofollow noopener\" data-schema=\"WPROST\" data-image=\"https:\/\/img.wprost.pl\/_thumb\/bb\/85\/fbe87d7a68dc9a35caab8b8762a4.jpeg\" target=\"_blank\">Nawrocki nie\u00a0odda\u0142 55 tys. z\u0142otych. Nowy raport NIK<\/a>&#13;<\/p>\n","protected":false},"excerpt":{"rendered":"&#13; 6 sierpnia min\u0105\u0142 dok\u0142adnie rok od\u00a0zaprzysi\u0119\u017cenia Karola Nawrockiego na\u00a0prezydenta. Z\u00a0tej okazji na\u00a0dziedzi\u0144cu Pa\u0142acu Prezydenckiego zosta\u0142o zorganizowane okoliczno\u015bciowe&hellip;\n","protected":false},"author":2,"featured_media":615991,"comment_status":"","ping_status":"","sticky":false,"template":"","format":"standard","meta":{"footnotes":"","_share_on_mastodon":"0"},"categories":[62712],"tags":[19841,690,1006,49,64711,59734,529,121582,907,43315],"class_list":["post-615990","post","type-post","status-publish","format-standard","has-post-thumbnail","category-karol-nawrocki","tag-ekspert","tag-karol-nawrocki","tag-konfederacja","tag-kraj","tag-magdalena-frindt","tag-opinie-i-komentarze","tag-pis","tag-politolog","tag-polityka","tag-wprost"],"share_on_mastodon":{"url":"https:\/\/pubeurope.com\/@pl\/117080162528090414","error":""},"_links":{"self":[{"href":"https:\/\/www.europesays.com\/pl\/wp-json\/wp\/v2\/posts\/615990","targetHints":{"allow":["GET"]}}],"collection":[{"href":"https:\/\/www.europesays.com\/pl\/wp-json\/wp\/v2\/posts"}],"about":[{"href":"https:\/\/www.europesays.com\/pl\/wp-json\/wp\/v2\/types\/post"}],"author":[{"embeddable":true,"href":"https:\/\/www.europesays.com\/pl\/wp-json\/wp\/v2\/users\/2"}],"replies":[{"embeddable":true,"href":"https:\/\/www.europesays.com\/pl\/wp-json\/wp\/v2\/comments?post=615990"}],"version-history":[{"count":0,"href":"https:\/\/www.europesays.com\/pl\/wp-json\/wp\/v2\/posts\/615990\/revisions"}],"wp:featuredmedia":[{"embeddable":true,"href":"https:\/\/www.europesays.com\/pl\/wp-json\/wp\/v2\/media\/615991"}],"wp:attachment":[{"href":"https:\/\/www.europesays.com\/pl\/wp-json\/wp\/v2\/media?parent=615990"}],"wp:term":[{"taxonomy":"category","embeddable":true,"href":"https:\/\/www.europesays.com\/pl\/wp-json\/wp\/v2\/categories?post=615990"},{"taxonomy":"post_tag","embeddable":true,"href":"https:\/\/www.europesays.com\/pl\/wp-json\/wp\/v2\/tags?post=615990"}],"curies":[{"name":"wp","href":"https:\/\/api.w.org\/{rel}","templated":true}]}}