{"id":616128,"date":"2026-08-12T04:04:13","date_gmt":"2026-08-12T04:04:13","guid":{"rendered":"https:\/\/www.europesays.com\/pl\/616128\/"},"modified":"2026-08-12T04:04:13","modified_gmt":"2026-08-12T04:04:13","slug":"tak-zmienila-sie-zona-cristiano-ronaldo-bylam-kelnerka-i-sprzataczka","status":"publish","type":"post","link":"https:\/\/www.europesays.com\/pl\/616128\/","title":{"rendered":"Tak zmieni\u0142a si\u0119 \u017cona Cristiano Ronaldo. &#8222;By\u0142am kelnerk\u0105 i sprz\u0105taczk\u0105&#8221;"},"content":{"rendered":"<p>Georgina Rodriguez i Cristiano Ronaldo poznali si\u0119 latem 2016 r. Do ich pierwszego spotkania dosz\u0142o przed butikiem Gucciego, w kt\u00f3rym w\u00f3wczas pracowa\u0142a jako asystentka sprzeda\u017cy.<\/p>\n<p>Dalszy ci\u0105g artyku\u0142u pod materia\u0142em wideoPoznali si\u0119 przypadkiem. &#8222;Nie mog\u0142em o niej zapomnie\u0107&#8221;<\/p>\n<p>\u2014 Podszed\u0142em tam i j\u0105 zobaczy\u0142em, akurat sko\u0144czy\u0142a prac\u0119. To by\u0142a taka chwila, gdy dwie osoby od razu przypadaj\u0105 sobie do gustu. Potem nie mog\u0142em o niej zapomnie\u0107. Tak w\u0142a\u015bnie by\u0142o \u2014 wspomina\u0142 CR7 w serialu Netflixa pt. &#8222;Soy Georgina&#8221;.<\/p>\n<p>&#8222;Zakochali\u015bmy si\u0119 w sobie od pierwszego wejrzenia. Kiedy zobaczy\u0142am go po raz pierwszy, poczu\u0142am, \u017ce czas si\u0119 zatrzyma\u0142. [\u2026] Jest najprzystojniejszym m\u0119\u017cczyzn\u0105, jakiego moje oczy kiedykolwiek widzia\u0142y&#8221; \u2014 opowiada\u0142a z kolei Georgina w wywiadzie dla hiszpa\u0144skiego &#8222;Elle&#8221;.<\/p>\n<p>Georgina Rodriguez i Cristiano Ronaldo w 2017 r.:<\/p>\n<p>Ich zwi\u0105zek wyszed\u0142 na jaw w listopadzie 2016 r., gdy wybrali si\u0119 na randk\u0119 do Disneylandu. Sportowiec co prawda pr\u00f3bowa\u0142 si\u0119 kamuflowa\u0107, zak\u0142adaj\u0105c m.in. peruk\u0119, ale ludzie i tak go rozpoznali. W styczniu 2017 r. para zadebiutowa\u0142a na tzw. \u015bciance. W\u00f3wczas CR7 zabra\u0142 ukochan\u0105 do Zurychu na gal\u0119 FIFA The Best.<\/p>\n<p>Zwi\u0105zek z Cristiano Ronaldo sprawi\u0142, \u017ce Georgina Rodriguez szybko sta\u0142a si\u0119 jedn\u0105 z najpopularniejszych WAGs na \u015bwiecie. Wystarczy wspomnie\u0107, \u017ce obecnie na Instagramie obserwuje j\u0105 ponad 77 mln internaut\u00f3w, a Netflix nakr\u0119ci\u0142 trzy sezony serialu o \u017cyciu ukochanej Portugalczyka.<\/p>\n<p>Georgina Rodriguez i Cristiano Ronaldo w 2016 r.: <\/p>\n<p>Tym zajmowa\u0142a si\u0119 Georgina Rodriguez, zanim pozna\u0142a Cristiano Ronaldo<\/p>\n<p>Georgina Rodriguez pracowa\u0142a, odk\u0105d by\u0142a nastolatk\u0105. W miejscowo\u015bci Jaca, gdzie mieszka\u0142a od trzeciego roku \u017cycia, by\u0142a kelnerk\u0105, a tak\u017ce sprz\u0105ta\u0142a pokoje. Gdy przenios\u0142a si\u0119 do Madrytu, pracowa\u0142a w Massimo Dutti. W 2015 r. wyjecha\u0142a do Wielkiej Brytanii.<\/p>\n<p>&#8222;Przyjecha\u0142am do Bristolu jako au-pair&#8221; \u2014 wspomina\u0142a sze\u015b\u0107 lat p\u00f3\u017aniej na \u0142amach magazynu &#8222;Cosmopolitan&#8221;. Po powrocie do Hiszpanii zacz\u0119\u0142a prac\u0119 w butiku Gucciego i dzi\u0119ki temu pewnego dnia pozna\u0142a Cristiano Ronaldo.<\/p>\n<p>Georgina Rodriguez w 2015 r. w Bristolu:<\/p>\n<p>\u2014 By\u0142am kelnerk\u0105, sprz\u0105taczk\u0105, ekspedientk\u0105 w sklepie\u2026 a teraz rz\u0105dz\u0119 \u2014 \u015bmia\u0142a si\u0119 w 2022 r. w pierwszym sezonie serialu &#8222;Jestem Georgina&#8221;.<\/p>\n<p>Niedawno Rodriguez wr\u00f3ci\u0142a wspomnieniami do dawnych czas\u00f3w. &#8222;Pierwsz\u0105 wyp\u0142at\u0119 dosta\u0142am za prac\u0119 jako sprz\u0105taczka i kelnerka w hotelu. I szczerze m\u00f3wi\u0105c, nigdy nie postrzega\u0142am tego jako rozczarowania. Wr\u0119cz przeciwnie. Czu\u0142am si\u0119 niezwykle szcz\u0119\u015bliwa, \u017ce mia\u0142am tak\u0105 szans\u0119, \u017ce mog\u0142am pozna\u0107 pracowitych ludzi, kt\u00f3rzy codziennie mnie inspirowali, i \u017ce odkry\u0142am, jak cenne jest zdobywanie rzeczy w\u0142asnym wysi\u0142kiem&#8221; \u2014 wyzna\u0142a w wywiadzie dla hiszpa\u0144skiego &#8222;Harper&#8217;s Bazaar&#8221;.<\/p>\n<p>&#8222;Z biegiem lat zrozumia\u0142am, \u017ce \u017cadna praca nie jest mniej godna od innej i \u017ce \u017cadne marzenie nie przepadnie tylko dlatego, \u017ce zaczyna si\u0119 je realizowa\u0107 inaczej, ni\u017c sobie to wyobra\u017ca\u0142e\u015b. Czasami los kieruje ci\u0119 nieoczekiwanymi \u015bcie\u017ckami, ale ka\u017cde do\u015bwiadczenie ma sw\u00f3j cel&#8221; \u2014 podkre\u015bla\u0142a ukochana Cristiano Ronaldo.<\/p>\n<p>Georgina Rodriguez w 2016 r.<\/p>\n<p>Georgina Rodriguez przez wiele lat ta\u0144czy\u0142a w balecie i marzy\u0142a o tym, by w przysz\u0142o\u015bci zosta\u0107 tancerk\u0105.<\/p>\n<p>&#8222;Moje dzieci\u0144stwo naznaczone by\u0142o bardzo jasnymi warto\u015bciami: szacunkiem, wysi\u0142kiem, dyscyplin\u0105 i mi\u0142o\u015bci\u0105. [&#8230;] Nauczy\u0142am si\u0119, \u017ce marzenia buduje si\u0119 dzie\u0144 po dniu, z oddaniem i cierpliwo\u015bci\u0105. Patrz\u0105c wstecz, uwa\u017cam, \u017ce wiele z tego, kim jestem dzisiaj, zrodzi\u0142o si\u0119 w\u0142a\u015bnie w tamtych latach, przed lustrem, kiedy uczy\u0142am si\u0119, \u017ce talent jest wa\u017cny, ale to ci\u0119\u017cka praca i wytrwa\u0142o\u015b\u0107 naprawd\u0119 przybli\u017caj\u0105 ci\u0119 do twoich cel\u00f3w&#8221; \u2014 wyzna\u0142a na \u0142amach &#8222;Harper&#8217;s Bazaar&#8221;.<\/p>\n<p>W tym samym wywiadzie opowiada\u0142a te\u017c, \u017ce rodzice nauczyli j\u0105 szacunku, mi\u0142o\u015bci, wysi\u0142ku i pokory, a tak\u017ce tego, \u017ce nie zawsze wszystko idzie zgodnie z planem. &#8222;Kiedy jaki\u015b plan nie wypali\u0142, oni si\u0119 nie poddawali. [&#8230;] Nauczyli mnie, \u017ce marzenia s\u0105 wa\u017cne, ale r\u00f3wnie wa\u017cna jest umiej\u0119tno\u015b\u0107 dostosowania si\u0119 do nowych okoliczno\u015bci, gdy sytuacja si\u0119 zmienia&#8221; \u2014 m\u00f3wi\u0142a.<\/p>\n<p>Georgina Rodriguez w dzieci\u0144stwie:<\/p>\n<p>&#8222;Nigdy nie czu\u0142am potrzeby kreowania wizerunku&#8221;<\/p>\n<p>Georgina Rodriguez nieraz podkre\u015bla\u0142a w wywiadach, \u017ce nikogo nie udaje. &#8222;Nigdy nie czu\u0142am potrzeby kreowania wizerunku. S\u0105 aspekty mojego \u017cycia prywatnego, kt\u00f3re chroni\u0119, poniewa\u017c nale\u017c\u0105 do mojej rodziny i mojej prywatno\u015bci, ale jako osoba jestem do\u015b\u0107 transparentna. Ci, kt\u00f3rzy mnie dobrze znaj\u0105, widz\u0105 we mnie t\u0119 sam\u0105 kobiet\u0119, kt\u00f3r\u0105 widz\u0105 publicznie. [&#8230;] Chroni\u0119 swoj\u0105 prywatno\u015b\u0107, ale nie swoj\u0105 osobowo\u015b\u0107. Kobieta, kt\u00f3r\u0105 ludzie widz\u0105, jest w istocie t\u0105 sam\u0105 osob\u0105, kt\u00f3r\u0105 jestem, gdy kamery s\u0105 wy\u0142\u0105czone&#8221; \u2014 oznajmi\u0142a w &#8222;Harper&#8217;s Bazaar&#8221;.<\/p>\n<p>Georgina Rodriguez w 2019 r.:<\/p>\n<p>Dzi\u015b Georgina Rodriguez ma miliony na koncie i nie musi si\u0119 martwi\u0107 o swoj\u0105 przysz\u0142o\u015b\u0107. 32-letnia WAG pomaga w biznesach swojemu ukochanemu, ma te\u017c w\u0142asne projekty. Wsp\u00f3\u0142pracuje z r\u00f3\u017cnymi firmami i na brak zainteresowania ze strony s\u0142ynnych marek nie narzeka.<\/p>\n<p>Od czasu do czasu mo\u017cemy j\u0105 zobaczy\u0107 na wydarzeniach w blasku fleszy. Jak sama jednak podkre\u015bla, najlepiej czuje si\u0119 w domu w gronie najbli\u017cszych.<\/p>\n<p>Georgina Rodriguez w 2026 r.:<\/p>\n<p>Georgina Rodriguez w 2025 r. zar\u0119czy\u0142a si\u0119 z Cristiano Ronaldo, a teraz wzi\u0119\u0142a z nim \u015blub.<\/p>\n<p>Para wychowuje pi\u0119cioro dzieci: 16-letniego Cristiano Ronaldo Juniora, dziewi\u0119cioletnie bli\u017aniaki Ev\u0119 i Mateo, Alan\u0119 Martin\u0119, kt\u00f3ra dziewi\u0105te urodziny b\u0119dzie obchodzi\u0107 w listopadzie, oraz Bell\u0119 Esmerald\u0119, kt\u00f3ra w kwietniu sko\u0144czy\u0142a cztery lata. Ukochana pi\u0142karza jest biologiczn\u0105 mam\u0105 dw\u00f3ch najm\u0142odszych dziewczynek, ale wielokrotnie podkre\u015bla\u0142a, \u017ce wszystkie dzieci kocha tak samo.<\/p>\n<p>Georgina Rodriguez i Cristiano Ronaldo z dzie\u0107mi w 2026 r.:<\/p>\n","protected":false},"excerpt":{"rendered":"Georgina Rodriguez i Cristiano Ronaldo poznali si\u0119 latem 2016 r. Do ich pierwszego spotkania dosz\u0142o przed butikiem Gucciego,&hellip;\n","protected":false},"author":2,"featured_media":616129,"comment_status":"","ping_status":"","sticky":false,"template":"","format":"standard","meta":{"footnotes":"","_share_on_mastodon":"0"},"categories":[52122],"tags":[61195,3286,3287,48,129,46,948,6010,752,42,38,40,39,41,47,11971,130],"class_list":["post-616128","post","type-post","status-publish","format-standard","has-post-thumbnail","category-pko-bank-polski","tag-bottomfeed_styl","tag-cristiano_ronaldo","tag-georgina_rodriguez","tag-nat_styl","tag-ofsajd","tag-omp","tag-pilka_nozna","tag-pko-bank-polski","tag-pko-bp","tag-pl","tag-poland","tag-polish","tag-polska","tag-polski","tag-screening_general","tag-wags","tag-wiadomosci_sportowe"],"share_on_mastodon":{"url":"https:\/\/pubeurope.com\/@pl\/117080559649994014","error":""},"_links":{"self":[{"href":"https:\/\/www.europesays.com\/pl\/wp-json\/wp\/v2\/posts\/616128","targetHints":{"allow":["GET"]}}],"collection":[{"href":"https:\/\/www.europesays.com\/pl\/wp-json\/wp\/v2\/posts"}],"about":[{"href":"https:\/\/www.europesays.com\/pl\/wp-json\/wp\/v2\/types\/post"}],"author":[{"embeddable":true,"href":"https:\/\/www.europesays.com\/pl\/wp-json\/wp\/v2\/users\/2"}],"replies":[{"embeddable":true,"href":"https:\/\/www.europesays.com\/pl\/wp-json\/wp\/v2\/comments?post=616128"}],"version-history":[{"count":0,"href":"https:\/\/www.europesays.com\/pl\/wp-json\/wp\/v2\/posts\/616128\/revisions"}],"wp:featuredmedia":[{"embeddable":true,"href":"https:\/\/www.europesays.com\/pl\/wp-json\/wp\/v2\/media\/616129"}],"wp:attachment":[{"href":"https:\/\/www.europesays.com\/pl\/wp-json\/wp\/v2\/media?parent=616128"}],"wp:term":[{"taxonomy":"category","embeddable":true,"href":"https:\/\/www.europesays.com\/pl\/wp-json\/wp\/v2\/categories?post=616128"},{"taxonomy":"post_tag","embeddable":true,"href":"https:\/\/www.europesays.com\/pl\/wp-json\/wp\/v2\/tags?post=616128"}],"curies":[{"name":"wp","href":"https:\/\/api.w.org\/{rel}","templated":true}]}}