{"id":616164,"date":"2026-08-12T04:27:13","date_gmt":"2026-08-12T04:27:13","guid":{"rendered":"https:\/\/www.europesays.com\/pl\/616164\/"},"modified":"2026-08-12T04:27:13","modified_gmt":"2026-08-12T04:27:13","slug":"korea-polnocna-wystrzelila-pocisk-to-kolejna-prowokacja-pjongjangu","status":"publish","type":"post","link":"https:\/\/www.europesays.com\/pl\/616164\/","title":{"rendered":"Korea P\u00f3\u0142nocna wystrzeli\u0142a pocisk. To kolejna prowokacja Pjongjangu"},"content":{"rendered":"<p>Po\u0142udniowokorea\u0144skie Kolegium Po\u0142\u0105czonych Szef\u00f3w Sztab\u00f3w (JCS) poda\u0142o w komunikacie, \u017ce &#8222;wojsko wykry\u0142o o godz. 6 rano (godz. 23 we wtorek w Polsce) pocisk balistyczny wystrzelony przez Kore\u0119 P\u00f3\u0142nocn\u0105 z rejonu Wonsan w kierunku Morza Japo\u0144skiego&#8221;. Dodano, \u017ce trwa szczeg\u00f3\u0142owa analiza parametr\u00f3w lotu rakiety, a Seul, Waszyngton i Tokio na bie\u017c\u0105co wymieniaj\u0105 si\u0119 informacjami wywiadowczymi. Wed\u0142ug po\u0142udniowokorea\u0144skiej armii pocisk przelecia\u0142 ponad 700 km.<\/p>\n<p>Dalszy ci\u0105g artyku\u0142u pod materia\u0142em wideo<\/p>\n<p>Ministerstwo Obrony Japonii oceni\u0142o, \u017ce obiekt spad\u0142 prawdopodobnie poza wy\u0142\u0105czn\u0105 stref\u0105 ekonomiczn\u0105 tego kraju, nie powoduj\u0105c \u017cadnych szk\u00f3d. Z kolei po\u0142udniowokorea\u0144skie Biuro Bezpiecze\u0144stwa Narodowego wezwa\u0142o Pjongjang do natychmiastowego zaprzestania prowokacji naruszaj\u0105cych rezolucje Rady Bezpiecze\u0144stwa ONZ.<\/p>\n<p>\u015arodowy test mia\u0142 miejsce zaledwie sze\u015b\u0107 dni po wystrzeleniu przez P\u00f3\u0142noc innej rakiety balistycznej. Ubieg\u0142otygodniowa pr\u00f3ba nast\u0105pi\u0142a w obliczu dyplomatycznych napi\u0119\u0107 na linii Pjongjang-Tokio. P\u00f3\u0142nocnokorea\u0144skie w\u0142adze oskar\u017cy\u0142y Japoni\u0119, planuj\u0105c\u0105 zwi\u0119kszy\u0107 wydatki zbrojeniowe, o stopniowe stawanie si\u0119 &#8222;wojowniczym pa\u0144stwem&#8221;.<\/p>\n<p>Niestabilna sytuacja na P\u00f3\u0142wyspie Korea\u0144skim<\/p>\n<p>\u0141\u0105cznie w bie\u017c\u0105cym roku re\u017cim Kim Dzong Una przeprowadzi\u0142 ju\u017c 11 takich pr\u00f3b rakietowych. Sytuacja na P\u00f3\u0142wyspie Korea\u0144skim zaostrza si\u0119 tak\u017ce w zwi\u0105zku z zaplanowanymi na 17-27 sierpnia ameryka\u0144sko-po\u0142udniowokorea\u0144skimi \u0107wiczeniami wojskowymi &#8222;Ulchi Freedom Shield&#8221;. W\u0142adze w Pjongjangu regularnie pot\u0119piaj\u0105 te manewry, okre\u015blaj\u0105c je jako bezpo\u015brednie przygotowania do zbrojnej inwazji.<\/p>\n<p>Ze\u0142enski o potajemnych planach Putina: my\u015bli, jak oszuka\u0107 w\u0142asnych obywateli. Chce przekr\u0119ci\u0107 ustalenia z USA<img class=\"ods-a-photo ods-a-photo--background\" src=\"https:\/\/www.europesays.com\/pl\/wp-content\/uploads\/2026\/08\/ytVk9lBaHR0cHM6Ly9vY2RuLmV1L3B1bHNjbXMvTURBXy8zMjVjOWU3ZTFiZDNlOTMwY2M1ZWMwNGM1ZWZjOTZhNC5qcGeRlQLNA.jpeg\" height=\"300\" width=\"450\" alt=\"Wo\u0142odymyr Ze\u0142enski\" loading=\"lazy\" fetchpriority=\"low\" decoding=\"async\"\/><\/p>\n<p>Osobno agencja Yonhap poinformowa\u0142a w \u015brod\u0119, \u017ce Korea P\u0142d., USA oraz 38 innych pa\u0144stw wyda\u0142y wsp\u00f3lne o\u015bwiadczenie wzywaj\u0105ce do uprzedniego powiadamiania o startach mi\u0119dzykontynentalnych pocisk\u00f3w balistycznych oraz pocisk\u00f3w wystrzeliwanych z okr\u0119t\u00f3w podwodnych.<\/p>\n","protected":false},"excerpt":{"rendered":"Po\u0142udniowokorea\u0144skie Kolegium Po\u0142\u0105czonych Szef\u00f3w Sztab\u00f3w (JCS) poda\u0142o w komunikacie, \u017ce &#8222;wojsko wykry\u0142o o godz. 6 rano (godz. 23&hellip;\n","protected":false},"author":2,"featured_media":616165,"comment_status":"","ping_status":"","sticky":false,"template":"","format":"standard","meta":{"footnotes":"","_share_on_mastodon":"0"},"categories":[14],"tags":[61195,32,33,27,706,2015,2014,5835,34,35,28,31,48,25,46,55,5918,40,41,47,1746,80,243,29,30,4396,26,82,83,84],"class_list":["post-616164","post","type-post","status-publish","format-standard","has-post-thumbnail","category-swiat","tag-bottomfeed_styl","tag-breaking-news","tag-breakingnews","tag-headlines","tag-japonia","tag-kim_dzong_un","tag-korea_polnocna","tag-korea_poludniowa","tag-latest-news","tag-latestnews","tag-naglowki","tag-najwazniejsze-artykuly","tag-nat_styl","tag-news","tag-omp","tag-phx","tag-pjongjang","tag-polish","tag-polski","tag-screening_general","tag-seul","tag-swiat","tag-tokio","tag-top-stories","tag-topstories","tag-waszyngton","tag-wiadomosci","tag-world","tag-world-news","tag-worldnews"],"share_on_mastodon":{"url":"https:\/\/pubeurope.com\/@pl\/117080651518393266","error":""},"_links":{"self":[{"href":"https:\/\/www.europesays.com\/pl\/wp-json\/wp\/v2\/posts\/616164","targetHints":{"allow":["GET"]}}],"collection":[{"href":"https:\/\/www.europesays.com\/pl\/wp-json\/wp\/v2\/posts"}],"about":[{"href":"https:\/\/www.europesays.com\/pl\/wp-json\/wp\/v2\/types\/post"}],"author":[{"embeddable":true,"href":"https:\/\/www.europesays.com\/pl\/wp-json\/wp\/v2\/users\/2"}],"replies":[{"embeddable":true,"href":"https:\/\/www.europesays.com\/pl\/wp-json\/wp\/v2\/comments?post=616164"}],"version-history":[{"count":0,"href":"https:\/\/www.europesays.com\/pl\/wp-json\/wp\/v2\/posts\/616164\/revisions"}],"wp:featuredmedia":[{"embeddable":true,"href":"https:\/\/www.europesays.com\/pl\/wp-json\/wp\/v2\/media\/616165"}],"wp:attachment":[{"href":"https:\/\/www.europesays.com\/pl\/wp-json\/wp\/v2\/media?parent=616164"}],"wp:term":[{"taxonomy":"category","embeddable":true,"href":"https:\/\/www.europesays.com\/pl\/wp-json\/wp\/v2\/categories?post=616164"},{"taxonomy":"post_tag","embeddable":true,"href":"https:\/\/www.europesays.com\/pl\/wp-json\/wp\/v2\/tags?post=616164"}],"curies":[{"name":"wp","href":"https:\/\/api.w.org\/{rel}","templated":true}]}}