{"id":616186,"date":"2026-08-12T04:42:27","date_gmt":"2026-08-12T04:42:27","guid":{"rendered":"https:\/\/www.europesays.com\/pl\/616186\/"},"modified":"2026-08-12T04:42:27","modified_gmt":"2026-08-12T04:42:27","slug":"kierowca-uderzyl-samochodem-w-bariery-utrudnienia-na-s5-w-kierunku-poznania","status":"publish","type":"post","link":"https:\/\/www.europesays.com\/pl\/616186\/","title":{"rendered":"Kierowca uderzy\u0142 samochodem w bariery. Utrudnienia na S5 w kierunku Poznania"},"content":{"rendered":"<p>    We wtorek mi\u0119dzy w\u0119z\u0142ami \u0141ubowo i Czerniejewo dosz\u0142o do kolizji.<\/p>\n<p>Wed\u0142ug informacji od Generalnej Dyrekcji Dr\u00f3g Krajowych i Autostrad, na wysoko\u015bci miejscowo\u015bci Wierzyce, kierowca samochodu osobowego wjecha\u0142 pojazdem w bariery. Nie ma informacji o osobach poszkodowanych. <\/p>\n<p>Zablokowany jest jeden pas ruchu, przejazd odbywa si\u0119 pasem lewym. <\/p>\n<p>Utrudnienia mog\u0105 potrwa\u0107 do oko\u0142o godz. 20:00. <\/p>\n","protected":false},"excerpt":{"rendered":"We wtorek mi\u0119dzy w\u0119z\u0142ami \u0141ubowo i Czerniejewo dosz\u0142o do kolizji. Wed\u0142ug informacji od Generalnej Dyrekcji Dr\u00f3g Krajowych i&hellip;\n","protected":false},"author":2,"featured_media":616187,"comment_status":"","ping_status":"","sticky":false,"template":"","format":"standard","meta":{"footnotes":"","_share_on_mastodon":"0"},"categories":[51609],"tags":[3431,42,38,40,39,41,1817,5304,121599],"class_list":["post-616186","post","type-post","status-publish","format-standard","has-post-thumbnail","category-poznan","tag-kolizja","tag-pl","tag-poland","tag-polish","tag-polska","tag-polski","tag-poznan","tag-region","tag-wierzyce"],"share_on_mastodon":{"url":"https:\/\/pubeurope.com\/@pl\/117080709676079731","error":""},"_links":{"self":[{"href":"https:\/\/www.europesays.com\/pl\/wp-json\/wp\/v2\/posts\/616186","targetHints":{"allow":["GET"]}}],"collection":[{"href":"https:\/\/www.europesays.com\/pl\/wp-json\/wp\/v2\/posts"}],"about":[{"href":"https:\/\/www.europesays.com\/pl\/wp-json\/wp\/v2\/types\/post"}],"author":[{"embeddable":true,"href":"https:\/\/www.europesays.com\/pl\/wp-json\/wp\/v2\/users\/2"}],"replies":[{"embeddable":true,"href":"https:\/\/www.europesays.com\/pl\/wp-json\/wp\/v2\/comments?post=616186"}],"version-history":[{"count":0,"href":"https:\/\/www.europesays.com\/pl\/wp-json\/wp\/v2\/posts\/616186\/revisions"}],"wp:featuredmedia":[{"embeddable":true,"href":"https:\/\/www.europesays.com\/pl\/wp-json\/wp\/v2\/media\/616187"}],"wp:attachment":[{"href":"https:\/\/www.europesays.com\/pl\/wp-json\/wp\/v2\/media?parent=616186"}],"wp:term":[{"taxonomy":"category","embeddable":true,"href":"https:\/\/www.europesays.com\/pl\/wp-json\/wp\/v2\/categories?post=616186"},{"taxonomy":"post_tag","embeddable":true,"href":"https:\/\/www.europesays.com\/pl\/wp-json\/wp\/v2\/tags?post=616186"}],"curies":[{"name":"wp","href":"https:\/\/api.w.org\/{rel}","templated":true}]}}