{"id":616504,"date":"2026-08-12T07:46:13","date_gmt":"2026-08-12T07:46:13","guid":{"rendered":"https:\/\/www.europesays.com\/pl\/616504\/"},"modified":"2026-08-12T07:46:13","modified_gmt":"2026-08-12T07:46:13","slug":"krzysztof-gawkowski-wyslal-pismo-do-elona-muska-to-jest-skandal","status":"publish","type":"post","link":"https:\/\/www.europesays.com\/pl\/616504\/","title":{"rendered":"Krzysztof Gawkowski wys\u0142a\u0142 pismo do Elona Muska. &#8222;To jest skandal&#8221;"},"content":{"rendered":"<p>W \u015brod\u0119 rano Krzysztof Gawkowski zamie\u015bci\u0142 wpis, w kt\u00f3rym jasno sprzeciwi\u0142 si\u0119 nowym regulacjom firmy SpaceX, nale\u017c\u0105cej do Elona Muska. Jak podkre\u015bli\u0142, s\u0105 one niekorzystne i niesprawiedliwe dla Polak\u00f3w. &#8222;Od 17 sierpnia Polacy korzystaj\u0105cy ze Starlink Roam maj\u0105 by\u0107 traktowani gorzej ni\u017c klienci z innych pa\u0144stw Europy: dodatkowe formalno\u015bci, obowi\u0105zek zg\u0142aszania podr\u00f3\u017cy i weryfikacja dokument\u00f3w&#8221; \u2014 napisa\u0142 wicepremier.<\/p>\n<p>SpaceX zmienia regulacje. &#8222;Nie mo\u017ce tak by\u0107&#8221;<\/p>\n<p>\u2014 Chodzi o to, \u017ce firma SpaceX zmienia swoje regulaminy w Europie, kt\u00f3re Polsk\u0119 niestety stawiaj\u0105 jako pa\u0144stwo drugiej kategorii, je\u015bli chodzi o korzystanie Polak\u00f3w ze Starlinka \u2014 m\u00f3wi w &#8222;Onet Rano.&#8221; minister cyfryzacji. T\u0142umaczy, \u017ce Starlink to model &#8222;wykorzystania internetu zdalnie poprzez \u0142\u0105czno\u015b\u0107 satelitarn\u0105, kt\u00f3r\u0105 mo\u017cna sobie przewie\u015b\u0107&#8221;.<\/p>\n<p>Dalszy ci\u0105g artyku\u0142u pod materia\u0142em wideo<\/p>\n<p>Dalej wicepremier wskazuje, \u017ce firma SpaceX nie zmieni\u0142a standardu dla wielu kraj\u00f3w Europy, ale dla Polski tak. \u2014 \u017be, jak wyje\u017cd\u017camy poza Europ\u0119, to b\u0119dziemy musieli jakie\u015b dodatkowe dokumenty podpisywa\u0107 itd. W mojej ocenie to jest skandal. Nie mo\u017ce by\u0107 tak, \u017ce Polska jest krajem drugiej kategorii, skoro p\u0142acimy, handluj\u0105 na naszym rynku, SpaceX tu zarabia \u2014 m\u00f3wi Gawkowski, zapowiadaj\u0105c, \u017ce je\u015bli nie b\u0119dzie szybkiej reakcji i &#8222;powrotu do standard\u00f3w&#8221;, to &#8222;Polska te\u017c b\u0119dzie reagowa\u0142a na rynku gospodarczym&#8221;.<\/p>\n<p>Ambitne plany Elona Muska. Tak chce zmieni\u0107 \u015bwiat. Inwestorzy ju\u017c przewracaj\u0105 oczami z niedowierzaniem<img class=\"ods-a-photo ods-a-photo--background\" src=\"https:\/\/www.europesays.com\/pl\/wp-content\/uploads\/2026\/08\/1786520773_993__R_k9lBaHR0cHM6Ly9vY2RuLmV1L3B1bHNjbXMvTURBXy81NmMzNTBmNzM3YjgwYmEyMzY1ZDYxZTU0MGQ5MmJhMy5qcGeRlQLNA.jpeg\" height=\"300\" width=\"450\" loading=\"lazy\" fetchpriority=\"low\" decoding=\"async\"\/><\/p>\n<p>\u2014 Mo\u017ce nas lubi, mo\u017ce nie, ale ja uwa\u017cam, \u017ce bez wzgl\u0119du na to, czy jeste\u015b ekscentrycznym milionerem [trzeba trzyma\u0107 si\u0119 standard\u00f3w] \u2014 m\u00f3wi.<\/p>\n<p>Elon Musk si\u0119 m\u015bci? &#8222;Ja te\u017c mia\u0142em ostre wypowiedzi&#8221;Gawkowski nie wyklucza, \u017ce Musk m\u00f3g\u0142 kiedy\u015b pok\u0142\u00f3ci\u0107 si\u0119 z jakim\u015b polskim politykiem czy mo\u017ce ma &#8222;jak\u0105\u015b inn\u0105 z\u0142o\u015b\u0107&#8221;. \u2014 Ja te\u017c mia\u0142em ostre wypowiedzi i wielu polskich polityk\u00f3w, kt\u00f3rzy si\u0119 nie zgadzali, by inna zabawka pana Muska, portal X,<a href=\"https:\/\/wiadomosci.onet.pl\/kraj\/grok-muska-wymknal-sie-spod-kontroli-rozbiera-kobiety-nawrockiemu-pomalowal-twarz\/wh1f5zw\" id=\"86ec9ee6-3f5b-4ad2-81cf-4309cd6c3766\" rel=\"nofollow noopener\" target=\"_blank\"> rozbiera\u0142 za pomoc\u0105 modeli j\u0119zykowych polityk\u00f3w, prezydenta czy inne osoby publiczne<\/a>. Mo\u017ce gdzie\u015b mu w g\u0142owie co\u015b zn\u00f3w zagra\u0142o \u2014 m\u00f3wi wicepremier.<\/p>\n<p>Polityk nie wyklucza jednocze\u015bnie, \u017ce dosz\u0142o po prostu do pomy\u0142ki. Nie skre\u015bla Muska, ale liczy na jego szybk\u0105 reakcj\u0119. \u2014 To jest skandal. Nazywamy to po imieniu \u2014 zaznacza.<\/p>\n<p>Wicepremier zwr\u00f3ci\u0142 si\u0119 do Elona Muska. Wys\u0142ano pismo<\/p>\n<p>Minister podkre\u015bla, \u017ce nie ma miejsca na to, \u017ceby big techy stosowa\u0142y wobec pa\u0144stw czy obywateli swoje polityki, skoro te pa\u0144stwa nie stosuj\u0105 retorsji wobec tych firm. \u2014 A mog\u0105 zacz\u0105\u0107. Polska mo\u017ce wy\u0142\u0105czy\u0107 portal X \u2014 zapowiada Gawkowski.<\/p>\n<p>Elon Musk pod kresk\u0105. Jego gigant wpad\u0142 w powa\u017cne turbulencje<img class=\"ods-a-photo ods-a-photo--background\" src=\"https:\/\/www.europesays.com\/pl\/wp-content\/uploads\/2026\/08\/JfIk9lBaHR0cHM6Ly9vY2RuLmV1L3B1bHNjbXMvTURBXy8yYzBhMDY3MjA1YjhmN2NmNDJhMWJkNmIwMzAwOTkwZS5qcGeRlQLNA.jpeg\" height=\"300\" width=\"450\" alt=\"Elon Musk\" loading=\"lazy\" fetchpriority=\"low\" decoding=\"async\"\/><\/p>\n<p>Dalej polityk informuje, \u017ce do SpaceX zosta\u0142o wystosowane pismo. \u2014 Dotycz\u0105ce tego, \u017ce \u017c\u0105damy pilnego przywr\u00f3cenia takich samych zasad dla wszystkich polskich u\u017cytkownik\u00f3w. Pokazali\u015bmy, gdzie s\u0105 problemy, wskazali\u015bmy, \u017ce nie ma \u017cadnych podstaw prawnych, by takie regulacje wprowadza\u0107, poczekamy jeden, dwa dni, zobaczymy, co si\u0119 wydarzy \u2014 m\u00f3wi.<\/p>\n","protected":false},"excerpt":{"rendered":"W \u015brod\u0119 rano Krzysztof Gawkowski zamie\u015bci\u0142 wpis, w kt\u00f3rym jasno sprzeciwi\u0142 si\u0119 nowym regulacjom firmy SpaceX, nale\u017c\u0105cej do&hellip;\n","protected":false},"author":2,"featured_media":616505,"comment_status":"","ping_status":"","sticky":false,"template":"","format":"standard","meta":{"footnotes":"","_share_on_mastodon":"0"},"categories":[14],"tags":[12913,61195,32,33,486,189,27,49,8091,34,35,28,31,48,56992,25,46,40,39,41,47,13702,13705,80,29,30,26,82,83,84],"class_list":["post-616504","post","type-post","status-publish","format-standard","has-post-thumbnail","category-swiat","tag-_onet_rano_","tag-bottomfeed_styl","tag-breaking-news","tag-breakingnews","tag-elon_musk","tag-europa","tag-headlines","tag-kraj","tag-krzysztof_gawkowski","tag-latest-news","tag-latestnews","tag-naglowki","tag-najwazniejsze-artykuly","tag-nat_styl","tag-newbb_tst1","tag-news","tag-omp","tag-polish","tag-polska","tag-polski","tag-screening_general","tag-spacex","tag-starlink","tag-swiat","tag-top-stories","tag-topstories","tag-wiadomosci","tag-world","tag-world-news","tag-worldnews"],"share_on_mastodon":{"url":"https:\/\/pubeurope.com\/@pl\/117081432765559968","error":""},"_links":{"self":[{"href":"https:\/\/www.europesays.com\/pl\/wp-json\/wp\/v2\/posts\/616504","targetHints":{"allow":["GET"]}}],"collection":[{"href":"https:\/\/www.europesays.com\/pl\/wp-json\/wp\/v2\/posts"}],"about":[{"href":"https:\/\/www.europesays.com\/pl\/wp-json\/wp\/v2\/types\/post"}],"author":[{"embeddable":true,"href":"https:\/\/www.europesays.com\/pl\/wp-json\/wp\/v2\/users\/2"}],"replies":[{"embeddable":true,"href":"https:\/\/www.europesays.com\/pl\/wp-json\/wp\/v2\/comments?post=616504"}],"version-history":[{"count":0,"href":"https:\/\/www.europesays.com\/pl\/wp-json\/wp\/v2\/posts\/616504\/revisions"}],"wp:featuredmedia":[{"embeddable":true,"href":"https:\/\/www.europesays.com\/pl\/wp-json\/wp\/v2\/media\/616505"}],"wp:attachment":[{"href":"https:\/\/www.europesays.com\/pl\/wp-json\/wp\/v2\/media?parent=616504"}],"wp:term":[{"taxonomy":"category","embeddable":true,"href":"https:\/\/www.europesays.com\/pl\/wp-json\/wp\/v2\/categories?post=616504"},{"taxonomy":"post_tag","embeddable":true,"href":"https:\/\/www.europesays.com\/pl\/wp-json\/wp\/v2\/tags?post=616504"}],"curies":[{"name":"wp","href":"https:\/\/api.w.org\/{rel}","templated":true}]}}