{"id":616622,"date":"2026-08-12T08:51:09","date_gmt":"2026-08-12T08:51:09","guid":{"rendered":"https:\/\/www.europesays.com\/pl\/616622\/"},"modified":"2026-08-12T08:51:09","modified_gmt":"2026-08-12T08:51:09","slug":"zuzel-zaskakujacy-transfer-polonii-bydgoszcz-biora-talent-z-unii-leszno-pobandzie","status":"publish","type":"post","link":"https:\/\/www.europesays.com\/pl\/616622\/","title":{"rendered":"\u017bu\u017cel. Zaskakuj\u0105cy transfer Polonii Bydgoszcz! Bior\u0105 talent z\u2026 Unii Leszno! &#8211; PoBandzie"},"content":{"rendered":"<p>Ciekawe wie\u015bci dotar\u0142y w \u015brodowy poranek. Abramczyk Polonia Bydgoszcz poszerza kadr\u0119 na ko\u0144c\u00f3wk\u0119 sezonu 2026. Do ekipy Gryf\u00f3w do\u0142\u0105czy\u0142 jeden z talent\u00f3w leszczy\u0144skich Byk\u00f3w \u2013 Maksymilian Kostera.<\/p>\n<p>Kostera to zdolny zawodnik z rocznika 2010, kt\u00f3ry od 23 czerwca mo\u017ce \u015bciga\u0107 si\u0119 w zmaganiach ligowych. Do tej pory w lidze nie dostawa\u0142 jednak szans, bo formacj\u0119 juniorsk\u0105 maj\u0105 w Fogo Unii mocno obsadzon\u0105. Dobrze pokazywa\u0142 si\u0119 w zawodach m\u0142odzie\u017cowych jak chocia\u017cby w Indywidualnym Pucharze Ekstraligi U17.<\/p>\n<p><a href=\"https:\/\/po-bandzie.com.pl\/zuzel-falubaz-nie-chce-byc-jak-stal-gorzow-tak-mowia-o-wyjsciu-z-dlugow\/\" rel=\"nofollow noopener\" target=\"_blank\">\u017bu\u017cel. Falubaz nie chce by\u0107 jak\u2026 Stal Gorz\u00f3w! Tak m\u00f3wi\u0105 o wyj\u015bciu z d\u0142ug\u00f3w! \u2013 PoBandzie \u2013 Portal Sportowy<\/a><\/p>\n<p><a href=\"https:\/\/po-bandzie.com.pl\/zuzel-motor-powinien-zatrzymac-lindgrena-wskazal-kto-powinien-odejsc-z-lublina\/\" rel=\"nofollow noopener\" target=\"_blank\">\u017bu\u017cel. Motor powinien zatrzyma\u0107 Lindgrena?! Wskaza\u0142 kto powinien odej\u015b\u0107 z Lublina \u2013 PoBandzie \u2013 Portal Sportowy<\/a><\/p>\n<p>Bydgoszczanie, jak wida\u0107, chc\u0105 si\u0119 zabezpieczy\u0107 na ka\u017cd\u0105 ewentualno\u015b\u0107 i \u015bci\u0105gn\u0119li zawodnika na ko\u0144c\u00f3wk\u0119 sezonu. Poinformowano, \u017ce mo\u017ce on si\u0119 pojawia\u0107 zar\u00f3wno w Metalkas 2. Ekstralidze, jak i Dru\u017cynowych Mistrzostwach Polski Junior\u00f3w.<\/p>\n<p><a href=\"https:\/\/po-bandzie.com.pl\/zuzel-kowalski-wprost-o-odejsciu-ze-sparty-i-ofertach-co-z-jego-przyszloscia-wywiad\/\" rel=\"nofollow noopener\" target=\"_blank\">\u017bu\u017cel. Kowalski wprost o odej\u015bciu ze Sparty! Co z ofert\u0105 z Unii Leszno? (WYWIAD) \u2013 PoBandzie \u2013 Portal Sportowy<\/a><\/p>\n<p><a href=\"https:\/\/po-bandzie.com.pl\/zuzel-midas-czyli-cwierc-wieku-z-sukcesami-rusiecki-o-budowie-potegi-unii-leszno-wywiad\/\" rel=\"nofollow noopener\" target=\"_blank\">\u017bu\u017cel. Rusiecki jasno o \u201esporze\u201d z Dworakowskim. Publicznej wojny nie b\u0119dzie (WYWIAD) \u2013 PoBandzie \u2013 Portal Sportowy<\/a><\/p>\n<p>Bydgoszczanie ko\u0144cz\u0105 rund\u0119 zasadnicz\u0105. Do tej pory nie stracili cho\u0107by punktu. Teraz przed nimi jednak faza play-off, gdzie gra o awans zaczyna si\u0119 od pocz\u0105tku.<\/p>\n","protected":false},"excerpt":{"rendered":"Ciekawe wie\u015bci dotar\u0142y w \u015brodowy poranek. Abramczyk Polonia Bydgoszcz poszerza kadr\u0119 na ko\u0144c\u00f3wk\u0119 sezonu 2026. Do ekipy Gryf\u00f3w&hellip;\n","protected":false},"author":2,"featured_media":616623,"comment_status":"","ping_status":"","sticky":false,"template":"","format":"standard","meta":{"footnotes":"","_share_on_mastodon":"0"},"categories":[51613],"tags":[7132,72991,3972,12376,121699,104699,42,38,40,72993,39,41,3977,52572,77784,3981,121700,77785,69506,3983,12380],"class_list":["post-616622","post","type-post","status-publish","format-standard","has-post-thumbnail","category-bydgoszcz","tag-bydgoszcz","tag-bydgoszcz-zuzel","tag-google-news","tag-google-upday","tag-leszno-zuzel","tag-maksymilian-kostera","tag-pl","tag-poland","tag-polish","tag-polonia-bydgoszcz","tag-polska","tag-polski","tag-sport-zuzlowy","tag-unia-leszno","tag-zuzel-bydgoszcz","tag-zuzel-google","tag-zuzel-leszno","tag-zuzel-polonia","tag-zuzel-transfery","tag-zuzel-tv","tag-zuzel-wiadomosci"],"share_on_mastodon":{"url":"","error":""},"_links":{"self":[{"href":"https:\/\/www.europesays.com\/pl\/wp-json\/wp\/v2\/posts\/616622","targetHints":{"allow":["GET"]}}],"collection":[{"href":"https:\/\/www.europesays.com\/pl\/wp-json\/wp\/v2\/posts"}],"about":[{"href":"https:\/\/www.europesays.com\/pl\/wp-json\/wp\/v2\/types\/post"}],"author":[{"embeddable":true,"href":"https:\/\/www.europesays.com\/pl\/wp-json\/wp\/v2\/users\/2"}],"replies":[{"embeddable":true,"href":"https:\/\/www.europesays.com\/pl\/wp-json\/wp\/v2\/comments?post=616622"}],"version-history":[{"count":0,"href":"https:\/\/www.europesays.com\/pl\/wp-json\/wp\/v2\/posts\/616622\/revisions"}],"wp:featuredmedia":[{"embeddable":true,"href":"https:\/\/www.europesays.com\/pl\/wp-json\/wp\/v2\/media\/616623"}],"wp:attachment":[{"href":"https:\/\/www.europesays.com\/pl\/wp-json\/wp\/v2\/media?parent=616622"}],"wp:term":[{"taxonomy":"category","embeddable":true,"href":"https:\/\/www.europesays.com\/pl\/wp-json\/wp\/v2\/categories?post=616622"},{"taxonomy":"post_tag","embeddable":true,"href":"https:\/\/www.europesays.com\/pl\/wp-json\/wp\/v2\/tags?post=616622"}],"curies":[{"name":"wp","href":"https:\/\/api.w.org\/{rel}","templated":true}]}}