{"id":616990,"date":"2026-08-12T12:16:17","date_gmt":"2026-08-12T12:16:17","guid":{"rendered":"https:\/\/www.europesays.com\/pl\/616990\/"},"modified":"2026-08-12T12:16:17","modified_gmt":"2026-08-12T12:16:17","slug":"perseidy-2026-o-ktorej-godzinie-ogladac-spadajace-gwiazdy-12-sierpnia","status":"publish","type":"post","link":"https:\/\/www.europesays.com\/pl\/616990\/","title":{"rendered":"Perseidy 2026. O kt\u00f3rej godzinie ogl\u0105da\u0107 spadaj\u0105ce gwiazdy? [12 SIERPNIA]"},"content":{"rendered":"<p>O kt\u00f3rej godzinie ogl\u0105da\u0107 Perseidy 12 sierpnia 2026?<\/p>\n<p class=\"font-primary mb-8 text-lg leading-[1.55] [&amp;_a]:text-[#23437D] [&amp;_a]:underline [&amp;_a]:font-bold\">Dzi\u015b (12 sierpnia) wieczorem, jeszcze przed &#8222;noc\u0105 spadaj\u0105cych gwiazd&#8221;, b\u0119dziemy mogli ogl\u0105da\u0107 w Polsce najwi\u0119ksze od 27 lat cz\u0119\u015bciowe za\u0107mienie S\u0142o\u0144ca. Jego maksimum &#8211; w zale\u017cno\u015bci od miejsca obserwacji &#8211; nast\u0105pi pomi\u0119dzy godz. 20.00 a 20.09.\u00a0W niekt\u00f3rych regionach Europy, mi\u0119dzy innymi w Hiszpanii, b\u0119dzie to\u00a0pierwsze od prawie 30 lat ca\u0142kowite za\u0107mienie widziane z terenu Starego Kontynentu.<\/p>\n<p>Redakcja poleca<\/p>\n<p class=\"font-primary mb-8 text-lg leading-[1.55] [&amp;_a]:text-[#23437D] [&amp;_a]:underline [&amp;_a]:font-bold\">Niewiele p\u00f3\u017aniej, tu\u017c po zmroku, czeka nas kolejny spektakl na niebie &#8211; zobaczymy &#8222;spadaj\u0105ce gwiazdy&#8221;. Wydarzenie zwi\u0105zane jest\u00a0z wej\u015bciem Ziemi w chmur\u0119 dryfuj\u0105cych w kosmosie pozosta\u0142o\u015bci komety 109P\/Swift-Tuttle &#8211; m\u00f3wi dr Piotr Witek z Planetarium Centrum Nauki Kopernik. &#8211; Te &#8222;okruszki&#8221; wisz\u0105 sobie w przestrzeni kosmicznej. A w\u0142a\u015bciwie nie tyle wisz\u0105, co orbituj\u0105 wok\u00f3\u0142 S\u0142o\u0144ca, a Ziemia regularnie co roku wpada w &#8222;chmur\u0119&#8221; zostawian\u0105 przez t\u0119 komet\u0119 &#8211; t\u0142umaczy ekspert.<\/p>\n<p>Perseidy 2026. O kt\u00f3rej godzinie maksimum roju?<\/p>\n<p class=\"font-primary mb-8 text-lg leading-[1.55] [&amp;_a]:text-[#23437D] [&amp;_a]:underline [&amp;_a]:font-bold\">Piotr Witek dodaje, \u017ce w ci\u0105gu godziny w dobrych warunkach b\u0119dzie mo\u017cna zobaczy\u0107 60, a nawet 100 &#8222;spadaj\u0105cych gwiazd&#8221;. Oznacza to, \u017ce mog\u0105 si\u0119 one pojawia\u0107 na niebie cz\u0119\u015bciej ni\u017c co minut\u0119.\u00a0<\/p>\n<p class=\"font-primary mb-8 text-lg leading-[1.55] [&amp;_a]:text-[#23437D] [&amp;_a]:underline [&amp;_a]:font-bold\">Jak podaje portal TVP, Perseid\u00f3w mo\u017cna wypatrywa\u0107 w nocy z 12 na 13 sierpnia, rozpoczynaj\u0105c oko\u0142o godz. 22.00-23.00 i kontynuowa\u0107 obserwacje przez nast\u0119pne godziny. Maksimum aktywno\u015bci ma przypa\u015b\u0107 na czwartek nad ranem. Punkt kulminacyjny prognozuje si\u0119 na godz. 4.00-6.00.<\/p>\n<p class=\"font-primary mb-8 text-lg leading-[1.55] [&amp;_a]:text-[#23437D] [&amp;_a]:underline [&amp;_a]:font-bold\">W ogl\u0105daniu zjawiska pomo\u017ce n\u00f3w Ksi\u0119\u017cyca. &#8222;Do obserwacji nie potrzeba teleskopu \u2013 wystarczy ciemne miejsce z szerokim widokiem na niebo&#8221; &#8211; czytamy.<\/p>\n<p>Redakcja poleca<\/p>\n","protected":false},"excerpt":{"rendered":"O kt\u00f3rej godzinie ogl\u0105da\u0107 Perseidy 12 sierpnia 2026? Dzi\u015b (12 sierpnia) wieczorem, jeszcze przed &#8222;noc\u0105 spadaj\u0105cych gwiazd&#8221;, b\u0119dziemy&hellip;\n","protected":false},"author":2,"featured_media":616991,"comment_status":"","ping_status":"","sticky":false,"template":"","format":"standard","meta":{"footnotes":"","_share_on_mastodon":"0"},"categories":[20],"tags":[10611,4622,120,118,119,42,38,40,39,41,116,114,115,121,117],"class_list":["post-616990","post","type-post","status-publish","format-standard","has-post-thumbnail","category-nauka-i-technika","tag-astronomia","tag-kosmos","tag-nauka","tag-nauka-i-technika","tag-naukatechnika","tag-pl","tag-poland","tag-polish","tag-polska","tag-polski","tag-science","tag-science-and-technology","tag-sciencetechnology","tag-technika","tag-technology"],"share_on_mastodon":{"url":"https:\/\/pubeurope.com\/@pl\/117082494640904066","error":""},"_links":{"self":[{"href":"https:\/\/www.europesays.com\/pl\/wp-json\/wp\/v2\/posts\/616990","targetHints":{"allow":["GET"]}}],"collection":[{"href":"https:\/\/www.europesays.com\/pl\/wp-json\/wp\/v2\/posts"}],"about":[{"href":"https:\/\/www.europesays.com\/pl\/wp-json\/wp\/v2\/types\/post"}],"author":[{"embeddable":true,"href":"https:\/\/www.europesays.com\/pl\/wp-json\/wp\/v2\/users\/2"}],"replies":[{"embeddable":true,"href":"https:\/\/www.europesays.com\/pl\/wp-json\/wp\/v2\/comments?post=616990"}],"version-history":[{"count":0,"href":"https:\/\/www.europesays.com\/pl\/wp-json\/wp\/v2\/posts\/616990\/revisions"}],"wp:featuredmedia":[{"embeddable":true,"href":"https:\/\/www.europesays.com\/pl\/wp-json\/wp\/v2\/media\/616991"}],"wp:attachment":[{"href":"https:\/\/www.europesays.com\/pl\/wp-json\/wp\/v2\/media?parent=616990"}],"wp:term":[{"taxonomy":"category","embeddable":true,"href":"https:\/\/www.europesays.com\/pl\/wp-json\/wp\/v2\/categories?post=616990"},{"taxonomy":"post_tag","embeddable":true,"href":"https:\/\/www.europesays.com\/pl\/wp-json\/wp\/v2\/tags?post=616990"}],"curies":[{"name":"wp","href":"https:\/\/api.w.org\/{rel}","templated":true}]}}