{"id":617360,"date":"2026-08-12T16:34:10","date_gmt":"2026-08-12T16:34:10","guid":{"rendered":"https:\/\/www.europesays.com\/pl\/617360\/"},"modified":"2026-08-12T16:34:10","modified_gmt":"2026-08-12T16:34:10","slug":"afera-o-var-w-ekstraklasie-dyskusja-na-linii-sedziowie","status":"publish","type":"post","link":"https:\/\/www.europesays.com\/pl\/617360\/","title":{"rendered":"Afera o VAR w Ekstraklasie. Dyskusja na linii s\u0119dziowie"},"content":{"rendered":"<p>Brak odgwizdanego spalonego w\u00a0meczu Pogo\u0144 Szczecin \u2013 Motor Lublin to\u00a0potencjalnie kolejny z\u00a0wielu b\u0142\u0119d\u00f3w s\u0119dzi\u00f3w na\u00a0pocz\u0105tku tego sezonu Ekstraklasy. O\u00a0sytuacji z\u00a0pocz\u0105tku spotkania dyskutowali w\u00a0mediach spo\u0142eczno\u015bciowych dziennikarz Canal+Sport z\u00a0s\u0119dzi\u0105 liniowym tamtego starcia.<\/p>\n<p>W\u00a017. minucie spotkania w\u00a0Szczecinie Portowcy strzelili gola. Dimitrios Keramitsis odda\u0142 strza\u0142, trafi\u0142 w\u00a0s\u0142upek, a\u00a0do\u00a0odbitej futbol\u00f3wki dopad\u0142 Darko Czurlinow, otwieraj\u0105c wynik spotkania. Pozosta\u0142o jednak pytanie, czy\u00a0w\u00a0momencie uderzenia Greka skrzyd\u0142owy nie\u00a0znajdowa\u0142 si\u0119 na\u00a0pozycji spalonej.<\/p>\n<p>S\u0119dzia VAR pope\u0142ni\u0142 b\u0142\u0105d? Skandal w\u00a0meczu Pogo\u0144 \u2013 Motor<\/p>\n<p>S\u0119dziowie na\u00a0boisku uznali gola, a\u00a0arbitrzy z\u00a0wozu VAR potwierdzili poprawno\u015b\u0107 ich decyzji. W\u00a0transmisji telewizyjnej zabrak\u0142o jednak powt\u00f3rki z\u00a0narysowan\u0105 lini\u0105 spalonego. Telewizja Canal+Sport, korzystaj\u0105c z\u00a0w\u0142asnego oprogramowania, udowodni\u0142a, \u017ce\u00a0strzelec znajdowa\u0142 si\u0119 na\u00a0ofsajdzie. Kilka dni p\u00f3\u017aniej Kolegium S\u0119dzi\u00f3w PZPN opublikowa\u0142o o\u015bwiadczenie, w\u00a0kt\u00f3rym\u00a0przyzna\u0142o, \u017ce\u00a0bramka powinna by\u0142a zosta\u0107 anulowana, a\u00a0s\u0119dziowie pope\u0142nili b\u0142\u0105d. Do\u00a0komunikatu do\u0142\u0105czono stopklatk\u0119 z\u00a0wyrysowanymi liniami.<\/p>\n<p>Krzysztof Marciniak z\u00a0Canal+Sport wywo\u0142a\u0142 do\u00a0tablicy arbitra Tomasza Listkiewicza, kt\u00f3ry\u00a0akurat w\u00a0meczu Pogoni z\u00a0Motorem by\u0142 s\u0119dzi\u0105 liniowym.<\/p>\n<p>\u2013 Ciekawe jak wyt\u0142umaczy fakt, \u017ce\u00a0w\u00a0transmisji meczu nie\u00a0pojawi\u0142a si\u0119 \u017cadna analiza gola Pogoni. Przyda\u0142oby si\u0119 rozwia\u0107 w\u0105tpliwo\u015bci, bo\u00a0od\u00a0pierwszego uj\u0119cia wygl\u0105da\u0142o, \u017ce\u00a0mo\u017ce by\u0107 tam ofsajd. Co\u00a0zreszt\u0105 potwierdzi\u0142a \u201enasza zabawka do\u00a0rysowania kresek\u201d. Natomiast co\u00a0do\u00a0systemu, kt\u00f3rego\u00a0u\u017cywaj\u0105 s\u0119dziowie, dochodz\u0105 mnie g\u0142osy, \u017ce\u00a0nie\u00a0dzia\u0142a tak\u00a0\u015bwietnie, jak zachwala\u0142 Tomasz \u2013 napisa\u0142 dziennikarz, przywo\u0142uj\u0105c jeszcze zdj\u0119cie wypowiedzi Tomasza Listkiewicza.<\/p>\n<p>\u2013\u00a0Reasumuj\u0105c, system u\u017cywany przez\u00a0s\u0119dzi\u00f3w jest przetestowany i\u00a0dzia\u0142a prawid\u0142owo (co\u00a0nie\u00a0wyklucza b\u0142\u0119du ludzkiego), system u\u017cywany przez\u00a0telewizj\u0119 to\u00a0zabawka, i\u00a0warto \u017ceby\u015bmy to\u00a0wiedzieli, zanim na\u00a0tej\u00a0podstawie b\u0119dziemy ferowali wyroki, jak to\u00a0s\u0119dziowie kogo\u015b \u201eoszukali\u201d \u2013\u00a0czytamy.<\/p>\n<blockquote class=\"twitter-tweet\">\n<p dir=\"ltr\" lang=\"pl\">Bardzo aktywny ostatnio <a href=\"https:\/\/x.com\/TListkiewicz?ref_src=twsrc%5Etfw\" target=\"_blank\" rel=\"noopener noreferrer nofollow\">@TListkiewicz<\/a> nie\u00a0wypowiada\u0142 si\u0119 na\u00a0temat tej\u00a0sytuacji, a\u00a0ciekawe jak wyt\u0142umaczy fakt, \u017ce\u00a0w\u00a0transmisji meczu nie\u00a0pojawi\u0142a si\u0119 \u017cadna analiza gola Pogoni na\u00a01:0. Przyda\u0142oby si\u0119 rozwia\u0107 w\u0105tpliwo\u015bci, bo\u00a0od\u00a0pierwszego uj\u0119cia wygl\u0105da\u0142o, \u017ce\u00a0mo\u017ce by\u0107 tam ofsajd.\u2026 <a href=\"https:\/\/t.co\/0ESxbQ87zI\" target=\"_blank\" rel=\"noopener noreferrer nofollow\">pic.twitter.com\/0ESxbQ87zI<\/a><\/p>\n<p>\u2014\u00a0Krzysztof Marciniak (@Marciniak_k) <a href=\"https:\/\/x.com\/Marciniak_k\/status\/2087117656939782167?ref_src=twsrc%5Etfw\" target=\"_blank\" rel=\"noopener noreferrer nofollow\">August 11, 2026<\/a><\/p>\n<\/blockquote>\n<p>\u201eW centrum VAR nie\u00a0zauwa\u017cy\u0142em nic, co\u00a0wskazywa\u0142oby, \u017ce\u00a0system wyznaczania linii spalonego mo\u017ce dzia\u0142a\u0107 nieprawid\u0142owo\u201d<\/p>\n<p>Tomasz Listkiewicz odni\u00f3s\u0142 si\u0119 do\u00a0wpisu Krzysztofa Marciniaka.<\/p>\n<p>\u2013 Nie\u00a0chcia\u0142em by\u0107 ma\u0142ostkowy i\u00a0\u201estrzela\u0107 do\u00a0pustej\u201d, zw\u0142aszcza po\u00a0ostatnich, nieco histerycznych reakcjach dziennikarzy. To\u00a0swoj\u0105 drog\u0105 ciekawe zjawisko, \u017ce\u00a0ludzie zajmuj\u0105cy si\u0119 zawodowo ocen\u0105 innych os\u00f3b, gdy\u00a0kto\u015b wyra\u017ca opini\u0119 na\u00a0temat ich pracy, staj\u0105 si\u0119 nagle delikatni jak mimozy \u2013\u00a0napisa\u0142 s\u0119dzia, wyliczaj\u0105c pomy\u0142ki niekt\u00f3rych dziennikarzy Canal+Sport.<\/p>\n<p>\u2013 Nie\u00a0mam zielonego poj\u0119cia, czemu w\u00a0transmisji nie\u00a0pokazano linii spalonego. Troch\u0119 mnie przy okazji dziwi, \u017ce\u00a0dziennikarz Canal+ czego\u015b nie\u00a0pokaza\u0142\u2026 (\u2026) Zarzucanie akurat \u201emojej skromnej osobie\u201d braku jawno\u015bci, komunikacji czy\u00a0otwarto\u015bci jest tak\u00a0przestrzelonym absurdem, \u017ce\u00a0pozostaje mi\u00a0u\u015bmiechn\u0105\u0107 si\u0119 ironicznie i\u00a0\u017cyczy\u0107 wi\u0119kszego dystansu \u2013\u00a0doda\u0142.<\/p>\n<p>\u2013 I\u00a0na\u00a0koniec: mia\u0142em przyjemno\u015b\u0107 by\u0107 s\u0119dzi\u0105 VAR w\u00a0nowym centrum dwukrotnie i\u00a0nie\u00a0zauwa\u017cy\u0142em nic, co\u00a0wskazywa\u0142oby, \u017ce\u00a0system wyznaczania linii spalonego mo\u017ce dzia\u0142a\u0107 nieprawid\u0142owo. Je\u015bli ma\u00a0pan inne sygna\u0142y, to\u00a0rzetelno\u015b\u0107, zw\u0142aszcza w\u00a0stosunku do\u00a0kibic\u00f3w, nakazywa\u0142aby p\u00f3j\u015b\u0107 tym tropem, sprawdzi\u0107, ustali\u0107\u2026 tak\u00a0wyobra\u017cam sobie uczciwe intelektualnie dziennikarstwo, a\u00a0nie\u00a0wk\u0142adanie mi\u00a0w\u00a0usta czego\u015b, czego nie\u00a0powiedzia\u0142em. Nie\u00a0by\u0142em ani nie\u00a0jestem rzecznikiem PZPN, Kolegium S\u0119dzi\u00f3w, producent\u00f3w system\u00f3w VAR, ani niczyim innym, wi\u0119c\u00a0pr\u00f3ba ustawienia mnie w\u00a0pozycji osoby, kt\u00f3ra\u00a0chce co\u015b zatai\u0107 i\u00a0kt\u00f3r\u0105 b\u0119dziecie, panowie, odpytywa\u0107 w\u00a0sytuacji, kt\u00f3r\u0105 uznacie za\u00a0wygodn\u0105 dla was jest nie\u00a0tylko\u00a0nietrafiona, ale\u00a0i\u00a0niehonorowa \u2013 czytamy.<\/p>\n<p>\u2013 Naprawd\u0119 nie\u00a0chc\u0119 si\u0119 ju\u017c zn\u0119ca\u0107, ale\u00a0na\u00a0do\u0142\u0105czonej do\u00a0pana wpisu grafice linia wertykalna jest wyprowadzona od\u00a0\u015brodka pi\u0142ki, a\u00a0powinna by\u0107 od\u00a0jej \u201ekraw\u0119dzi\u201d. Sama jako\u015b\u0107 stopklatki i\u00a0jej nieostro\u015b\u0107 pozwalaj\u0105 te\u017c w\u0105tpi\u0107, czy\u00a0wybrano prawid\u0142owy moment zagrania pi\u0142ki oraz, co\u00a0kluczowe, czy\u00a0ta\u00a0pionowa linia jest wyprowadzona w\u00a0prawid\u0142owy punkt na\u00a0murawie \u2013\u00a0zako\u0144czy\u0142.<\/p>\n<blockquote class=\"twitter-tweet\">\n<p dir=\"ltr\" lang=\"pl\">I\u00a0na\u00a0koniec: mia\u0142em przyjemno\u015b\u0107 by\u0107 s\u0119dzi\u0105 VAR w\u00a0nowym centrum dwukrotnie i\u00a0nie\u00a0zauwa\u017cy\u0142em nic, co\u00a0wskazywa\u0142oby, \u017ce\u00a0system wyznaczania linii spalonego mo\u017ce dzia\u0142a\u0107 nieprawid\u0142owo.<\/p>\n<p>Je\u015bli ma\u00a0Pan inne sygna\u0142y, to\u00a0rzetelno\u015b\u0107, zw\u0142aszcza w\u00a0stosunku do\u00a0kibic\u00f3w, nakazywa\u0142aby p\u00f3j\u015b\u0107 tym\u2026 <a href=\"https:\/\/t.co\/ZsWgLonuwk\" target=\"_blank\" rel=\"noopener noreferrer nofollow\">pic.twitter.com\/ZsWgLonuwk<\/a><\/p>\n<p>\u2014\u00a0Tomasz Listkiewicz (@TListkiewicz) <a href=\"https:\/\/x.com\/TListkiewicz\/status\/2087187144565481792?ref_src=twsrc%5Etfw\" target=\"_blank\" rel=\"noopener noreferrer nofollow\">August 11, 2026<\/a><\/p>\n<\/blockquote>\n<p>S\u0119dzia uderza w\u00a0PZPN<\/p>\n<p>Dziennikarz odpowiedzia\u0142.<\/p>\n<p>\u2013 Doskona\u0142a informacja, \u017ce\u00a0pracuj\u0105c w\u00a0centrum VAR nie\u00a0dostrzeg\u0142 pan \u017cadnych problem\u00f3w. K\u0142\u00f3ci si\u0119 to\u00a0jednak z\u00a0relacjami dw\u00f3ch niezale\u017cnych s\u0119dzi\u00f3w i\u00a0osob\u0105 z\u00a0Kolegium S\u0119dziowskiego, kt\u00f3rzy\u00a0twierdz\u0105, \u017ce\u00a0system aktualnie nie\u00a0pozwala rysowa\u0107 linii z\u00a0kamery ustawionej najbli\u017cej bramki. Jako dziennikarz (\u2026) doszed\u0142em do\u00a0informacji, \u017ce\u00a0ta\u00a0u\u0142omno\u015b\u0107 systemu utrudnia b\u0105d\u017a nawet uniemo\u017cliwia s\u0119dziom podejmowanie prawid\u0142owych decyzji. (\u2026) Puent\u0119 naszej dyskusji za\u0142\u0105czam poni\u017cej. \u201eNarz\u0119dzie do\u00a0rysowania strza\u0142ek\u201d prawid\u0142owo zanalizowa\u0142o sytuacj\u0119 ze\u00a0Szczecina \u2013\u00a0stwierdzi\u0142.<\/p>\n<blockquote class=\"twitter-tweet\">\n<p dir=\"ltr\" lang=\"pl\">Doskona\u0142a informacja, \u017ce\u00a0pracuj\u0105c w\u00a0centrum VAR nie\u00a0dostrzeg\u0142 Pan \u017cadnych problem\u00f3w. K\u0142\u00f3ci si\u0119 jednak z\u00a0relacjami 2 niezale\u017cnych s\u0119dzi\u00f3w i\u00a0osob\u0105 z\u00a0KS, kt\u00f3rzy\u00a0twierdz\u0105, \u017ce\u00a0system aktualnie nie\u00a0pozwala rysowa\u0107 linii z\u00a0kamery ustawionej najbli\u017cej bramki. Bo\u00a0jako dziennikarz\u2026 <a href=\"https:\/\/t.co\/NWXEHLra7e\" target=\"_blank\" rel=\"noopener noreferrer nofollow\">pic.twitter.com\/NWXEHLra7e<\/a><\/p>\n<p>\u2014\u00a0Krzysztof Marciniak (@Marciniak_k) <a href=\"https:\/\/x.com\/Marciniak_k\/status\/2087213140819820629?ref_src=twsrc%5Etfw\" target=\"_blank\" rel=\"noopener noreferrer nofollow\">August 11, 2026<\/a><\/p>\n<\/blockquote>\n<p>Pi\u0142eczk\u0119 odbi\u0142 ponownie Listkiewicz.<\/p>\n<p>\u2013 Pozdrawiam mitycznych \u201edw\u00f3ch s\u0119dzi\u00f3w\u201d i\u00a0\u2013 je\u015bli naprawd\u0119 istniej\u0105 \u2013 \u017cycz\u0119 mi\u0142ego patrzenia w\u00a0lustro przy porannym goleniu. Poni\u017cej, dla k\u00f3\u0142ka wzajemnej adoracji lekcja odwagi cywilnej i\u00a0umiej\u0119tno\u015bci stawania po\u00a0stronie prawdy niezale\u017cnie od\u00a0potencjalnych konsekwencji: Kolegium S\u0119dzi\u00f3w PZPN o\u015bmieszy\u0142o siebie i\u00a0nas, s\u0119dzi\u00f3w, cytowanym przez\u00a0Krzysztofa Marciniaka wpisem. W\u00a0poprzednim sezonie, gdy\u00a0by\u0142y w\u0105tpliwo\u015bci odno\u015bnie do\u00a0prawid\u0142owo\u015bci wytyczania linii spalonego, pokazywano, w\u00a0formie klipu, ca\u0142y proces decyzyjny, obecnie otrzymali\u015bmy jedynie \u201erysunek\u201d, kt\u00f3ry\u00a0\u2013 na\u00a0pierwszy rzut oka \u2013 jest nieprawid\u0142owy \u2013\u00a0oceni\u0142.<\/p>\n<p>\u2013 Nie\u00a0wiem, kto i\u00a0kiedy przeprowadzi\u0142 t\u0119\u00a0powt\u00f3rn\u0105 \u201eanaliz\u0119\u201d, ale\u00a0zrobiono wariata z\u00a0s\u0119dziego VAR, kt\u00f3rym\u00a0w\u00a0tym meczu by\u0142 jeden z\u00a0najbardziej do\u015bwiadczonych asystent\u00f3w i\u00a0VAR na\u00a0\u015bwiecie. (\u2026) Czy\u00a0m\u00f3g\u0142 pope\u0142ni\u0107 b\u0142\u0105d? Tak. Czy\u00a0widz\u0105c obrazek zrobiony przez\u00a0nie\u00a0wiadomo kogo czuj\u0119 si\u0119 przekonany, \u017ce\u00a0ten b\u0142\u0105d zosta\u0142 pope\u0142niony? Nie. Taka komunikacja ze\u00a0strony naszych prze\u0142o\u017conych nie\u00a0ma\u00a0nic wsp\u00f3lnego z\u00a0przejrzysto\u015bci\u0105 ani otwarto\u015bci\u0105. Co\u00a0wi\u0119cej, je\u015bli faktycznie wyst\u0119puj\u0105 ograniczenia w\u00a0dzia\u0142aniu systemu wyznaczania linii spalonego, to\u00a0wczorajszy komunikat Kolegium S\u0119dzi\u00f3w jest nieudoln\u0105 pr\u00f3b\u0105 przykrycia problemu\u00a0 i\u00a0obarczenia win\u0105 jednego z\u00a0s\u0119dzi\u00f3w. Wstyd \u2013\u00a0doda\u0142.<\/p>\n<p>\u201eNadal nie\u00a0mam zdania, czy\u00a0bramka dla Pogoni pad\u0142a ze\u00a0spalonego\u201d<\/p>\n<p>\u2013\u00a0W tym samym w\u0105tku pan redaktor zarzuca systemowi VAR, \u017ce\u00a0\u017ale dzia\u0142a, a\u00a0jednocze\u015bnie u\u017cywa zdj\u0119cia z\u00a0tego\u017c systemu jako dowodu, \u017ce\u00a0mia\u0142 racj\u0119\u2026 Je\u015bli to\u00a0nie\u00a0przyk\u0142ad, \u017ce\u00a0potrzebne s\u0105\u00a0nam, na\u00a0poziomie szko\u0142y \u015bredniej, lekcje logiki, to\u00a0ja\u00a0si\u0119 poddaj\u0119. Ponadto w\u00a0rysuneczku Canal+ mamy spalonego, na\u00a0oko, co\u00a0najmniej p\u00f3\u0142metrowego, a\u00a0w\u00a0\u201ewybitnej\u201d analizie Kolegium S\u0119dzi\u00f3w wychodzi jakie\u015b dziesi\u0119\u0107 centymetr\u00f3w. (\u2026) Nigdy nie\u00a0przes\u0105dza\u0142em, i\u00a0nadal nie\u00a0mam zdania, czy\u00a0bramka dla Pogoni pad\u0142a ze\u00a0spalonego. By\u0107 mo\u017ce lepiej by\u0142o i\u015b\u0107 za\u00a0z\u0142udzeniem optycznym i\u00a0\u201eg\u0142osem ludu\u201d, ale\u00a0ja\u00a0uwa\u017cam, \u017ce\u00a0liczy si\u0119 prawda, bo\u00a0pi\u0142karze, kluby, a\u00a0przede wszystkim kibice zas\u0142uguj\u0105 na\u00a0jak najlepszy \u201eserwis\u201d z\u00a0naszej strony, a\u00a0nie\u00a0chowanie g\u0142owy w\u00a0piasek i\u00a0zagrywki pod\u00a0publiczk\u0119 \u2013\u00a0zako\u0144czy\u0142 s\u0119dzia.<\/p>\n<blockquote class=\"twitter-tweet\">\n<p dir=\"ltr\" lang=\"pl\">Dzie\u0144 dobry,<br \/>Pan Krzysztof, jak wida\u0107, postanowi\u0142 odnie\u015b\u0107 si\u0119 tylko\u00a0do\u00a0jednego w\u0105tku, tego kt\u00f3ry\u00a0uzna\u0142 za\u00a0wygodny dla siebie, ale\u00a0trafi\u0142 na\u00a0z\u0142\u0105 osob\u0119. To\u00a0moja ostatnia interakcja bezpo\u015brednia, bo\u00a0nie\u00a0da si\u0119 dyskutowa\u0107 w\u00a0ten spos\u00f3b, ale\u00a0to\u00a0nie\u00a0koniec niesienia przeze mnie kaganka\u2026 <a href=\"https:\/\/t.co\/lva8Y6suWC\" target=\"_blank\" rel=\"noopener noreferrer nofollow\">https:\/\/t.co\/lva8Y6suWC<\/a><\/p>\n<p>\u2014\u00a0Tomasz Listkiewicz (@TListkiewicz) <a href=\"https:\/\/x.com\/TListkiewicz\/status\/2087480128225853775?ref_src=twsrc%5Etfw\" target=\"_blank\" rel=\"noopener noreferrer nofollow\">August 12, 2026<\/a><\/p>\n<\/blockquote>\n<p>Na\u00a0koniec Krzysztof Marciniak nie\u015bmia\u0142o chcia\u0142 zatriumfowa\u0107.<\/p>\n<p>\u2013 Okazuje si\u0119, \u017ce\u00a0warto by\u0142o podejmowa\u0107 temat, bo\u00a0gdyby\u00a0nie\u00a0to\u00a0\u2013 stawiam dolary przeciwko orzechom \u2013 nie\u00a0by\u0142oby analizy ofsajdu i\u00a0\u017cyliby\u015bmy w\u00a0przekonaniu, \u017ce\u00a0wszystko jest ok. Okazuje si\u0119, \u017ce\u00a0pokrzywdzeni s\u0105\u00a0pi\u0142karze Motoru, kibice, kt\u00f3rzy\u00a0nie\u00a0zobaczyli w\u00a0transmisji wiarygodnej analizy, a\u00a0tak\u017ce s\u0119dziowie pracuj\u0105cy w\u00a0centrum VAR. Oczekuje si\u0119 od\u00a0nich prawid\u0142owych decyzji, a\u00a0wed\u0142ug moich\u00a0informacji nie\u00a0dostaj\u0105 odpowiednich narz\u0119dzi, a\u00a0p\u00f3\u017aniej zrzuca si\u0119 na\u00a0nich win\u0119 \u2013\u00a0napisa\u0142.<\/p>\n<blockquote class=\"twitter-tweet\">\n<p dir=\"ltr\" lang=\"pl\">Okazuje si\u0119, \u017ce\u00a0warto by\u0142o podejmowa\u0107 temat, bo\u00a0gdyby\u00a0nie\u00a0to\u00a0\u2013 stawiam dolary przeciwko orzechom \u2013 nie\u00a0by\u0142oby analizy ofsajdu i\u00a0\u017cyliby\u015bmy w\u00a0przekonaniu, \u017ce\u00a0wszystko jest ok.<br \/>Okazuje si\u0119, \u017ce\u00a0pokrzywdzeni s\u0105:<br \/>\u2013 pi\u0142karze Motoru<br \/>\u2013 kibice, kt\u00f3rzy\u00a0nie\u00a0zobaczyli w\u00a0transmisji\u2026 <a href=\"https:\/\/t.co\/GQzW485U43\" target=\"_blank\" rel=\"noopener noreferrer nofollow\">https:\/\/t.co\/GQzW485U43<\/a><\/p>\n<p>\u2014\u00a0Krzysztof Marciniak (@Marciniak_k) <a href=\"https:\/\/x.com\/Marciniak_k\/status\/2087500346935406702?ref_src=twsrc%5Etfw\" target=\"_blank\" rel=\"noopener noreferrer nofollow\">August 12, 2026<\/a><\/p>\n<\/blockquote>\n<p>Listkiewicz odpisa\u0142 dziennikarzowi.<\/p>\n<p>\u2013 Je\u017celi naprawd\u0119 chce pan \u201edoj\u015b\u0107 do\u00a0prawdy\u201d, to\u00a0nie\u015bmia\u0142o sugeruj\u0119 wykona\u0107 prac\u0119 dziennikarsk\u0105, zamiast zaczepia\u0107 akurat mnie w\u00a0\u201esoszjlach\u201d \u2013\u00a0zako\u0144czy\u0142.<\/p>\n<blockquote class=\"twitter-tweet\">\n<p dir=\"ltr\" lang=\"pl\">Je\u017celi naprawd\u0119 chce Pan \u201edoj\u015b\u0107 do\u00a0prawdy\u201d, to\u00a0nie\u015bmia\u0142o sugeruj\u0119 wykona\u0107 prac\u0119 dziennikarsk\u0105, zamiast zaczepia\u0107 akurat mnie w\u00a0\u201esoszjlach\u201d.<\/p>\n<p>Uszczypliwo\u015bci m\u00f3g\u0142bym sobie darowa\u0107, ale\u00a0przy tym przes\u0142odzeniu i\u00a0pudrowaniu, kt\u00f3re uskuteczniacie od\u00a0lat (oczywi\u015bcie poza s\u0119dziami, to\u2026 <a href=\"https:\/\/t.co\/1p8BGZ1pAC\" target=\"_blank\" rel=\"noopener noreferrer nofollow\">https:\/\/t.co\/1p8BGZ1pAC<\/a><\/p>\n<p>\u2014\u00a0Tomasz Listkiewicz (@TListkiewicz) <a href=\"https:\/\/x.com\/TListkiewicz\/status\/2087514322918346839?ref_src=twsrc%5Etfw\" target=\"_blank\" rel=\"noopener noreferrer nofollow\">August 12, 2026<\/a><\/p>\n<\/blockquote>\n<p>Podsumowanie<\/p>\n<p>To\u00a0pokazuje jedno \u2013 chaos. Z\u00a0jednej strony czytamy oficjalne komunikaty przyznaj\u0105ce si\u0119 do\u00a0b\u0142\u0119du arbitr\u00f3w. Jako dow\u00f3d nie\u00a0pokazano jednak pe\u0142nego procesu decyzyjnego, a\u00a0niewyra\u017any rysunek. Taki spos\u00f3b udowadniania pomy\u0142ki nie\u00a0rozwiewa wszystkich w\u0105tpliwo\u015bci. Ponadto z\u00a0drugiej strony docieraj\u0105 g\u0142osy samych s\u0119dzi\u00f3w, kt\u00f3rzy\u00a0czuj\u0105 si\u0119 oszukani i\u00a0pozbawieni odpowiednich narz\u0119dzi technologicznych. Zatem centrum VAR, kt\u00f3re mia\u0142o uci\u0105\u0107 kontrowersje, sta\u0142o si\u0119 ich kolejnym generatorem. I\u00a0to\u00a0nie\u00a0wina samego centrum, lecz\u00a0ludzi, kt\u00f3rzy\u00a0nim zarz\u0105dzaj\u0105, a\u00a0by\u0107 mo\u017ce tak\u017ce tych, kt\u00f3rzy\u00a0z\u00a0tego (mo\u017ce nieudolnie) korzystaj\u0105.<\/p>\n<p>Zamiast przejrzysto\u015bci dostajemy ba\u0142agan, zrzucanie winy i\u00a0medialne polemiki, kt\u00f3re niewiele wnosz\u0105. C\u00f3\u017c z\u00a0tego, \u017ce\u00a0Marciniak z\u00a0Listkiewiczem si\u0119 powymieniaj\u0105 argumentami i\u00a0z\u0142o\u015bliwo\u015bciami, skoro za\u00a0zaraz znowu b\u0119dziemy \u015bwiadkami jakiego\u015b podobnego b\u0142\u0119du (?) s\u0119dziowskiego.<\/p>\n<p>Pozostaje czeka\u0107 na\u00a0komunikat ze\u00a0strony PZPN i\u00a0na\u00a0ustosunkowanie si\u0119 do\u00a0zarzut\u00f3w o\u00a0wadliwe dzia\u0142anie nowego systemu, bo\u00a0w\u00a0przeciwnym razie ka\u017cda kolejna decyzja s\u0119dzi\u00f3w b\u0119dzie tylko\u00a0pot\u0119gowa\u0107 i\u00a0tak\u00a0wysok\u0105 ju\u017c nieufno\u015b\u0107 wobec arbitr\u00f3w.<\/p>\n<p>Jest to\u00a0jednak utopijna wizja, bo\u00a0i\u00a0tak\u00a0sytuacja zostanie zapewne zamieciona pod\u00a0dywan. A\u00a0trac\u0105 kibice i\u00a0kluby.<\/p>\n<p>Fot.\u00a0PZPN<\/p>\n<p>                    <script async src=\"https:\/\/platform.twitter.com\/widgets.js\" charset=\"utf-8\"><\/script><\/p>\n","protected":false},"excerpt":{"rendered":"Brak odgwizdanego spalonego w\u00a0meczu Pogo\u0144 Szczecin \u2013 Motor Lublin to\u00a0potencjalnie kolejny z\u00a0wielu b\u0142\u0119d\u00f3w s\u0119dzi\u00f3w na\u00a0pocz\u0105tku tego sezonu Ekstraklasy.&hellip;\n","protected":false},"author":2,"featured_media":617361,"comment_status":"","ping_status":"","sticky":false,"template":"","format":"standard","meta":{"footnotes":"","_share_on_mastodon":"0"},"categories":[24],"tags":[121846,121847,3364,42,1111,38,40,39,41,550,127,126,15120,3180],"class_list":["post-617360","post","type-post","status-publish","format-standard","has-post-thumbnail","category-sport","tag-arkadiusz-kamil-wojcik","tag-krzysztof-marciniak","tag-motor-lublin","tag-pl","tag-pogon-szczecin","tag-poland","tag-polish","tag-polska","tag-polski","tag-pzpn","tag-sport","tag-sports","tag-tomasz-listkiewicz","tag-var"],"share_on_mastodon":{"url":"https:\/\/pubeurope.com\/@pl\/117083508921911825","error":""},"_links":{"self":[{"href":"https:\/\/www.europesays.com\/pl\/wp-json\/wp\/v2\/posts\/617360","targetHints":{"allow":["GET"]}}],"collection":[{"href":"https:\/\/www.europesays.com\/pl\/wp-json\/wp\/v2\/posts"}],"about":[{"href":"https:\/\/www.europesays.com\/pl\/wp-json\/wp\/v2\/types\/post"}],"author":[{"embeddable":true,"href":"https:\/\/www.europesays.com\/pl\/wp-json\/wp\/v2\/users\/2"}],"replies":[{"embeddable":true,"href":"https:\/\/www.europesays.com\/pl\/wp-json\/wp\/v2\/comments?post=617360"}],"version-history":[{"count":0,"href":"https:\/\/www.europesays.com\/pl\/wp-json\/wp\/v2\/posts\/617360\/revisions"}],"wp:featuredmedia":[{"embeddable":true,"href":"https:\/\/www.europesays.com\/pl\/wp-json\/wp\/v2\/media\/617361"}],"wp:attachment":[{"href":"https:\/\/www.europesays.com\/pl\/wp-json\/wp\/v2\/media?parent=617360"}],"wp:term":[{"taxonomy":"category","embeddable":true,"href":"https:\/\/www.europesays.com\/pl\/wp-json\/wp\/v2\/categories?post=617360"},{"taxonomy":"post_tag","embeddable":true,"href":"https:\/\/www.europesays.com\/pl\/wp-json\/wp\/v2\/tags?post=617360"}],"curies":[{"name":"wp","href":"https:\/\/api.w.org\/{rel}","templated":true}]}}