{"id":617400,"date":"2026-08-12T16:58:12","date_gmt":"2026-08-12T16:58:12","guid":{"rendered":"https:\/\/www.europesays.com\/pl\/617400\/"},"modified":"2026-08-12T16:58:12","modified_gmt":"2026-08-12T16:58:12","slug":"to-bedzie-ostatni-taki-dzien-w-pogodzie-przed-przerwa-mamy-prognoze-na-czwartek","status":"publish","type":"post","link":"https:\/\/www.europesays.com\/pl\/617400\/","title":{"rendered":"To b\u0119dzie ostatni taki dzie\u0144 w pogodzie przed przerw\u0105. Mamy prognoz\u0119 na czwartek"},"content":{"rendered":"<p>Poranek zapowiada si\u0119 zimno, a temperatura w wielu miejscach spadnie poni\u017cej 10 st. C. Spodziewamy si\u0119 jednocze\u015bnie s\u0142onecznej i suchej <a href=\"https:\/\/wiadomosci.onet.pl\/pogoda\" id=\"3e00f352-42b0-4232-b36b-cf1e5a1c6fa3\" rel=\"nofollow noopener\" target=\"_blank\">pogody<\/a>, a na niebie w du\u017cej cz\u0119\u015bci kraju nie pojawi si\u0119 ani jedna chmura.Do wieczora aura si\u0119 nie zmieni. Od morza po g\u00f3ry przewidujemy pi\u0119kn\u0105 i <a href=\"https:\/\/wiadomosci.onet.pl\/slonce-gwiazda\" id=\"810d94ad-82a5-4568-8b27-7dd6364a6987\" rel=\"nofollow noopener\" target=\"_blank\">s\u0142oneczn\u0105<\/a>, i\u015bcie wakacyjn\u0105 pogod\u0119. Pada\u0107 nigdzie nie powinno, a zachmurzenie b\u0119dzie ma\u0142e albo umiarkowane. R\u00f3wnie\u017c noc z czwartku na pi\u0105tek zapowiada si\u0119 bardzo spokojnie. Blisko\u015b\u0107 wy\u017c\u00f3w sprawi, \u017ce na deszcz nie ma \u017cadnych szans, a niebo gdzieniegdzie stanie si\u0119 zupe\u0142nie bezchmurne.<img class=\"ods-a-photo ods-a-photo--background\" src=\"https:\/\/www.europesays.com\/pl\/wp-content\/uploads\/2026\/08\/vvJk9lBaHR0cHM6Ly9vY2RuLmV1L3B1bHNjbXMvTURBXy9kMjNlZThiM2RmMDU3MDEyNWMyODFlYjVkMDM4YmY5ZS5wbmeRkwXNB.jpeg\" height=\"1155\" width=\"940\" alt=\"W czwartek ca\u0142a Polska b\u0119dzie sk\u0105pana w s\u0142o\u0144cu i cieple\" loading=\"lazy\" fetchpriority=\"auto\" decoding=\"auto\"\/><\/p>\n<p>Arkadiusz P\u0142achta \/ Onet<\/p>\n<p>W czwartek ca\u0142a Polska b\u0119dzie sk\u0105pana w s\u0142o\u0144cu i cieple<\/p>\n<p><a href=\"https:\/\/wiadomosci.onet.pl\/temperatura\" id=\"c85a0cfb-04fa-4d1c-9a89-1ac218e18c74\" rel=\"nofollow noopener\" target=\"_blank\">Temperatura<\/a> w czwartek nieco wzro\u015bnie w por\u00f3wnaniu ze \u015brod\u0105, ale upa\u0142\u00f3w nie musimy si\u0119 jeszcze obawia\u0107. Te wr\u00f3c\u0105 jednak na kilka dni ju\u017c od pi\u0105tku. Maksymalnie odnotujemy od 21-22 st. C na p\u00f3\u0142nocnym wschodzie i w rejonie Zakopanego, 23-26 st. C w wi\u0119kszo\u015bci kraju do 27 st. C przy granicy z Niemcami. Po zachodzie s\u0142o\u0144ca zacznie si\u0119 jednak szybko och\u0142adza\u0107 i nad ranem s\u0142upki rt\u0119ci niemal wsz\u0119dzie spadn\u0105 do 7-12 st. C. Tylko na zachodzie oraz nad Ba\u0142tykiem zapowiadamy nieco wy\u017csze warto\u015bci, ok. 13-15 st. C.<img class=\"ods-a-photo ods-a-photo--background\" src=\"https:\/\/www.europesays.com\/pl\/wp-content\/uploads\/2026\/08\/mLnk9lBaHR0cHM6Ly9vY2RuLmV1L3B1bHNjbXMvTURBXy9mNjJlYTZlZWQ3OTA4YTFmOTY1YzUyNzhiNWJjYTBjMy5wbmeRkwXNB.jpeg\" height=\"760\" width=\"760\" alt=\"W czwartek z zachodu zacznie wlewa\u0107 si\u0119 coraz cieplejsze powietrze\" loading=\"lazy\" fetchpriority=\"auto\" decoding=\"auto\"\/><\/p>\n<p>meteologix.com<\/p>\n<p>W czwartek z zachodu zacznie wlewa\u0107 si\u0119 coraz cieplejsze powietrze<\/p>\n<p>Wiatr powieje s\u0142abo i umiarkowanie, ze zmiennych kierunk\u00f3w, ale z przewag\u0105 wschodnich i p\u00f3\u0142nocnych. Cho\u0107 rano i wieczorem mo\u017cemy odczuwa\u0107 ch\u0142\u00f3d, po po\u0142udniu b\u0119dzie nam z regu\u0142y ciep\u0142o. W ca\u0142ej Polsce spodziewamy si\u0119 zarazem korzystnych warunk\u00f3w biometeorologicznych.<\/p>\n","protected":false},"excerpt":{"rendered":"Poranek zapowiada si\u0119 zimno, a temperatura w wielu miejscach spadnie poni\u017cej 10 st. C. Spodziewamy si\u0119 jednocze\u015bnie s\u0142onecznej&hellip;\n","protected":false},"author":2,"featured_media":617401,"comment_status":"","ping_status":"","sticky":false,"template":"","format":"standard","meta":{"footnotes":"","_share_on_mastodon":"0"},"categories":[12],"tags":[61195,1715,48,56812,46,42,78,38,40,39,41,47,1984],"class_list":["post-617400","post","type-post","status-publish","format-standard","has-post-thumbnail","category-polska","tag-bottomfeed_styl","tag-lato","tag-nat_styl","tag-newbb_tst0","tag-omp","tag-pl","tag-pogoda","tag-poland","tag-polish","tag-polska","tag-polski","tag-screening_general","tag-slonce"],"share_on_mastodon":{"url":"https:\/\/pubeurope.com\/@pl\/117083603495190801","error":""},"_links":{"self":[{"href":"https:\/\/www.europesays.com\/pl\/wp-json\/wp\/v2\/posts\/617400","targetHints":{"allow":["GET"]}}],"collection":[{"href":"https:\/\/www.europesays.com\/pl\/wp-json\/wp\/v2\/posts"}],"about":[{"href":"https:\/\/www.europesays.com\/pl\/wp-json\/wp\/v2\/types\/post"}],"author":[{"embeddable":true,"href":"https:\/\/www.europesays.com\/pl\/wp-json\/wp\/v2\/users\/2"}],"replies":[{"embeddable":true,"href":"https:\/\/www.europesays.com\/pl\/wp-json\/wp\/v2\/comments?post=617400"}],"version-history":[{"count":0,"href":"https:\/\/www.europesays.com\/pl\/wp-json\/wp\/v2\/posts\/617400\/revisions"}],"wp:featuredmedia":[{"embeddable":true,"href":"https:\/\/www.europesays.com\/pl\/wp-json\/wp\/v2\/media\/617401"}],"wp:attachment":[{"href":"https:\/\/www.europesays.com\/pl\/wp-json\/wp\/v2\/media?parent=617400"}],"wp:term":[{"taxonomy":"category","embeddable":true,"href":"https:\/\/www.europesays.com\/pl\/wp-json\/wp\/v2\/categories?post=617400"},{"taxonomy":"post_tag","embeddable":true,"href":"https:\/\/www.europesays.com\/pl\/wp-json\/wp\/v2\/tags?post=617400"}],"curies":[{"name":"wp","href":"https:\/\/api.w.org\/{rel}","templated":true}]}}