{"id":617638,"date":"2026-08-12T19:18:15","date_gmt":"2026-08-12T19:18:15","guid":{"rendered":"https:\/\/www.europesays.com\/pl\/617638\/"},"modified":"2026-08-12T19:18:15","modified_gmt":"2026-08-12T19:18:15","slug":"michal-sikorski-wzial-slub-wiadomo-od-kiedy-aktor-z-1670-jest-mezem","status":"publish","type":"post","link":"https:\/\/www.europesays.com\/pl\/617638\/","title":{"rendered":"Micha\u0142 Sikorski wzi\u0105\u0142 \u015blub. Wiadomo, od kiedy aktor z &#8222;1670&#8221; jest m\u0119\u017cem"},"content":{"rendered":"<p><a href=\"https:\/\/plejada.pl\/temat\/michal-sikorski\/j2cylvt\" id=\"b51b8a8b-fcb6-45ad-89e3-2c9a312dd55e\" rel=\"nofollow noopener\" target=\"_blank\">Micha\u0142 Sikorski<\/a> to dzi\u015b jedno z najgor\u0119tszych nazwisk m\u0142odego pokolenia polskich aktor\u00f3w. Szeroka publiczno\u015b\u0107 pokocha\u0142a go za rol\u0119 w satyrycznym serialu Netfliksa &#8222;1670&#8221;, jednak jego kariera zacz\u0119\u0142a nabiera\u0107 tempa ju\u017c po debiucie w nagradzanej &#8222;Sonacie&#8221;. Mimo rosn\u0105cej popularno\u015bci Sikorski konsekwentnie chroni swoje \u017cycie prywatne przed mediami. Wyj\u0105tek zrobi\u0142 na pocz\u0105tku 2024 r. w programie Kuby Wojew\u00f3dzkiego, gdzie zdradzi\u0142, \u017ce zako\u0144czy\u0142 sw\u00f3j poprzedni zwi\u0105zek podczas pracy na planie &#8222;1670&#8221;. &#8222;Podczas zdj\u0119\u0107 prze\u017cy\u0142em rozstanie. Ale nie p\u0142aka\u0142em d\u0142ugo, bo szybko wszed\u0142em w nowy zwi\u0105zek&#8221; \u2014 przyzna\u0142 aktor.Dalszy ci\u0105g artyku\u0142u pod materia\u0142em wideoZaskakuj\u0105ce wyznanie Micha\u0142a Sikorskiego: od listopada mam \u017con\u0119<\/p>\n<p>Prawdziw\u0105 sensacj\u0119 wywo\u0142a\u0142o jednak jego najnowsze wyznanie na Instagramie. Odpowiadaj\u0105c na pytanie internautki o dziewczyn\u0119, Sikorski zdoby\u0142 si\u0119 na niezwyk\u0142\u0105 szczero\u015b\u0107: &#8222;Ju\u017c nie [mam dziewczyny]. Od listopada mam \u017con\u0119&#8221; \u2014 napisa\u0142. W podca\u015bcie &#8222;Kultura WPe\u0142ni&#8221; zdradzi\u0142 tak\u017ce, \u017ce tylko raz odm\u00f3wi\u0142 fanom wsp\u00f3lnego zdj\u0119cia \u2014 w\u0142a\u015bnie w drodze na w\u0142asny \u015blub.<\/p>\n<blockquote class=\"ods-o-quote\">\n<p class=\"ods-o-quote__paragraph\">Od kilku miesi\u0119cy jestem m\u0119\u017cem. (&#8230;) To by\u0142 jedyny raz, jak bra\u0142em \u015blub, \u017ce odm\u00f3wi\u0142em komu\u015b zdj\u0119cia. Szed\u0142em w kapturze, wzi\u0105\u0142em \u015blub w Poznaniu, by\u0142 koniec listopada. Podesz\u0142y osoby, prosz\u0105c o zdj\u0119cie i ten jeden raz w \u017cyciu powiedzia\u0142em: &#8222;Sorry, nie&#8221;<\/p>\n<\/blockquote>\n<p>\u2014 wspomina\u0142 Sikorski.<\/p>\n<p><img class=\"ods-a-photo ods-a-photo--background\" src=\"https:\/\/www.europesays.com\/pl\/wp-content\/uploads\/2026\/08\/5eOk9lBaHR0cHM6Ly9vY2RuLmV1L3B1bHNjbXMvTURBXy9kNDFlNjAwYjAzNzc0NzYwYWViODQ5NmRhODM4YmFiNi5qcGeRlQLNA.jpeg\" height=\"253\" width=\"450\" alt=\"Micha\u0142 Sikorski w serialu &quot;1670&quot;\" loading=\"lazy\" fetchpriority=\"low\" decoding=\"async\"\/><\/p>\n<p>Aktor nie ukrywa te\u017c, \u017ce rola ojca przysz\u0142a do niego wcze\u015bnie. &#8222;Kiedy rodzi\u0142 si\u0119 m\u00f3j syn, to by\u0142o troch\u0119 poza dzisiaj przyj\u0119tymi ramami i sporo s\u0142ysza\u0142em komentarze typu: oj, przytrafi\u0142o si\u0119&#8221; \u2014 m\u00f3wi\u0142 w podca\u015bcie &#8222;Zza kulis&#8221;. Syn Sikorskiego, Jeremi, jest dla niego powodem do dumy. &#8222;Ciesz\u0119 si\u0119, \u017ce go mam. To zaszczyt, \u017ce z takim go\u015bciem mieszkam i&#8230; chyba nawet mnie lubi&#8221; \u2014 \u017cartowa\u0142 w rozmowie ze &#8222;Zwierciad\u0142em&#8221;.<\/p>\n<p><img class=\"ods-a-photo ods-a-photo--background\" src=\"https:\/\/www.europesays.com\/pl\/wp-content\/uploads\/2026\/08\/WFhk9lBaHR0cHM6Ly9vY2RuLmV1L3B1bHNjbXMvTURBXy9hM2Y2ZTBiNDI5ZTRjMGI5ZWNhNjRiYmFmZDExZTFhYy5qcGeRkwXNB.jpeg\" height=\"800\" width=\"534\" alt=\"Micha\u0142 Sikorski\" loading=\"lazy\" fetchpriority=\"auto\" decoding=\"auto\"\/><\/p>\n<p>Andras Szilagyi \/ MW Media<\/p>\n<p>Micha\u0142 Sikorski<\/p>\n<p>Dzi\u0119kujemy, \u017ce przeczyta\u0142a\u015b\/e\u015b nasz artyku\u0142 do ko\u0144ca. W serwisie Plejada.pl ka\u017cdego dnia piszemy o najwa\u017cniejszych wydarzeniach show-biznesowych. B\u0105d\u017a na bie\u017c\u0105co!<a rel=\"nofollow noopener\" href=\"https:\/\/profile.google.com\/cp\/Cg0vZy8xMWJ6X19wdHBx\" id=\"0cb61d76-70d6-4ba4-9359-fa430beec57c\" target=\"_blank\"> Obserwuj<\/a> Plejad\u0119 w Google. Odwied\u017a nas tak\u017ce na<a rel=\"nofollow noopener\" href=\"https:\/\/www.facebook.com\/plejadapl\" id=\"775f42ea-9f71-4cea-859a-eb848b6fb746\" target=\"_blank\"> Facebooku<\/a>,<a rel=\"nofollow noopener\" href=\"https:\/\/www.instagram.com\/plejadapl\/\" id=\"5fe825e7-82a9-471d-957f-069f11b6cad2\" target=\"_blank\"> Instagramie<\/a>,<a rel=\"nofollow noopener\" href=\"https:\/\/www.youtube.com\/c\/plejada\" id=\"6d2c7bfb-df9c-4f60-8386-607ebad1d76e\" target=\"_blank\"> YouTubie<\/a> oraz<a rel=\"nofollow noopener\" href=\"https:\/\/www.tiktok.com\/@plejada_pl\" id=\"ab210c91-d2a8-49d7-88cb-0c8c910eddce\" target=\"_blank\"> TikToku<\/a>.Chcesz podzieli\u0107 si\u0119 ciekawym newsem lub zaproponowa\u0107 temat? Skontaktuj si\u0119 z nami, pisz\u0105c maila na adres: <a rel=\"nofollow noopener\" href=\"https:\/\/plejada.pl\/newsy\/michal-sikorski-wzial-slub-wiadomo-od-kiedy-aktor-z-1670-jest-mezem\/mailto:plejada@redakcjaonet.pl\" id=\"6fdd44f8-817c-4377-a6e1-756dc1a86bff\" target=\"_blank\">plejada@redakcjaonet.pl<\/a>.<script async src=\"\/\/www.instagram.com\/embed.js\"><\/script><script async src=\"\/\/www.tiktok.com\/embed.js\"><\/script><\/p>\n","protected":false},"excerpt":{"rendered":"Micha\u0142 Sikorski to dzi\u015b jedno z najgor\u0119tszych nazwisk m\u0142odego pokolenia polskich aktor\u00f3w. Szeroka publiczno\u015b\u0107 pokocha\u0142a go za rol\u0119&hellip;\n","protected":false},"author":2,"featured_media":617639,"comment_status":"","ping_status":"","sticky":false,"template":"","format":"standard","meta":{"footnotes":"","_share_on_mastodon":"0"},"categories":[22],"tags":[217,61195,122,816,119000,48,125,46,42,38,40,39,41,123,47],"class_list":["post-617638","post","type-post","status-publish","format-standard","has-post-thumbnail","category-rozrywka","tag-217","tag-bottomfeed_styl","tag-entertainment","tag-film","tag-michal_sikorski","tag-nat_styl","tag-newsy","tag-omp","tag-pl","tag-poland","tag-polish","tag-polska","tag-polski","tag-rozrywka","tag-screening_general"],"share_on_mastodon":{"url":"https:\/\/pubeurope.com\/@pl\/117084153970014172","error":""},"_links":{"self":[{"href":"https:\/\/www.europesays.com\/pl\/wp-json\/wp\/v2\/posts\/617638","targetHints":{"allow":["GET"]}}],"collection":[{"href":"https:\/\/www.europesays.com\/pl\/wp-json\/wp\/v2\/posts"}],"about":[{"href":"https:\/\/www.europesays.com\/pl\/wp-json\/wp\/v2\/types\/post"}],"author":[{"embeddable":true,"href":"https:\/\/www.europesays.com\/pl\/wp-json\/wp\/v2\/users\/2"}],"replies":[{"embeddable":true,"href":"https:\/\/www.europesays.com\/pl\/wp-json\/wp\/v2\/comments?post=617638"}],"version-history":[{"count":0,"href":"https:\/\/www.europesays.com\/pl\/wp-json\/wp\/v2\/posts\/617638\/revisions"}],"wp:featuredmedia":[{"embeddable":true,"href":"https:\/\/www.europesays.com\/pl\/wp-json\/wp\/v2\/media\/617639"}],"wp:attachment":[{"href":"https:\/\/www.europesays.com\/pl\/wp-json\/wp\/v2\/media?parent=617638"}],"wp:term":[{"taxonomy":"category","embeddable":true,"href":"https:\/\/www.europesays.com\/pl\/wp-json\/wp\/v2\/categories?post=617638"},{"taxonomy":"post_tag","embeddable":true,"href":"https:\/\/www.europesays.com\/pl\/wp-json\/wp\/v2\/tags?post=617638"}],"curies":[{"name":"wp","href":"https:\/\/api.w.org\/{rel}","templated":true}]}}