{"id":61800,"date":"2025-10-22T05:21:10","date_gmt":"2025-10-22T05:21:10","guid":{"rendered":"https:\/\/www.europesays.com\/pl\/61800\/"},"modified":"2025-10-22T05:21:10","modified_gmt":"2025-10-22T05:21:10","slug":"byly-wyslannik-trumpa-o-tomahawkach-dla-ukrainy-pod-warunkiem","status":"publish","type":"post","link":"https:\/\/www.europesays.com\/pl\/61800\/","title":{"rendered":"By\u0142y wys\u0142annik Trumpa o Tomahawkach dla Ukrainy. &#8222;Pod warunkiem&#8221;"},"content":{"rendered":"<ul class=\"UnorderedList_container__nmfSl\">\n<li class=\"UnorderedList_listElement__Py7xi\" data-id=\"ai-summary-link\">Du\u017co czytania, a ma\u0142o czasu? Sprawd\u017a\u00a0skr\u00f3t\u00a0artyku\u0142u<\/li>\n<\/ul>\n<p class=\"Paragraph_desktopParagraph__U31Gm\">Sprzeda\u017c ameryka\u0144skich pocisk\u00f3w kierowanych Tomahawk by\u0142a jednym z temat\u00f3w <a href=\"https:\/\/wiadomosci.onet.pl\/swiat\/donald-trump-spotkal-sie-z-wolodymyrem-zelenskim-skarzyl-sie-na-jedno\/bns26rm\" id=\"2cd517b3-d0af-4e4e-8eb5-2262a9353a05\" rel=\"nofollow noopener\" target=\"_blank\">pi\u0105tkowego spotkania prezydent\u00f3w USA i Ukrainy, Donalda Trumpa i Wo\u0142odymyra Ze\u0142enskiego, w Bia\u0142ym Domu<\/a>. Trump zasugerowa\u0142 podczas spotkania, \u017ce nie sprzeda Ukrainie tych rakiet, gdy\u017c USA ich potrzebuj\u0105. Ze\u0142enski zapewni\u0142 po opuszczeniu Bia\u0142ego Domu, \u017ce temat pocisk\u00f3w jest aktualny.<\/p>\n<p class=\"Paragraph_desktopParagraph__U31Gm\">\u2014 Prezydent Trump wola\u0142 na razie si\u0119 wstrzyma\u0107 i sprawdzi\u0107, czy mo\u017ce wsp\u00f3\u0142dzia\u0142a\u0107 z Putinem \u2014 powiedzia\u0142 Volker, oceniaj\u0105c decyzj\u0119 Trumpa.<\/p>\n<p class=\"Paragraph_desktopParagraph__U31Gm\">Jak zaznaczy\u0142, <a href=\"https:\/\/wiadomosci.onet.pl\/swiat\/rosja-zada-zaprzestania-szkolenia-zolnierzy-sil-zbrojnych-ukrainy-na-zachodzie\/9fr7s0j\" id=\"70b39293-34d1-4690-80d2-37031362ae54\" rel=\"nofollow noopener\" target=\"_blank\">\u017c\u0105dania Rosji w sprawie wojny w Ukrainie nie zmieniaj\u0105 si\u0119<\/a>, co nie wr\u00f3\u017cy temu, by potencjalne spotkanie lider\u00f3w mog\u0142o by\u0107 produktywne. W zwi\u0105zku z tym \u2014 wed\u0142ug niego \u2014 spotkanie przyw\u00f3dc\u00f3w b\u0119dzie prze\u0142o\u017cone. Sam <a href=\"https:\/\/wiadomosci.onet.pl\/swiat\/co-ze-szczytem-w-budapeszcie-donald-trump-nie-chce-zmarnowanego-spotkania\/rlvntkp\" id=\"da242e06-65eb-4f21-9809-93041003b142\" rel=\"nofollow noopener\" target=\"_blank\">Trump we wtorek powiedzia\u0142, \u017ce nie podj\u0105\u0142 jeszcze decyzji w tej sprawie<\/a> i poinformuje o tym, co dalej, w ci\u0105gu dw\u00f3ch dni.<\/p>\n<p class=\"VideoPlayerText_videoPlayerText__iDwyz\">Dalszy ci\u0105g materia\u0142u pod wideo<\/p>\n<ul class=\"OchatFollowUps_wrapper__1ry7X\">\n<li class=\"OchatFollowUps_item__Dhyly OchatFollowUps_itemDesktop__R6aBv\">Jakie warunki musi spe\u0142ni\u0107 Ukraina, aby otrzyma\u0107 pociski Tomahawk?<\/li>\n<li class=\"OchatFollowUps_item__Dhyly OchatFollowUps_itemDesktop__R6aBv\">Co s\u0105dzi Kurt Volker o decyzji Trumpa w sprawie Tomahawk\u00f3w?<\/li>\n<li class=\"OchatFollowUps_item__Dhyly OchatFollowUps_itemDesktop__R6aBv\">Czy Trump podj\u0105\u0142 ju\u017c decyzj\u0119 w sprawie sprzeda\u017cy Tomahawk\u00f3w dla Ukrainy?<\/li>\n<li class=\"OchatFollowUps_item__Dhyly OchatFollowUps_itemDesktop__R6aBv\">Dlaczego Ukraina jest gotowa do zawieszenia broni?<\/li>\n<\/ul>\n<p class=\"Paragraph_desktopParagraph__U31Gm\">Volker powiedzia\u0142 w CNN, \u017ce Putin wci\u0105\u017c uwa\u017ca, i\u017c mo\u017ce podbi\u0107 wi\u0119cej terytorium Ukrainy i nie jest gotowy, by wstrzyma\u0107 walki. \u2014 Chce si\u0119 te\u017c przekona\u0107, czy stosuj\u0105c t\u0119 taktyk\u0119 negocjacji polegaj\u0105c\u0105 na blefie, uda mu si\u0119 przekona\u0107 Trumpa, albo kogo\u015b innego do wywarcia presji na Ukrain\u0119, by odda\u0142a mu wi\u0119cej [terytorium] \u2014 podkre\u015bli\u0142.<\/p>\n<p class=\"Paragraph_desktopParagraph__U31Gm\">Zwr\u00f3ci\u0142 uwag\u0119, \u017ce Ukraina jest gotowa do zawieszenia broni na obecnej linii frontu, co wed\u0142ug niego jest du\u017cym ust\u0119pstwem.<\/p>\n<p class=\"Paragraph_desktopParagraph__U31Gm\">Volker podkre\u015bli\u0142, \u017ce <a href=\"https:\/\/wiadomosci.onet.pl\/swiat\/usa-nie-bedzie-rozwazac-sankcji-na-rosje-najpierw-spotkanie-trumpa-i-putina\/e6nj1hp\" id=\"2c178f6f-0f11-4006-bb51-0a246e194e5a\" rel=\"nofollow noopener\" target=\"_blank\">Trump nie wprowadzi\u0142 jeszcze nowych sankcji na Rosj\u0119<\/a>, poniewa\u017c koncentruje si\u0119 na osi\u0105gni\u0119ciu porozumienia i nie jest &#8222;w trybie konfrontacji&#8221;. \u2014 Wed\u0142ug niego wi\u0119ksza presja, w tym sankcje, Tomahawki, sprawi, \u017ce trudniej b\u0119dzie osi\u0105gn\u0105\u0107 porozumienie. Cz\u0119\u015bciowo uwa\u017ca tak, bo to m\u00f3wi mu W\u0142adimir Putin \u2014 kontynuowa\u0142 specjalny wys\u0142annik Waszyngtonu na Ukrain\u0119 w latach 2017-2019.<\/p>\n<p class=\"Paragraph_desktopParagraph__U31Gm\">\u2014 W rzeczywisto\u015bci powinien uruchomi\u0107 te \u015brodki. Wdro\u017cy\u0107 sankcje wt\u00f3rne. Da\u0107 Ukrainie Tomahawki pod warunkiem, \u017ce nie u\u017cyje ich, je\u015bli Rosjanie zgodz\u0105 si\u0119 na zawieszenie broni, by podnie\u015b\u0107 stawk\u0119 i \u017ceby w ko\u0144cu Putin zgodzi\u0142 si\u0119 [na negocjacje]. Ale Trump my\u015bli obecnie inaczej. A Putin wykorzystuje to, \u017ce Trump chce zawarcia porozumienia, i sprawia, \u017ce [Trump] nie stosuje silniejszych \u015brodk\u00f3w [wobec Rosji] \u2014 doda\u0142.<\/p>\n","protected":false},"excerpt":{"rendered":"Du\u017co czytania, a ma\u0142o czasu? Sprawd\u017a\u00a0skr\u00f3t\u00a0artyku\u0142u Sprzeda\u017c ameryka\u0144skich pocisk\u00f3w kierowanych Tomahawk by\u0142a jednym z temat\u00f3w pi\u0105tkowego spotkania prezydent\u00f3w&hellip;\n","protected":false},"author":2,"featured_media":61801,"comment_status":"","ping_status":"","sticky":false,"template":"","format":"standard","meta":{"footnotes":""},"categories":[5],"tags":[32,33,58,36,37,27,67,64,34,35,28,31,53,25,52,68,51,55,42,38,40,39,41,62,47,59,29,30,390,65,50,26,418,309],"class_list":{"0":"post-61800","1":"post","2":"type-post","3":"status-publish","4":"format-standard","5":"has-post-thumbnail","7":"category-naglowki","8":"tag-breaking-news","9":"tag-breakingnews","10":"tag-donald_trump_prezydent_usa","11":"tag-featured-news","12":"tag-featurednews","13":"tag-headlines","14":"tag-intextvideo_splayer","15":"tag-inwazja_rosji_na_ukraine_2014_","16":"tag-latest-news","17":"tag-latestnews","18":"tag-naglowki","19":"tag-najwazniejsze-artykuly","20":"tag-new_header","21":"tag-news","22":"tag-onet3","23":"tag-onet3d","24":"tag-onet3d_2i","25":"tag-phx","26":"tag-pl","27":"tag-poland","28":"tag-polish","29":"tag-polska","30":"tag-polski","31":"tag-rosja_kraj_rosjanin_rosjanie_rosjanka_rosjanki","32":"tag-screening_general","33":"tag-stany_zjednoczone_usa","34":"tag-top-stories","35":"tag-topstories","36":"tag-ukraina_ukrainiec_ukrainka_ukraincy_ukrainki","37":"tag-update_me","38":"tag-v2021","39":"tag-wiadomosci","40":"tag-wladimir_putin_rosyjski_prezydent","41":"tag-wolodymyr_zelenski"},"share_on_mastodon":{"url":"","error":""},"_links":{"self":[{"href":"https:\/\/www.europesays.com\/pl\/wp-json\/wp\/v2\/posts\/61800","targetHints":{"allow":["GET"]}}],"collection":[{"href":"https:\/\/www.europesays.com\/pl\/wp-json\/wp\/v2\/posts"}],"about":[{"href":"https:\/\/www.europesays.com\/pl\/wp-json\/wp\/v2\/types\/post"}],"author":[{"embeddable":true,"href":"https:\/\/www.europesays.com\/pl\/wp-json\/wp\/v2\/users\/2"}],"replies":[{"embeddable":true,"href":"https:\/\/www.europesays.com\/pl\/wp-json\/wp\/v2\/comments?post=61800"}],"version-history":[{"count":0,"href":"https:\/\/www.europesays.com\/pl\/wp-json\/wp\/v2\/posts\/61800\/revisions"}],"wp:featuredmedia":[{"embeddable":true,"href":"https:\/\/www.europesays.com\/pl\/wp-json\/wp\/v2\/media\/61801"}],"wp:attachment":[{"href":"https:\/\/www.europesays.com\/pl\/wp-json\/wp\/v2\/media?parent=61800"}],"wp:term":[{"taxonomy":"category","embeddable":true,"href":"https:\/\/www.europesays.com\/pl\/wp-json\/wp\/v2\/categories?post=61800"},{"taxonomy":"post_tag","embeddable":true,"href":"https:\/\/www.europesays.com\/pl\/wp-json\/wp\/v2\/tags?post=61800"}],"curies":[{"name":"wp","href":"https:\/\/api.w.org\/{rel}","templated":true}]}}