{"id":618113,"date":"2026-08-13T00:22:14","date_gmt":"2026-08-13T00:22:14","guid":{"rendered":"https:\/\/www.europesays.com\/pl\/618113\/"},"modified":"2026-08-13T00:22:14","modified_gmt":"2026-08-13T00:22:14","slug":"uefa-bezlitosna-dla-rakowa-nastepny-mecz-bez-czesci-publicznosci","status":"publish","type":"post","link":"https:\/\/www.europesays.com\/pl\/618113\/","title":{"rendered":"UEFA bezlitosna dla Rakowa! Nast\u0119pny mecz bez cz\u0119\u015bci publiczno\u015bci"},"content":{"rendered":"<p>UEFA nie\u00a0oszcz\u0119dza polskich klub\u00f3w. Tym razem pad\u0142o na\u00a0Rak\u00f3w, kt\u00f3ry\u00a0oberwa\u0142 za\u00a0ostatnie spotkanie z\u00a0Hammarby zako\u0144czone bezbramkowym remisem. W\u00a0przypadku wywalczenia awansu w\u00a0Sztokholmie, klub z\u00a0Cz\u0119stochowy o\u00a0faz\u0119 ligow\u0105 Ligi Konferencji powalczy przy cz\u0119\u015bciowo zamkni\u0119tym stadionie. To\u00a0tak\u017ce efekt wydarze\u0144 sprzed kilku miesi\u0119cy.<\/p>\n<p>Europejska federacja ukara\u0142a klub spod Jasnej G\u00f3ry za\u00a0dwie kwestie. Pierwsz\u0105 z\u00a0nich by\u0142o blokowanie ci\u0105g\u00f3w komunikacyjnych (najkr\u00f3cej m\u00f3wi\u0105c, kibice stali na\u00a0schodach blokuj\u0105c g\u0142adkie przej\u015bcie), a\u00a0drug\u0105 odpalone \u015brodki pirotechniczne. I\u00a0w\u0142a\u015bnie drugie z\u00a0tych przewinie\u0144 poskutkowa\u0142o odwieszeniem kary na\u0142o\u017conej po\u00a0jednym ze\u00a0spotka\u0144 w\u00a0poprzedniej edycji europejskich puchar\u00f3w.<\/p>\n<p>UEFA bezlitosna dla Rakowa! Nast\u0119pne spotkanie bez\u00a0kompletu publiczno\u015bci<\/p>\n<p>Za\u00a0pierwsze z\u00a0przewinie\u0144 sankcja nie\u00a0jest zbyt wysoka. Rak\u00f3w za\u00a0zablokowane ci\u0105gi komunikacyjnych b\u0119dzie musia\u0142 zap\u0142aci\u0107 osiem tysi\u0119cy euro, co\u00a0jest raczej standardow\u0105 kar\u0105 nak\u0142adan\u0105 przed\u00a0europejsk\u0105 federacj\u0119 za\u00a0tego typu dzia\u0142anie kibic\u00f3w. Nieco powa\u017cniej robi si\u0119 dalej.<\/p>\n<p>Za\u00a0opraw\u0119 u\u015bwietnion\u0105 \u015brodkami pirotechnicznymi UEFA ju\u017c taka \u0142agodna nie\u00a0by\u0142a i\u00a0postanowi\u0142a sobie przypomnie\u0107 o\u00a0karze, jak\u0105 na\u0142o\u017cy\u0142a na\u00a0Rak\u00f3w przy okazji ostatniego meczu z\u00a0Fiorentin\u0105 w\u00a01\/8 fina\u0142u Ligi Konferencji. Wtedy klub z\u00a0Cz\u0119stochowy zosta\u0142 ukarany cz\u0119\u015bciowym zamkni\u0119ciem stadionu w\u00a0zawieszeniu na\u00a0dwa lata. Teraz to\u00a0sankcja zosta\u0142a odwieszona. Je\u015bli wi\u0119c\u00a0pi\u0142karze Dawida Kroczka uporaj\u0105 si\u0119 z\u00a0Hammarby, to\u00a0w\u00a0kolejnym domowym spotkaniu jedna z\u00a0trybun b\u0119dzie musia\u0142a pozosta\u0107 pusta.<\/p>\n<p>W\u00a0przypadku pora\u017cki w\u00a0Sztokholmie, zostanie to\u00a0zrealizowane przy pierwszej mo\u017cliwej okazji, gdy\u00a0Rak\u00f3w zakwalifikuje si\u0119 do\u00a0europejskich puchar\u00f3w. Ponadto dzia\u0142acze z\u00a0Limanowskiego za\u00a0u\u017cycie \u015brodk\u00f3w pirotechnicznych b\u0119d\u0105 musieli zap\u0142aci\u0107 60 tysi\u0119cy euro. W\u00a0zawieszeniu na\u00a0dwa lata zosta\u0142o na\u0142o\u017cone tak\u017ce kolejne cz\u0119\u015bciowe zamkni\u0119cie stadionu, na\u00a0kt\u00f3rym\u00a0sw\u00f3j domowy mecz b\u0119dzie rozgrywa\u0142a ekipa spod Jasnej G\u00f3ry.<\/p>\n<p>Tak\u00a0brzmi ca\u0142y komunikat wydany przez\u00a0europejsk\u0105 federacj\u0119:<\/p>\n<p>Organ Odwo\u0142awczy UEFA postanowi\u0142: <\/p>\n<ul>\n<li>Nakaza\u0107 wykonanie zawieszonej kary dyscyplinarnej, na\u0142o\u017conej wcze\u015bniej przez\u00a0Komisj\u0119 Kontroli, Etyki i\u00a0Dyscypliny UEFA w\u00a0decyzji z\u00a022 kwietnia 2026 roku. Oznacza to\u00a0cz\u0119\u015bciowe zamkni\u0119cie stadionu Rakowa Cz\u0119stochowa (sektory B1\u2013B7) podczas najbli\u017cszego meczu rozgrywek UEFA, w\u00a0kt\u00f3rym\u00a0Rak\u00f3w b\u0119dzie gospodarzem, za\u00a0odpalenie \u015brodk\u00f3w pirotechnicznych.<\/li>\n<li>Na\u0142o\u017cy\u0107 na\u00a0Rak\u00f3w Cz\u0119stochowa kar\u0119 w\u00a0wysoko\u015bci 60 000 euro oraz\u00a0nakaza\u0107 cz\u0119\u015bciowe zamkni\u0119cie stadionu (sektory B1\u2013B7) podczas dodatkowego, jednego meczu rozgrywek klubowych UEFA, w\u00a0kt\u00f3rym\u00a0Rak\u00f3w b\u0119dzie gospodarzem, za\u00a0odpalenie \u015brodk\u00f3w pirotechnicznych. Wykonanie tej\u00a0cz\u0119\u015bciowej kary zamkni\u0119cia stadionu zostaje zawieszone na\u00a0okres pr\u00f3by wynosz\u0105cy 2 lata, licz\u0105c od\u00a0daty wydania niniejszej decyzji. <\/li>\n<li>Na\u0142o\u017cy\u0107 na\u00a0Rak\u00f3w Cz\u0119stochowa kar\u0119 w\u00a0wysoko\u015bci 8 000 euro za\u00a0blokowanie ci\u0105g\u00f3w komunikacyjnych dla publiczno\u015bci.<\/li>\n<\/ul>\n<p>Uwaga: \u015arodki dyscyplinarne zawieszone na\u00a0okres pr\u00f3by nie\u00a0s\u0105\u00a0wykonywane od\u00a0razu. Mog\u0105 zosta\u0107 zastosowane, je\u017celi w\u00a0okresie pr\u00f3by zostanie pope\u0142nione kolejne przewinienie o\u00a0podobnym charakterze (art. 26(3) Regulaminu Dyscyplinarnego UEFA). W\u00a0praktyce oznacza to, \u017ce\u00a0Rak\u00f3w musi zap\u0142aci\u0107 \u0142\u0105cznie 68 000 euro, a\u00a0sektory B1\u2013B7 b\u0119d\u0105 zamkni\u0119te na\u00a0najbli\u017cszym domowym meczu Rakowa w\u00a0europejskich pucharach. Dodatkowe zamkni\u0119cie tych sektor\u00f3w na\u00a0jeszcze jeden mecz jest natomiast zawieszone na\u00a02 lata.<\/p>\n<p>Pocz\u0105tek rewan\u017cowego meczu Rakowa z\u00a0Hammarby ju\u017c 13 sierpnia o\u00a019:00. Pierwsze spotkanie zako\u0144czy\u0142o si\u0119 bezbramkowym remisem.<\/p>\n<p>Fot.\u00a0Newspix<\/p>\n","protected":false},"excerpt":{"rendered":"UEFA nie\u00a0oszcz\u0119dza polskich klub\u00f3w. Tym razem pad\u0142o na\u00a0Rak\u00f3w, kt\u00f3ry\u00a0oberwa\u0142 za\u00a0ostatnie spotkanie z\u00a0Hammarby zako\u0144czone bezbramkowym remisem. W\u00a0przypadku wywalczenia awansu&hellip;\n","protected":false},"author":2,"featured_media":618114,"comment_status":"","ping_status":"","sticky":false,"template":"","format":"standard","meta":{"footnotes":"","_share_on_mastodon":"0"},"categories":[5],"tags":[32,33,36,37,27,34,35,28,31,25,42,38,40,39,41,2369,29,30,3098,26],"class_list":["post-618113","post","type-post","status-publish","format-standard","has-post-thumbnail","category-naglowki","tag-breaking-news","tag-breakingnews","tag-featured-news","tag-featurednews","tag-headlines","tag-latest-news","tag-latestnews","tag-naglowki","tag-najwazniejsze-artykuly","tag-news","tag-pl","tag-poland","tag-polish","tag-polska","tag-polski","tag-rakow-czestochowa","tag-top-stories","tag-topstories","tag-uefa","tag-wiadomosci"],"share_on_mastodon":{"url":"https:\/\/pubeurope.com\/@pl\/117085349047604495","error":""},"_links":{"self":[{"href":"https:\/\/www.europesays.com\/pl\/wp-json\/wp\/v2\/posts\/618113","targetHints":{"allow":["GET"]}}],"collection":[{"href":"https:\/\/www.europesays.com\/pl\/wp-json\/wp\/v2\/posts"}],"about":[{"href":"https:\/\/www.europesays.com\/pl\/wp-json\/wp\/v2\/types\/post"}],"author":[{"embeddable":true,"href":"https:\/\/www.europesays.com\/pl\/wp-json\/wp\/v2\/users\/2"}],"replies":[{"embeddable":true,"href":"https:\/\/www.europesays.com\/pl\/wp-json\/wp\/v2\/comments?post=618113"}],"version-history":[{"count":0,"href":"https:\/\/www.europesays.com\/pl\/wp-json\/wp\/v2\/posts\/618113\/revisions"}],"wp:featuredmedia":[{"embeddable":true,"href":"https:\/\/www.europesays.com\/pl\/wp-json\/wp\/v2\/media\/618114"}],"wp:attachment":[{"href":"https:\/\/www.europesays.com\/pl\/wp-json\/wp\/v2\/media?parent=618113"}],"wp:term":[{"taxonomy":"category","embeddable":true,"href":"https:\/\/www.europesays.com\/pl\/wp-json\/wp\/v2\/categories?post=618113"},{"taxonomy":"post_tag","embeddable":true,"href":"https:\/\/www.europesays.com\/pl\/wp-json\/wp\/v2\/tags?post=618113"}],"curies":[{"name":"wp","href":"https:\/\/api.w.org\/{rel}","templated":true}]}}