{"id":618299,"date":"2026-08-13T02:28:29","date_gmt":"2026-08-13T02:28:29","guid":{"rendered":"https:\/\/www.europesays.com\/pl\/618299\/"},"modified":"2026-08-13T02:28:29","modified_gmt":"2026-08-13T02:28:29","slug":"donald-tusk-w-gdyni-bedziemy-morska-potega-2","status":"publish","type":"post","link":"https:\/\/www.europesays.com\/pl\/618299\/","title":{"rendered":"Donald Tusk w Gdyni: B\u0119dziemy morsk\u0105 pot\u0119g\u0105"},"content":{"rendered":"\n<p>&#13;<br \/>\nSzef rz\u0105du wzi\u0105\u0142 udzia\u0142 w\u00a0uroczysto\u015bci chrztu okr\u0119tu ORP Wicher w\u00a0PGZ Stoczni Wojennej w\u00a0Gdyni. To\u00a0pierwsza z\u00a0trzech zam\u00f3wionych fregat, kt\u00f3ra zosta\u0142a wybudowana w\u00a0ramach programu &#8222;Miecznik&#8221;. Zako\u0144czenie ca\u0142ego przedsi\u0119wzi\u0119cia przewidziano do\u00a0ko\u0144ca 2031\u00a0r. Warto\u015b\u0107 inwestycji si\u0119ga ok. 15 mld z\u0142. &#13;\n<\/p>\n<p>&#13;<br \/>\nDonald Tusk m\u00f3wi\u0142 o\u00a0wzmacnianiu polskiego bezpiecze\u0144stwa, kt\u00f3rego przejawem jest budowa tego typu jednostek. Podkre\u015bli\u0142, \u017ce\u00a0cho\u0107 projekt zosta\u0142 zrealizowany przy udziale zagranicznych firm, to\u00a0jednak udzia\u0142 polskich przedsi\u0119biorstw &#8222;jest absolutnie fundamentalny&#8221;. &#13;\n<\/p>\n<p>Polska morsk\u0105 pot\u0119g\u0105?<\/p>\n<p>&#13;<br \/>\nTusk m\u00f3wi\u0142 dalej, \u017ce\u00a0Polska mo\u017ce wkr\u00f3tce sta\u0107 si\u0119 najwa\u017cniejszym graczem na\u00a0Morzu Ba\u0142tyckim. Wci\u0105\u017c inwestowane s\u0105 ogromne pieni\u0105dze w\u00a0budow\u0119 nowych okr\u0119t\u00f3w, tak\u017ce podwodnych. &#13;\n<\/p>\n<p>&#13;<br \/>\n\u2013 Polska znowu odwr\u00f3ci\u0142a si\u0119 twarz\u0105 i\u00a0sercem w\u00a0stron\u0119 swojego morza. My\u00a0b\u0119dziemy, nie\u00a0waham si\u0119 u\u017cy\u0107 tego s\u0142owa, morsk\u0105 pot\u0119g\u0105 i\u00a0to w\u00a0wymiarze militarnym. Niewiele jest tego typu jednostek, jakimi my\u00a0b\u0119dziemy dysponowali, one s\u0105 przygotowane do\u00a0tych wyzwa\u0144 rzeczywi\u015bcie XXI wieku. Potencjalny napastnik zastanowi si\u0119 wiele razy, zanim podejmie wrogie dzia\u0142ania, maj\u0105c na\u00a0uwadze to, \u017ce\u00a0dysponujemy takimi mo\u017cliwo\u015bciami jak ORP Wicher czy\u00a0kolejne okr\u0119ty, kt\u00f3re s\u0105 w\u00a0budowie, czy\u00a0cho\u0107by nasze \u0142odzie podwodne \u2013\u00a0powiedzia\u0142. &#13;\n<\/p>\n<p>&#13;<br \/>\nPremier podkre\u015bli\u0142, \u017ce\u00a0budowa nowych okr\u0119t\u00f3w jest realizowana nie\u00a0w\u00a0celach zaczepnych, ale\u00a0wy\u0142\u0105cznie obronnych. Marynarka wojenna b\u0119dzie strzeg\u0142a nie\u00a0tylko granicy morskiej, ale\u00a0tak\u017ce polskich inwestycji na\u00a0Ba\u0142tyku, w\u00a0tym tak\u017ce tych z\u00a0sektora energetyki. &#13;\n<\/p>\n<p>&#13;<br \/>\n\u2013 My\u00a0po\u00a0to\u00a0budujemy te\u00a0jednostki, nie\u00a0\u017ceby szykowa\u0107 si\u0119 do\u00a0wojny, tylko \u017ceby zapobiec konfliktom. [&#8230;] Obecno\u015b\u0107 tego typu jednostek na\u00a0polskim Ba\u0142tyku powoduje, \u017ce\u00a0nasze inwestycje na\u00a0Ba\u0142tyku, infrastruktura, <a href=\"https:\/\/dorzeczy.pl\/kraj\/907939\/gdynia-tusk-najwazniejsze-umowa-w-historii-marynarki-wojennej-rp.html\" rel=\"nofollow noopener\" target=\"_blank\">tak\u017ce podwodna<\/a>, to\u00a0wszystko jest o\u00a0wiele, wiele bezpieczniejsze \u2013\u00a0wskaza\u0142. &#13;\n<\/p>\n<p>&#13;<br \/>\n   Czytaj te\u017c:<br \/><a href=\"https:\/\/dorzeczy.pl\/kraj\/927724\/berek-zostanie-sedzia-tk-reakcja-tuska-na-pytanie.html\" rel=\"follow nofollow noopener\" data-schema=\"DORZECZY\" data-image=\"https:\/\/img.dorzeczy.pl\/_thumb\/9b\/0b\/a469223f0e003b3ce9d06c64cd36.jpeg\" target=\"_blank\">Tusk zapytany o\u00a0Berka. Pad\u0142a kr\u00f3tka odpowied\u017a<\/a>   Czytaj te\u017c:<br \/><a href=\"https:\/\/dorzeczy.pl\/opinie\/927679\/petru-o-ostatniej-decyzji-tuska-jestem-zaskoczony.html\" rel=\"follow nofollow noopener\" data-schema=\"DORZECZY\" data-image=\"https:\/\/img.dorzeczy.pl\/_thumb\/12\/92\/b39a2731bda372c4a79dfbf79e59.jpeg\" target=\"_blank\">Petru o\u00a0ostatniej decyzji Tuska: Jestem zaskoczony. Nie\u00a0wiem, co\u00a0si\u0119 wydarzy\u0142o<\/a>&#13;<\/p>\n","protected":false},"excerpt":{"rendered":"&#13; Szef rz\u0105du wzi\u0105\u0142 udzia\u0142 w\u00a0uroczysto\u015bci chrztu okr\u0119tu ORP Wicher w\u00a0PGZ Stoczni Wojennej w\u00a0Gdyni. To\u00a0pierwsza z\u00a0trzech zam\u00f3wionych fregat,&hellip;\n","protected":false},"author":2,"featured_media":618300,"comment_status":"","ping_status":"","sticky":false,"template":"","format":"standard","meta":{"footnotes":"","_share_on_mastodon":"0"},"categories":[62713],"tags":[1345,98,49,601,23206,365,102,11619,99],"class_list":["post-618299","post","type-post","status-publish","format-standard","has-post-thumbnail","category-donald-tusk","tag-donald-tusk","tag-dorzeczy","tag-kraj","tag-marcin-bugaj","tag-marynarka-wojenna","tag-okret","tag-opinie","tag-orp-wicher","tag-tusk"],"share_on_mastodon":{"url":"https:\/\/pubeurope.com\/@pl\/117085844623564857","error":""},"_links":{"self":[{"href":"https:\/\/www.europesays.com\/pl\/wp-json\/wp\/v2\/posts\/618299","targetHints":{"allow":["GET"]}}],"collection":[{"href":"https:\/\/www.europesays.com\/pl\/wp-json\/wp\/v2\/posts"}],"about":[{"href":"https:\/\/www.europesays.com\/pl\/wp-json\/wp\/v2\/types\/post"}],"author":[{"embeddable":true,"href":"https:\/\/www.europesays.com\/pl\/wp-json\/wp\/v2\/users\/2"}],"replies":[{"embeddable":true,"href":"https:\/\/www.europesays.com\/pl\/wp-json\/wp\/v2\/comments?post=618299"}],"version-history":[{"count":0,"href":"https:\/\/www.europesays.com\/pl\/wp-json\/wp\/v2\/posts\/618299\/revisions"}],"wp:featuredmedia":[{"embeddable":true,"href":"https:\/\/www.europesays.com\/pl\/wp-json\/wp\/v2\/media\/618300"}],"wp:attachment":[{"href":"https:\/\/www.europesays.com\/pl\/wp-json\/wp\/v2\/media?parent=618299"}],"wp:term":[{"taxonomy":"category","embeddable":true,"href":"https:\/\/www.europesays.com\/pl\/wp-json\/wp\/v2\/categories?post=618299"},{"taxonomy":"post_tag","embeddable":true,"href":"https:\/\/www.europesays.com\/pl\/wp-json\/wp\/v2\/tags?post=618299"}],"curies":[{"name":"wp","href":"https:\/\/api.w.org\/{rel}","templated":true}]}}