{"id":618349,"date":"2026-08-13T03:03:20","date_gmt":"2026-08-13T03:03:20","guid":{"rendered":"https:\/\/www.europesays.com\/pl\/618349\/"},"modified":"2026-08-13T03:03:20","modified_gmt":"2026-08-13T03:03:20","slug":"media-los-angeles-lakers-znow-sprzedani-gigantyczna-kwota","status":"publish","type":"post","link":"https:\/\/www.europesays.com\/pl\/618349\/","title":{"rendered":"Media: Los Angeles Lakers zn\u00f3w sprzedani. Gigantyczna kwota"},"content":{"rendered":"<p>AP powo\u0142uje si\u0119 na anonimowe \u017ar\u00f3d\u0142o, bowiem \u017cadna ze stron nie ujawni\u0142a szczeg\u00f3\u0142\u00f3w sprzeda\u017cy jednej z czo\u0142owych dru\u017cyn sportowych Ameryki P\u00f3\u0142nocnej.<\/p>\n<p>Dalszy ci\u0105g artyku\u0142u pod materia\u0142em wideo<\/p>\n<p>Stacja ESPN jako pierwsza poinformowa\u0142a, \u017ce Kushner i Iger kupuj\u0105 najcenniejsz\u0105 franczyz\u0119 NBA. W zesz\u0142ym roku Lakers zostali wycenieni na 10 mld dol. \u2014 rekord dla profesjonalnej dru\u017cyny sportowej \u2014 kiedy Mark Walter naby\u0142 pakiet kontrolny od rodziny Buss, kt\u00f3ra by\u0142a w\u0142a\u015bcicielem dru\u017cyny od 1979 r.<\/p>\n<p>Kushner oraz Iger, by\u0142y prezes Walt Disney Company, wcze\u015bniej pracowali razem nad pozyskaniem zespo\u0142u Las Vegas, gdyby NBA zosta\u0142a rozszerzona. Kupuj\u0105c Lakers, nie musz\u0105 czeka\u0107 na ewentualn\u0105 ekspansj\u0119 ligi w sezonie 2028\/29.<\/p>\n<p>Sprzeda\u017c nadal b\u0119dzie wymaga\u0142a zgody rady nadzorczej NBA, a proces ten mo\u017ce potrwa\u0107 kilka tygodni. Kolejne posiedzenie rady zaplanowano na wrzesie\u0144 w Nowym Jorku.<\/p>\n<p>Rekordowa transakcja nast\u0105pi\u0142a zaledwie kilka tygodni po tym, jak LeBron James, najlepszy strzelec wszech czas\u00f3w w NBA, opu\u015bci\u0142 Lakers po o\u015bmiu sezonach. Ostatecznie zdecydowa\u0142 si\u0119 podpisa\u0107 kontrakt z Philadelphia 76ers.<\/p>\n<p>LA Lakers sprzedani. W tle nieudany projekt Gianniego Infantino<\/p>\n<p>Lakers zdobyli sw\u00f3j ostatni tytu\u0142 w 2020 r. i awansowali do play off w ka\u017cdym z ostatnich czterech sezon\u00f3w. Ich obecny sk\u0142ad opiera si\u0119 na S\u0142owe\u0144cu Luce Donciciu, kt\u00f3ry ma kontrakt do 2029 r.<\/p>\n<p>Sp\u00f3\u0142ka 41-letniego Kushnera, Thrive Eternal, mia\u0142a by\u0107 &#8222;g\u0142\u00f3wnym inwestorem&#8221; w projekcie prezydenta FIFA Gianniego Infantino, zak\u0142adaj\u0105cym sprzeda\u017c udzia\u0142\u00f3w w przysz\u0142ych zyskach z pi\u0142karskich mistrzostw \u015bwiata. Infantino porzuci\u0142 ten pomys\u0142 31 lipca. Bratem Kushnera jest Jared Kushner, zi\u0119\u0107 prezydenta USA Donalda Trumpa.<\/p>\n<p>Kushner posiada obecnie mniejszo\u015bciowy pakiet udzia\u0142\u00f3w w Miami Heat, a wcze\u015bniej posiada\u0142 udzia\u0142y w Memphis Grizzlies. (PAP)<\/p>\n<p>\u0179r\u00f3d\u0142o informacji: Polska Agencja Prasowa<\/p>\n","protected":false},"excerpt":{"rendered":"AP powo\u0142uje si\u0119 na anonimowe \u017ar\u00f3d\u0142o, bowiem \u017cadna ze stron nie ujawni\u0142a szczeg\u00f3\u0142\u00f3w sprzeda\u017cy jednej z czo\u0142owych dru\u017cyn&hellip;\n","protected":false},"author":2,"featured_media":618350,"comment_status":"","ping_status":"","sticky":false,"template":"","format":"standard","meta":{"footnotes":"","_share_on_mastodon":"0"},"categories":[52122],"tags":[61195,2449,44672,48,6779,46,6010,752,42,38,40,39,41,47],"class_list":["post-618349","post","type-post","status-publish","format-standard","has-post-thumbnail","category-pko-bank-polski","tag-bottomfeed_styl","tag-koszykowka","tag-los_angeles_lakers","tag-nat_styl","tag-nba","tag-omp","tag-pko-bank-polski","tag-pko-bp","tag-pl","tag-poland","tag-polish","tag-polska","tag-polski","tag-screening_general"],"share_on_mastodon":{"url":"https:\/\/pubeurope.com\/@pl\/117085982050473264","error":""},"_links":{"self":[{"href":"https:\/\/www.europesays.com\/pl\/wp-json\/wp\/v2\/posts\/618349","targetHints":{"allow":["GET"]}}],"collection":[{"href":"https:\/\/www.europesays.com\/pl\/wp-json\/wp\/v2\/posts"}],"about":[{"href":"https:\/\/www.europesays.com\/pl\/wp-json\/wp\/v2\/types\/post"}],"author":[{"embeddable":true,"href":"https:\/\/www.europesays.com\/pl\/wp-json\/wp\/v2\/users\/2"}],"replies":[{"embeddable":true,"href":"https:\/\/www.europesays.com\/pl\/wp-json\/wp\/v2\/comments?post=618349"}],"version-history":[{"count":0,"href":"https:\/\/www.europesays.com\/pl\/wp-json\/wp\/v2\/posts\/618349\/revisions"}],"wp:featuredmedia":[{"embeddable":true,"href":"https:\/\/www.europesays.com\/pl\/wp-json\/wp\/v2\/media\/618350"}],"wp:attachment":[{"href":"https:\/\/www.europesays.com\/pl\/wp-json\/wp\/v2\/media?parent=618349"}],"wp:term":[{"taxonomy":"category","embeddable":true,"href":"https:\/\/www.europesays.com\/pl\/wp-json\/wp\/v2\/categories?post=618349"},{"taxonomy":"post_tag","embeddable":true,"href":"https:\/\/www.europesays.com\/pl\/wp-json\/wp\/v2\/tags?post=618349"}],"curies":[{"name":"wp","href":"https:\/\/api.w.org\/{rel}","templated":true}]}}