{"id":618387,"date":"2026-08-13T03:25:13","date_gmt":"2026-08-13T03:25:13","guid":{"rendered":"https:\/\/www.europesays.com\/pl\/618387\/"},"modified":"2026-08-13T03:25:13","modified_gmt":"2026-08-13T03:25:13","slug":"marcin-romanowski-ma-drugi-paszport-dokument-kryje-kilka-tajemnic","status":"publish","type":"post","link":"https:\/\/www.europesays.com\/pl\/618387\/","title":{"rendered":"Marcin Romanowski ma drugi paszport. Dokument kryje kilka tajemnic"},"content":{"rendered":"<p>Kiedy Romanowski znalaz\u0142 si\u0119 w Naddniestrzu?<a href=\"https:\/\/wiadomosci.onet.pl\/swiat\/marcin-romanowski-przebywa-w-prorosyjskim-terytorium\/7mw7k2l\" id=\"37c08053-0d39-4bd6-b175-5bc7da8c437a\" rel=\"nofollow noopener\" target=\"_blank\">Wniosek Romanowskiego o list \u017celazny wp\u0142yn\u0105\u0142 do warszawskiego s\u0105du 4 sierpnia<\/a>. Przesy\u0142ka zosta\u0142a nadana w Tyraspolu. Nie jest to ostateczny dow\u00f3d, \u017ce pose\u0142 PiS faktycznie przebywa na tym terenie, a je\u015bli tak, to kiedy pojawi\u0142 si\u0119 w separatystycznym regionie Mo\u0142dawii. To istotne r\u00f3wnie\u017c z punktu widzenia odtworzenia jego wcze\u015bniejszych ruch\u00f3w. Pod koniec maja Romanowski mia\u0142 opu\u015bci\u0107 Budapeszt. P\u00f3\u017aniej pojawia\u0142y si\u0119 informacje medialne, \u017ce m\u00f3g\u0142 by\u0107 widziany w Serbii i Chorwacji. Nie wiadomo wi\u0119c, czy z W\u0119gier pojecha\u0142 bezpo\u015brednio w kierunku Mo\u0142dawii, czy przez ostatnie miesi\u0105ce przemieszcza\u0142 si\u0119 mi\u0119dzy kilkoma pa\u0144stwami.<img class=\"ods-a-photo ods-a-photo--background\" src=\"https:\/\/www.europesays.com\/pl\/wp-content\/uploads\/2026\/08\/jbMk9lBaHR0cHM6Ly9vY2RuLmV1L3B1bHNjbXMvTURBXy9mMTZmMDBiMDhjYWNjZGE3N2MxNjQ1ZTQ0MWQ1NGZmNi5wbmeRkwXNB.jpeg\" height=\"800\" width=\"732\" alt=\"Naddniestrze\" loading=\"lazy\" fetchpriority=\"auto\" decoding=\"auto\"\/><\/p>\n<p>Adam Ziemienowicz \/ PAP<\/p>\n<p>Naddniestrze<\/p>\n<p>Jak Romanowski dosta\u0142 si\u0119 do Naddniestrza?<\/p>\n<p>Naddniestrze nie jest miejscem, do kt\u00f3rego mo\u017cna przylecie\u0107 zwyk\u0142ym mi\u0119dzynarodowym rejsem. Region jest wci\u015bni\u0119ty mi\u0119dzy Mo\u0142dawi\u0119 a Ukrain\u0119. Oznacza to, \u017ce Romanowski musia\u0142 w jaki\u015b spos\u00f3b dosta\u0107 si\u0119 tam drog\u0105 l\u0105dow\u0105. Nie wiadomo jednak, kt\u00f3r\u0119dy jecha\u0142, jakie granice przekroczy\u0142 ani kto mu w tym pomaga\u0142. Odtworzenie tej trasy mo\u017ce by\u0107 jednym z najwa\u017cniejszych element\u00f3w ca\u0142ej historii.<\/p>\n<p>Z jakich dokument\u00f3w skorzysta\u0142 Romanowski?<a href=\"https:\/\/wiadomosci.onet.pl\/kraj\/marcin-romanowski-w-naddniestrzu-wiadomo-co-napisal-we-wniosku-do-sadu\/0bwzrfq\" id=\"755c6038-c072-43bc-982d-18f208d0b195\" rel=\"nofollow noopener\" target=\"_blank\">Z informacji ujawnionych przez TVN24 polityk poinformowa\u0142 s\u0105d, \u017ce posiada &#8222;legalnie wydany paszport na inn\u0105 to\u017csamo\u015b\u0107&#8221;<\/a>, kt\u00f3ry ma mu umo\u017cliwia\u0107 swobodne poruszanie si\u0119 poza Uni\u0105 Europejsk\u0105. Romanowski por\u00f3wna\u0142 jego funkcjonowanie do dokument\u00f3w wykorzystywanych przez \u015bwiadk\u00f3w koronnych. Nie wiadomo, jakie pa\u0144stwo wystawi\u0142o ten dokument, na jakiej podstawie prawnej, kiedy zosta\u0142 wydany i jakie dane si\u0119 w nim znajduj\u0105.Dlaczego w\u0142a\u015bnie Naddniestrze?<\/p>\n<p>Formalnie to cz\u0119\u015b\u0107 Mo\u0142dawii, ale w\u0142adze w Kiszyniowie od ponad trzech dekad nie sprawuj\u0105 nad nim kontroli. Tyraspol posiada w\u0142asn\u0105 administracj\u0119 i jest ca\u0142kowicie kontrolowany przez Rosj\u0119. Z punktu widzenia osoby poszukiwanej przez polski wymiar sprawiedliwo\u015bci oznacza to istotn\u0105 r\u00f3\u017cnic\u0119 w por\u00f3wnaniu z pobytem w zwyk\u0142ym pa\u0144stwie europejskim. Nie wiadomo jednak, czy w\u0142a\u015bnie to by\u0142o powodem wyboru Naddniestrza przez Romanowskiego.<\/p>\n<p>Czy w\u0142adze Naddniestrza wiedz\u0105 o pobycie Romanowskiego?<\/p>\n<p>Nie ma publicznej informacji, czy administracja w Tyraspolu zosta\u0142a poinformowana o obecno\u015bci Romanowskiego, czy ma informacje o jego statusie oraz czy udzieli\u0142a mu jakiejkolwiek formy ochrony. Nie wiadomo r\u00f3wnie\u017c, na jakiej podstawie Romanowski przebywa w regionie i jaki jest jego formalny status pobytowy.<\/p>\n<p>Czy Romanowskiego mo\u017cna zatrzyma\u0107 w Naddniestrzu?Formalnie Romanowski znajduje si\u0119 (je\u015bli jego deklaracja jest prawdziwa) na terytorium Republiki Mo\u0142dawii. W praktyce przebywa jednak na obszarze, kt\u00f3rego Kiszyni\u00f3w nie kontroluje. Dlatego <a href=\"https:\/\/wiadomosci.onet.pl\/kraj\/sad-reaguje-na-list-marcina-romanowskiego-nie-mamy-takich-przypadkow\/ywe2q20\" id=\"e5cef279-b5fc-4d38-8585-a855fee7f722\" rel=\"nofollow noopener\" target=\"_blank\">nawet je\u015bli Polska uruchomi odpowiednie procedury wobec w\u0142adz Mo\u0142dawii<\/a>, pozostaje pytanie, czy b\u0119d\u0105 one mia\u0142y mo\u017cliwo\u015b\u0107 wykonania okre\u015blonych czynno\u015bci na miejscu.<\/p>\n","protected":false},"excerpt":{"rendered":"Kiedy Romanowski znalaz\u0142 si\u0119 w Naddniestrzu?Wniosek Romanowskiego o list \u017celazny wp\u0142yn\u0105\u0142 do warszawskiego s\u0105du 4 sierpnia. Przesy\u0142ka zosta\u0142a&hellip;\n","protected":false},"author":2,"featured_media":618388,"comment_status":"","ping_status":"","sticky":false,"template":"","format":"standard","meta":{"footnotes":"","_share_on_mastodon":"0"},"categories":[12],"tags":[61195,32,33,1624,36,37,27,34,35,12348,3318,3321,28,31,48,56992,25,46,42,38,40,39,41,412,47,80,29,30,26],"class_list":["post-618387","post","type-post","status-publish","format-standard","has-post-thumbnail","category-polska","tag-bottomfeed_styl","tag-breaking-news","tag-breakingnews","tag-ekstradycja","tag-featured-news","tag-featurednews","tag-headlines","tag-latest-news","tag-latestnews","tag-marcin_romanowski","tag-moldawia","tag-naddniestrze","tag-naglowki","tag-najwazniejsze-artykuly","tag-nat_styl","tag-newbb_tst1","tag-news","tag-omp","tag-pl","tag-poland","tag-polish","tag-polska","tag-polski","tag-prawo_sady_prawnicy","tag-screening_general","tag-swiat","tag-top-stories","tag-topstories","tag-wiadomosci"],"share_on_mastodon":{"url":"https:\/\/pubeurope.com\/@pl\/117086069801358199","error":""},"_links":{"self":[{"href":"https:\/\/www.europesays.com\/pl\/wp-json\/wp\/v2\/posts\/618387","targetHints":{"allow":["GET"]}}],"collection":[{"href":"https:\/\/www.europesays.com\/pl\/wp-json\/wp\/v2\/posts"}],"about":[{"href":"https:\/\/www.europesays.com\/pl\/wp-json\/wp\/v2\/types\/post"}],"author":[{"embeddable":true,"href":"https:\/\/www.europesays.com\/pl\/wp-json\/wp\/v2\/users\/2"}],"replies":[{"embeddable":true,"href":"https:\/\/www.europesays.com\/pl\/wp-json\/wp\/v2\/comments?post=618387"}],"version-history":[{"count":0,"href":"https:\/\/www.europesays.com\/pl\/wp-json\/wp\/v2\/posts\/618387\/revisions"}],"wp:featuredmedia":[{"embeddable":true,"href":"https:\/\/www.europesays.com\/pl\/wp-json\/wp\/v2\/media\/618388"}],"wp:attachment":[{"href":"https:\/\/www.europesays.com\/pl\/wp-json\/wp\/v2\/media?parent=618387"}],"wp:term":[{"taxonomy":"category","embeddable":true,"href":"https:\/\/www.europesays.com\/pl\/wp-json\/wp\/v2\/categories?post=618387"},{"taxonomy":"post_tag","embeddable":true,"href":"https:\/\/www.europesays.com\/pl\/wp-json\/wp\/v2\/tags?post=618387"}],"curies":[{"name":"wp","href":"https:\/\/api.w.org\/{rel}","templated":true}]}}