{"id":618415,"date":"2026-08-13T03:50:29","date_gmt":"2026-08-13T03:50:29","guid":{"rendered":"https:\/\/www.europesays.com\/pl\/618415\/"},"modified":"2026-08-13T03:50:29","modified_gmt":"2026-08-13T03:50:29","slug":"zacmienie-slonca-2026-polska-podziwiala-niezwykly-spektakl-2","status":"publish","type":"post","link":"https:\/\/www.europesays.com\/pl\/618415\/","title":{"rendered":"Za\u0107mienie S\u0142o\u0144ca 2026. Polska podziwia\u0142a niezwyk\u0142y spektakl"},"content":{"rendered":"<p>Za\u0107mienie S\u0142o\u0144ca to zjawisko astronomiczne, kt\u00f3re wyst\u0119puje wtedy, gdy Ksi\u0119\u017cyc znajdzie si\u0119 pomi\u0119dzy Ziemi\u0105 a S\u0142o\u0144cem i zas\u0142oni ca\u0142o\u015b\u0107 lub cz\u0119\u015b\u0107 s\u0142onecznej tarczy. Do takiego ustawienia dochodzi wy\u0142\u0105cznie podczas nowiu Ksi\u0119\u017cyca, jednak nie przy ka\u017cdym nowiu mo\u017cna zobaczy\u0107 za\u0107mienie. Wynika to z faktu, \u017ce orbita Ksi\u0119\u017cyca jest nachylona wzgl\u0119dem orbity Ziemi. Tylko wtedy, gdy wszystkie trzy cia\u0142a niebieskie ustawi\u0105 si\u0119 niemal idealnie w jednej linii, obserwatorzy na Ziemi mog\u0105 dostrzec niezwyk\u0142y kosmiczny spektakl.<\/p>\n<p>W zale\u017cno\u015bci od po\u0142o\u017cenia obserwatora za\u0107mienie mo\u017ce by\u0107 ca\u0142kowite, cz\u0119\u015bciowe lub obr\u0105czkowe. Najbardziej widowiskowe jest oczywi\u015bcie za\u0107mienie ca\u0142kowite, kiedy Ksi\u0119\u017cyc ca\u0142kowicie zakrywa tarcz\u0119 S\u0142o\u0144ca i na kilka minut zapada niemal noc. Jednak nawet cz\u0119\u015bciowe za\u0107mienie potrafi zrobi\u0107 ogromne wra\u017cenie, szczeg\u00f3lnie gdy dochodzi do niego przy zachodz\u0105cym S\u0142o\u0144cu, tak jak mia\u0142o to miejsce w Polsce 12 sierpnia.<\/p>\n<p>Polecamy:<\/p>\n<p class=\"ods-o-frame-in-text__paragraph\">S\u0142o\u0144ce zacznie znika\u0107 na oczach milion\u00f3w ludzi. Wielki spektakl ju\u017c dzi\u015b. Sprawd\u017a, o kt\u00f3rej patrze\u0107 w niebo. Wi\u0119cej przeczytasz <a href=\"https:\/\/www.fakt.pl\/wydarzenia\/zacmienie-slonca-12-sierpnia-2026-o-ktorej-godzinie-zobaczymy-je-w-polsce\/vthf7f1?tpcc=202608_bloczek_LS\" id=\"96c8b343-4a6d-4817-b384-0e21de8d6d8d\" rel=\"nofollow noopener\" target=\"_blank\">TUTAJ<\/a><\/p>\n<p><img class=\"ods-a-photo ods-a-photo--background\" src=\"https:\/\/www.europesays.com\/pl\/wp-content\/uploads\/2026\/08\/-hCk9lGaHR0cHM6Ly9vY2RuLmV1L3B1bHNjbXMvTURBXy9kNTgyMWViOS1hMzgxLTQ3ZjMtYTA1MS0wNDIzZWIzM2JkMWQuanBlZ.jpeg\" height=\"300\" width=\"450\" alt=\"26812375 - WARSZAWA CZ\u0118\u015aCIOWE ZA\u0106MIENIE S\u0141O\u0143CA (Ogl\u0105daj\u0105cy cz\u0119\u015bciowe za\u0107mienie s\u0142o\u0144ca)\" loading=\"lazy\" fetchpriority=\"low\" decoding=\"async\"\/><\/p>\n<p>Cho\u0107 z Polski mo\u017cna by\u0142o obserwowa\u0107 jedynie cz\u0119\u015bciowe przes\u0142oni\u0119cie tarczy, w niekt\u00f3rych regionach Europy zjawisko mia\u0142o charakter ca\u0142kowity. Pas ca\u0142kowitego za\u0107mienia przebiega\u0142 przez Grenlandi\u0119, Islandi\u0119, p\u00f3\u0142nocny Atlantyk, Hiszpani\u0119 oraz niewielki fragment Portugalii. To w\u0142a\u015bnie tam szcz\u0119\u015bliwcy mogli zobaczy\u0107 s\u0142ynn\u0105 koron\u0119 s\u0142oneczn\u0105, czyli roz\u015bwietlon\u0105 atmosfer\u0119 naszej gwiazdy widoczn\u0105 tylko podczas ca\u0142kowitego za\u0107mienia.<\/p>\n<p>Kiedy ostatni raz mogli\u015bmy ogl\u0105da\u0107 za\u0107mienie S\u0142o\u0144ca w Polsce? Poprzednie cz\u0119\u015bciowe za\u0107mienie widoczne z naszego kraju mia\u0142o miejsce 29 marca 2025 r. By\u0142o ono jednak znacznie mniej efektowne ni\u017c tegoroczne widowisko. Na podobnie spektakularne zjawisko przyjdzie poczeka\u0107 kolejne lata, a na ca\u0142kowite za\u0107mienie S\u0142o\u0144ca widoczne z terytorium Polski jeszcze d\u0142u\u017cej. <\/p>\n<p>Czytaj tak\u017ce:1\/16Cz\u0119\u015bciowe za\u0107mienie s\u0142o\u0144ca widziane z dachu Centrum Nauki Kopernik w Warszawie<img class=\"ods-a-photo ods-a-photo--background\" src=\"https:\/\/www.europesays.com\/pl\/wp-content\/uploads\/2026\/08\/lPuk9lBaHR0cHM6Ly9vY2RuLmV1L3B1bHNjbXMvTURBXy9lY2ZlN2E1ZGRlMGFlMzA1ODY1NDJiZTgzOWYzMTFkOS5qcGeRkwXNB.jpeg\" height=\"625\" width=\"940\" alt=\"Cz\u0119\u015bciowe za\u0107mienie s\u0142o\u0144ca widziane z dachu Centrum Nauki Kopernik w Warszawie\" loading=\"lazy\" fetchpriority=\"auto\" decoding=\"auto\"\/><\/p>\n<p>Pawe\u0142 Supernak \/ PAP<\/p>\n<p>Cz\u0119\u015bciowe za\u0107mienie s\u0142o\u0144ca widziane z dachu Centrum Nauki Kopernik w Warszawie<\/p>\n<p>2\/16 Cz\u0119\u015bciowe za\u0107mienie s\u0142o\u0144ca w Krynicy Morskiej<img class=\"ods-a-photo ods-a-photo--background\" src=\"https:\/\/www.europesays.com\/pl\/wp-content\/uploads\/2026\/08\/bc6k9lBaHR0cHM6Ly9vY2RuLmV1L3B1bHNjbXMvTURBXy9lZTg5ZWM0MDU3NmMwNzBmODRlZmQxODYxZjkzNDlhMy5qcGeRkwXNB.jpeg\" height=\"629\" width=\"940\" alt=\" Cz\u0119\u015bciowe za\u0107mienie s\u0142o\u0144ca w Krynicy Morskiej\" loading=\"lazy\" fetchpriority=\"auto\" decoding=\"auto\"\/><\/p>\n<p>Andrzej Jackowski \/ PAP<\/p>\n<p> Cz\u0119\u015bciowe za\u0107mienie s\u0142o\u0144ca w Krynicy Morskiej<\/p>\n<p>3\/16 Cz\u0119\u015bciowe za\u0107mienie s\u0142o\u0144ca w Krynicy Morskiej<img class=\"ods-a-photo ods-a-photo--background\" src=\"https:\/\/www.europesays.com\/pl\/wp-content\/uploads\/2026\/08\/YH0k9lBaHR0cHM6Ly9vY2RuLmV1L3B1bHNjbXMvTURBXy9kM2Y5ODZiMDhhYmI5ZDY3NGU0MjJlNDE2ZjI4MWJiMy5qcGeRkwXNB.jpeg\" height=\"627\" width=\"940\" alt=\" Cz\u0119\u015bciowe za\u0107mienie s\u0142o\u0144ca w Krynicy Morskiej\" loading=\"lazy\" fetchpriority=\"auto\" decoding=\"auto\"\/><\/p>\n<p>Andrzej Jackowski \/ PAP<\/p>\n<p> Cz\u0119\u015bciowe za\u0107mienie s\u0142o\u0144ca w Krynicy Morskiej<\/p>\n<p>4\/16Widok za\u0107mienia w krakowskiej dzielnicy Czy\u017cyny<img class=\"ods-a-photo ods-a-photo--background\" src=\"https:\/\/www.europesays.com\/pl\/wp-content\/uploads\/2026\/08\/50Tk9lBaHR0cHM6Ly9vY2RuLmV1L3B1bHNjbXMvTURBXy84NDE5Y2Y3NTQ4MjM4MThkNmFlN2IyZjc2YmZjZWVhMi5qcGeRkwXNB.jpeg\" height=\"800\" width=\"600\" alt=\"Widok za\u0107mienia w krakowskiej dzielnicy Czy\u017cyny\" loading=\"lazy\" fetchpriority=\"auto\" decoding=\"auto\"\/><\/p>\n<p>Materia\u0142y w\u0142asne<\/p>\n<p>Widok za\u0107mienia w krakowskiej dzielnicy Czy\u017cyny<\/p>\n<p>5\/16Widok za\u0107mienia w Krakowie<img class=\"ods-a-photo ods-a-photo--background\" src=\"https:\/\/www.europesays.com\/pl\/wp-content\/uploads\/2026\/08\/7uJk9lBaHR0cHM6Ly9vY2RuLmV1L3B1bHNjbXMvTURBXy81ZDcwNDQzNGQyMGU4MDQ2YzE5ZmUyOGFjYTMwZDIzMy5qcGeRkwXNB.jpeg\" height=\"800\" width=\"600\" alt=\"Widok za\u0107mienia w Krakowie\" loading=\"lazy\" fetchpriority=\"auto\" decoding=\"auto\"\/><\/p>\n<p>Materia\u0142y w\u0142asne<\/p>\n<p>Widok za\u0107mienia w Krakowie<\/p>\n<p>6\/16Widok za\u0107mienia w Krakowie<img class=\"ods-a-photo ods-a-photo--background\" src=\"https:\/\/www.europesays.com\/pl\/wp-content\/uploads\/2026\/08\/fNbk9lBaHR0cHM6Ly9vY2RuLmV1L3B1bHNjbXMvTURBXy8yOWIxYjYyZWQzOGRlNzFhNTI2MjU3NDRhMWUzNjNhZC5qcGeRkwXNB.jpeg\" height=\"800\" width=\"600\" alt=\"Widok za\u0107mienia w Krakowie\" loading=\"lazy\" fetchpriority=\"auto\" decoding=\"auto\"\/><\/p>\n<p>Materia\u0142y w\u0142asne<\/p>\n<p>Widok za\u0107mienia w Krakowie<\/p>\n<p>7\/16Za\u0107mienie s\u0142o\u0144ca w Domostawie11\/16Widok za\u0107mienia w Krakowie14\/16Za\u0107mienie widoczne w Koniakowie15\/16Widok za\u0107mienia we Wroc\u0142awiu16\/16Widok za\u0107mienia z krakowskiego Kopca Kraka<\/p>\n","protected":false},"excerpt":{"rendered":"Za\u0107mienie S\u0142o\u0144ca to zjawisko astronomiczne, kt\u00f3re wyst\u0119puje wtedy, gdy Ksi\u0119\u017cyc znajdzie si\u0119 pomi\u0119dzy Ziemi\u0105 a S\u0142o\u0144cem i zas\u0142oni&hellip;\n","protected":false},"author":2,"featured_media":618416,"comment_status":"","ping_status":"","sticky":false,"template":"","format":"standard","meta":{"footnotes":"","_share_on_mastodon":"0"},"categories":[12],"tags":[61195,1766,1154,48,46,55,42,38,40,39,41,47,1984,26],"class_list":["post-618415","post","type-post","status-publish","format-standard","has-post-thumbnail","category-polska","tag-bottomfeed_styl","tag-internet","tag-media_spolecznosciowe","tag-nat_styl","tag-omp","tag-phx","tag-pl","tag-poland","tag-polish","tag-polska","tag-polski","tag-screening_general","tag-slonce","tag-wiadomosci"],"share_on_mastodon":{"url":"https:\/\/pubeurope.com\/@pl\/117086168562702317","error":""},"_links":{"self":[{"href":"https:\/\/www.europesays.com\/pl\/wp-json\/wp\/v2\/posts\/618415","targetHints":{"allow":["GET"]}}],"collection":[{"href":"https:\/\/www.europesays.com\/pl\/wp-json\/wp\/v2\/posts"}],"about":[{"href":"https:\/\/www.europesays.com\/pl\/wp-json\/wp\/v2\/types\/post"}],"author":[{"embeddable":true,"href":"https:\/\/www.europesays.com\/pl\/wp-json\/wp\/v2\/users\/2"}],"replies":[{"embeddable":true,"href":"https:\/\/www.europesays.com\/pl\/wp-json\/wp\/v2\/comments?post=618415"}],"version-history":[{"count":0,"href":"https:\/\/www.europesays.com\/pl\/wp-json\/wp\/v2\/posts\/618415\/revisions"}],"wp:featuredmedia":[{"embeddable":true,"href":"https:\/\/www.europesays.com\/pl\/wp-json\/wp\/v2\/media\/618416"}],"wp:attachment":[{"href":"https:\/\/www.europesays.com\/pl\/wp-json\/wp\/v2\/media?parent=618415"}],"wp:term":[{"taxonomy":"category","embeddable":true,"href":"https:\/\/www.europesays.com\/pl\/wp-json\/wp\/v2\/categories?post=618415"},{"taxonomy":"post_tag","embeddable":true,"href":"https:\/\/www.europesays.com\/pl\/wp-json\/wp\/v2\/tags?post=618415"}],"curies":[{"name":"wp","href":"https:\/\/api.w.org\/{rel}","templated":true}]}}