{"id":618485,"date":"2026-08-13T04:30:21","date_gmt":"2026-08-13T04:30:21","guid":{"rendered":"https:\/\/www.europesays.com\/pl\/618485\/"},"modified":"2026-08-13T04:30:21","modified_gmt":"2026-08-13T04:30:21","slug":"prezydent-zwleka-z-awansami-dla-szefow-sluzb-kuriozalna-sytuacja","status":"publish","type":"post","link":"https:\/\/www.europesays.com\/pl\/618485\/","title":{"rendered":"Prezydent zwleka z awansami dla szef\u00f3w s\u0142u\u017cb. &#8222;Kuriozalna sytuacja&#8221;"},"content":{"rendered":"<p>Szefowie trzech z czterech najwa\u017cniejszych polskich s\u0142u\u017cb specjalnych \u2014 Agencji Bezpiecze\u0144stwa Wewn\u0119trznego, Agencji Wywiadu i S\u0142u\u017cby Wywiadu Wojskowego \u2014 pe\u0142ni\u0105 swoje funkcje w stopniu pu\u0142kownika.<\/p>\n<p><img class=\"ods-a-photo ods-a-photo--background\" src=\"https:\/\/www.europesays.com\/pl\/wp-content\/uploads\/2026\/08\/UUik9lBaHR0cHM6Ly9vY2RuLmV1L3B1bHNjbXMvTURBXy9lYTllNTdjNTk4MWJkODA0ODk0ZGFkNmY4MzRlZWJlNi5qcGeRkwXNB.jpeg\" height=\"626\" width=\"940\" alt=\"Szef S\u0142u\u017cby Kontrwywiadu Wojskowego, jedyny genera\u0142 w\u015br\u00f3d szef\u00f3w s\u0142u\u017cb specjalnych - gen. Jaros\u0142aw Str\u00f3\u017cyk \" loading=\"lazy\" fetchpriority=\"auto\" decoding=\"auto\"\/><\/p>\n<p>Tomasz Gzell \/ PAP<\/p>\n<p>Szef S\u0142u\u017cby Kontrwywiadu Wojskowego, jedyny genera\u0142 w\u015br\u00f3d szef\u00f3w s\u0142u\u017cb specjalnych &#8211; gen. Jaros\u0142aw Str\u00f3\u017cyk <\/p>\n<p>\u2014 To kuriozalna sytuacja, bo w rzeczywisto\u015bci zajmuj\u0105 stanowiska generalskie. Podczas mi\u0119dzynarodowych spotka\u0144 sytuacj\u0105 dziwi\u0105 si\u0119 nasi sojusznicy. Obni\u017ca to r\u00f3wnie\u017c presti\u017c ich s\u0142u\u017cby. W wojsku mamy na dzi\u015b oko\u0142o 130 genera\u0142\u00f3w, w s\u0142u\u017cbach ten tytu\u0142 ma tylko gen. Str\u00f3\u017cyk \u2014 komentuje oficer jednej z polskich s\u0142u\u017cb specjalnych.<\/p>\n<p>Kiedy 28 kwietnia, po pi\u0119ciu latach niewoli z bia\u0142oruskiego \u0142agru uwolniony zosta\u0142 Andrzej Poczobut (dziennikarz &#8222;Gazety Wyborczej&#8221; i dzia\u0142acz anty\u0142ukaszenkowskiej opozycji), <a href=\"https:\/\/www.onet.pl\/informacje\/onetwiadomosci\/andrzej-poczobut-odzyskal-wolnosc-bialorus-zwolnila-polaka-po-pieciu-latach\/pf8k0g4,79cfc278\" id=\"d9b2fcf7-1f03-4749-a29c-7461058ca208\" rel=\"nofollow noopener\" target=\"_blank\">sprawa jednoznacznie uznana zosta\u0142a za sukces polskich s\u0142u\u017cb.<\/a><\/p>\n<p>Wyrazem wdzi\u0119czno\u015bci i docenienia wk\u0142adu w niego by\u0142y w\u0142a\u015bnie skierowane przez Kancelari\u0119 Premiera i Ministerstwo Obrony Narodowej wnioski o awanse na stopnie generalskie pu\u0142kownik\u00f3w: Rafa\u0142a Syrysko (ABW), Paw\u0142a Szoty (AW) i Doroty Kaweckiej (SWW).<\/p>\n<p><img class=\"ods-a-photo ods-a-photo--background\" src=\"https:\/\/www.europesays.com\/pl\/wp-content\/uploads\/2026\/08\/gLnk9lBaHR0cHM6Ly9vY2RuLmV1L3B1bHNjbXMvTURBXy8wZjllZWE0OTI2MDMyM2M4NjkyZDE1OGE4NWM2N2I5Ny5qcGeRkwXNB.jpeg\" height=\"627\" width=\"940\" alt=\"Szef Agencji Bezpiecze\u0144stwa Wewn\u0119trznego, p\u0142k Rafa\u0142 Syrysko\" loading=\"lazy\" fetchpriority=\"auto\" decoding=\"auto\"\/><\/p>\n<p>Darek Delmanowicz \/ PAP<\/p>\n<p>Szef Agencji Bezpiecze\u0144stwa Wewn\u0119trznego, p\u0142k Rafa\u0142 Syrysko<\/p>\n<p>\u2014 Dzia\u0142ania agencji kierowanych przez Syrysk\u0119 i Szot\u0119 wprost przyczyni\u0142y si\u0119 do uwolnienia Poczobuta. Awans dla Doroty Kaweckiej planowany by\u0142 ju\u017c wcze\u015bniej i co ciekawe, nie budzi\u0142 kontrowersji nawet u poprzedniego prezydenta. Przychylna by\u0142a mu np. \u00f3wczesna pierwsza dama Agata Kornhauser-Duda \u2014 s\u0142yszymy w s\u0142u\u017cbach.<\/p>\n<p>Wnioski skierowane do Kancelarii Prezydenta od trzech miesi\u0119cy pozostaj\u0105 jednak bez \u017cadnej reakcji.<\/p>\n<p><img class=\"ods-a-photo ods-a-photo--background\" src=\"https:\/\/www.europesays.com\/pl\/wp-content\/uploads\/2026\/08\/Ogok9lCaHR0cHM6Ly9vY2RuLmV1L3B1bHNjbXMvTURBXy9mOTg5ZjFkMzcyNWU4ODhlNjlmZjBlMTZlMjEwOWM3Yy5qcGVnkZMFz.jpeg\" height=\"627\" width=\"940\" alt=\"Szef Agencji Wywiadu p\u0142k Pawe\u0142 Szota\" loading=\"lazy\" fetchpriority=\"auto\" decoding=\"auto\"\/><\/p>\n<p>x.com<\/p>\n<p>Szef Agencji Wywiadu p\u0142k Pawe\u0142 Szota<\/p>\n<p>Jak wynika z nieoficjalnych informacji Onetu, odpowiedzialny za s\u0142u\u017cby minister-koordynator Tomasz Siemoniak porusza ten temat przy ka\u017cdej kolejnej rozmowie z obecnym szefem Biura Bezpiecze\u0144stwa Narodowego Bartoszem Grodeckim, ten nie m\u00f3wi zdecydowanego &#8222;nie&#8221;, ale sprawa pozostaje nierozstrzygni\u0119ta.<\/p>\n<p>\u2014 Po wymianie Cenckiewicza na Grodeckiego stosunki na linii rz\u0105d-BBN uleg\u0142y poprawie, bo z tym pierwszym nie by\u0142o \u017cadnych rozm\u00f3w. Z Grodeckim da si\u0119 pogada\u0107, ale ostatecznie niewiele z tego wynika. Wnioski le\u017c\u0105, nikt ich nie odsy\u0142a, a wi\u0119c nie ma twardej odmowy ich zatwierdzenia, ale nic si\u0119 w sprawie nie dzieje \u2014 s\u0142yszymy od osoby z kierownictwa jednej ze s\u0142u\u017cb.<\/p>\n<p><img class=\"ods-a-photo ods-a-photo--background\" src=\"https:\/\/www.europesays.com\/pl\/wp-content\/uploads\/2026\/08\/RSkk9lBaHR0cHM6Ly9vY2RuLmV1L3B1bHNjbXMvTURBXy9hOTFkNDk2MDBkOThhODk1ZGJhMmE2MTM5NGRlYzNhMS5qcGeRkwXNB.jpeg\" height=\"627\" width=\"940\" alt=\"Od lewej: Karol Nawrocki, W\u0142adys\u0142aw Kosiniak-Kamysz, szefowa S\u0142u\u017cby Wywiadu Wojskowego p\u0142k Dorota Kawecka i szef SKW gen. Jaros\u0142aw Str\u00f3\u017cyk\" loading=\"lazy\" fetchpriority=\"auto\" decoding=\"auto\"\/><\/p>\n<p>Kancelaria Prezydenta<\/p>\n<p>Od lewej: Karol Nawrocki, W\u0142adys\u0142aw Kosiniak-Kamysz, szefowa S\u0142u\u017cby Wywiadu Wojskowego p\u0142k Dorota Kawecka i szef SKW gen. Jaros\u0142aw Str\u00f3\u017cyk<\/p>\n<p>Pytania w tej sprawie wys\u0142ali\u015bmy Kancelarii Prezydenta. Zapytali\u015bmy m.in. o to, dlaczego Karol Nawrocki zwleka z podj\u0119ciem tej decyzji, czy planuje jej podj\u0119cie przed zbli\u017caj\u0105cym si\u0119 \u015bwi\u0119tem Wojska Polskiego i czy sprzeciwia si\u0119 tym awansom.<\/p>\n<p>Odpowiedzi jednak nie dostali\u015bmy. Zamiast niej otrzymali\u015bmy niepodpisane przez nikogo stanowisko Biura List\u00f3w i Medi\u00f3w Kancelarii Prezydenta RP podkre\u015blaj\u0105ce, \u017ce &#8222;decyzja o mianowaniu na stopie\u0144 generalski nale\u017cy do Prezydenta RP i jest kompetencj\u0105, kt\u00f3ra nie podlega ograniczeniom czasowym&#8221;.<\/p>\n<p>Prezydent Nawrocki traci armi\u0119. W\u015br\u00f3d przyczyn kupczenie awansami<img class=\"ods-a-photo ods-a-photo--background\" src=\"https:\/\/www.europesays.com\/pl\/wp-content\/uploads\/2026\/08\/LD-k9lBaHR0cHM6Ly9vY2RuLmV1L3B1bHNjbXMvTURBXy83YjEyZmMzNzNhZDcxZDI4ZWYzYWI4ZGE3N2ViY2M3ZC5qcGeRlQLNA.jpeg\" height=\"300\" width=\"450\" alt=\"Karol Nawrocki\" loading=\"lazy\" fetchpriority=\"low\" decoding=\"async\"\/>Sprawa ks. Olszewskiego i kawalerki. &#8222;Nawrocki zdaje si\u0119 wierzy\u0107 w mity PiS-u&#8221;<\/p>\n<p>Obecna sytuacja to kolejna ods\u0142ona napi\u0119\u0107 pomi\u0119dzy ekip\u0105 Nawrockiego i szefami polskich s\u0142u\u017cb specjalnych. Jej pierwsz\u0105 ods\u0142on\u0105 by\u0142o wielomiesi\u0119czne wstrzymywanie awans\u00f3w na pierwsze stopnie generalskie dla funkcjonariuszy ABW i S\u0142u\u017cby Kontrwywiadu Wojskowego.<\/p>\n<p><a href=\"https:\/\/wiadomosci.onet.pl\/tylko-w-onecie\/kulisy-spotkania-karola-nawrockiego-z-szefami-sluzb-zul-szesc-snusow\/j9q9ej0\" id=\"6aaa07b1-0d82-45bb-afc9-5346a208b897\" rel=\"nofollow noopener\" target=\"_blank\">Sytuacj\u0119 zagoni\u0142o w\u00f3wczas wezwanie przez prezydenta szef\u00f3w s\u0142u\u017cb na spotkanie z pomini\u0119ciem drogi s\u0142u\u017cbowej,<\/a> czyli poprzez Kancelari\u0119 Premiera. Kiedy w styczniu tego roku ostatecznie dosz\u0142o do takiego spotkania, atmosfera na nim r\u00f3wnie\u017c by\u0142a napi\u0119ta.<img class=\"ods-a-photo ods-a-photo--background\" src=\"https:\/\/www.europesays.com\/pl\/wp-content\/uploads\/2026\/08\/Dltk9lBaHR0cHM6Ly9vY2RuLmV1L3B1bHNjbXMvTURBXy81NjZlZjI2OWNhZDc1MWZkYjZlZmQ4ZTY2MGJkZjdmYi5qcGeRkwXNB.jpeg\" height=\"627\" width=\"940\" alt=\"Delegacja rz\u0105dowa na spotkaniu s\u0142u\u017cb z prezydentem Karolem Nawrockim. Od lewej: gen. Jaros\u0142aw Str\u00f3\u017cyk (SKW), p\u0142k Dorota Kawecka (SWW), wicepremier i szef MON W\u0142adys\u0142aw Kosiniak-Kamysz, minister-koordynator ds. s\u0142u\u017cb specjalnych Tomasz Siemoniak, p\u0142k Pawe\u0142 Szota (AW)    \" loading=\"lazy\" fetchpriority=\"auto\" decoding=\"auto\"\/><\/p>\n<p>Kancelaria Prezydenta<\/p>\n<p>Delegacja rz\u0105dowa na spotkaniu s\u0142u\u017cb z prezydentem Karolem Nawrockim. Od lewej: gen. Jaros\u0142aw Str\u00f3\u017cyk (SKW), p\u0142k Dorota Kawecka (SWW), wicepremier i szef MON W\u0142adys\u0142aw Kosiniak-Kamysz, minister-koordynator ds. s\u0142u\u017cb specjalnych Tomasz Siemoniak, p\u0142k Pawe\u0142 Szota (AW)    <\/p>\n<p>\u2014 Karol Nawrocki okaza\u0142 si\u0119 cz\u0142owiekiem, kt\u00f3ry m\u00f3wi paskami z telewizji Republika. Podczas spotkania wypali\u0142, \u017ce nigdy nie awansuje nikogo, kto by\u0142 zaanga\u017cowany w &#8222;brudn\u0105 kampani\u0119 prezydenck\u0105&#8221; wobec niego lub w <a href=\"https:\/\/wiadomosci.onet.pl\/warszawa\/nowe-fakty-w-sprawie-ks-michala-olszewskiego-znamy-kulisy-jego-pobytu-w-wiezieniu\/xqe5hyp\" id=\"51730241-7e3b-4161-9b29-e4e6e318f218\" rel=\"nofollow noopener\" target=\"_blank\">torturowanie ksi\u0119dza Micha\u0142a Olszewskiego<\/a> \u2014 opowiada\u0142 w\u00f3wczas Onetowi jeden z uczestnik\u00f3w spotkania.<\/p>\n<p>\u2014 Karol Nawrocki zdaje si\u0119 wierzy\u0107 w mity PiS-u o tym, \u017ce w kampani\u0119 prezydenck\u0105 zaanga\u017cowane by\u0142y s\u0142u\u017cby. Albo w to, \u017ce ksi\u0105dz Olszewski rzeczywi\u015bcie by\u0142 torturowany, cho\u0107 k\u0142am takim stwierdzeniom zada\u0142 s\u0105d i Rzecznik Praw Obywatelskich \u2014 s\u0142yszymy od kolejnego rozm\u00f3wcy ze s\u0142u\u017cb.<\/p>\n<p>\u2014 Obecna postawa prezydenta ma z jednej strony pokazywa\u0107, \u017ce szefom s\u0142u\u017cb nie ufa, a z drugiej stanowi wyraz jego ch\u0119ci o tym, by praktycznie jednoosobowo decydowa\u0107, kto w Polsce zas\u0142uguje na stopie\u0144 generalski, a kto nie. Przy czym nie maj\u0105 tu znaczenia obiektywne przes\u0142anki, czy zas\u0142ugi, a jedynie to, czy Karol Nawrocki kogo\u015b takiego szanuje i popiera, czy uznaje za swojego osobistego wroga \u2014 dodaje.<\/p>\n<p><img class=\"ods-a-photo ods-a-photo--background\" src=\"https:\/\/www.europesays.com\/pl\/wp-content\/uploads\/2026\/08\/BdWk9lGaHR0cHM6Ly9vY2RuLmV1L3B1bHNjbXMvTURBXy83MDU2ZjM3My00MWVmLTQwNGQtOTBjMC1iZDI4YjUwNjQwYTUuanBlZ.jpeg\" height=\"627\" width=\"940\" alt=\"Od lewej: minister obrony narodowej, wicepremier W\u0142adys\u0142aw Kosiniak-Kamysz i prezydent Karol Nawrocki\" loading=\"lazy\" fetchpriority=\"auto\" decoding=\"auto\"\/><\/p>\n<p>PAP\/Radek Pietruszka<\/p>\n<p>Od lewej: minister obrony narodowej, wicepremier W\u0142adys\u0142aw Kosiniak-Kamysz i prezydent Karol Nawrocki<\/p>\n<p>Pytania o potencjaln\u0105 ods\u0142on\u0119 kolejnego konfliktu na linii s\u0142u\u017cby-Pa\u0142ac Prezydencki przes\u0142ali\u015bmy odpowiedzialnemu za te ostatnie ministrowi-koordynatorowi Tomaszowi Siemoniakowi.<\/p>\n<p>Odpowiedzi nie otrzymali\u015bmy.<\/p>\n","protected":false},"excerpt":{"rendered":"Szefowie trzech z czterech najwa\u017cniejszych polskich s\u0142u\u017cb specjalnych \u2014 Agencji Bezpiecze\u0144stwa Wewn\u0119trznego, Agencji Wywiadu i S\u0142u\u017cby Wywiadu Wojskowego&hellip;\n","protected":false},"author":2,"featured_media":618486,"comment_status":"","ping_status":"","sticky":false,"template":"","format":"standard","meta":{"footnotes":"","_share_on_mastodon":"0"},"categories":[62712],"tags":[145,22562,1294,56,61195,122071,13294,690,43,48,56812,23390,46,122072,1005,122073,47,14119,9910,25339,1246,341],"class_list":["post-618485","post","type-post","status-publish","format-standard","has-post-thumbnail","category-karol-nawrocki","tag-abw","tag-agencja_wywiadu","tag-andrzej_poczobut","tag-article_premium","tag-bottomfeed_styl","tag-dorota_kawecka","tag-jaroslaw_strozyk","tag-karol-nawrocki","tag-karol_nawrocki","tag-nat_styl","tag-newbb_tst0","tag-nominacje_generalskie","tag-omp","tag-pawel_szota","tag-prezydent","tag-rafal_syrysko","tag-screening_general","tag-skw_kontrwywiad_wojskowy","tag-sluzby_specjalne","tag-sww_wywiad_wojskowy","tag-tomasz_siemoniak","tag-tylko_w_onecie"],"share_on_mastodon":{"url":"https:\/\/pubeurope.com\/@pl\/117086324731898673","error":""},"_links":{"self":[{"href":"https:\/\/www.europesays.com\/pl\/wp-json\/wp\/v2\/posts\/618485","targetHints":{"allow":["GET"]}}],"collection":[{"href":"https:\/\/www.europesays.com\/pl\/wp-json\/wp\/v2\/posts"}],"about":[{"href":"https:\/\/www.europesays.com\/pl\/wp-json\/wp\/v2\/types\/post"}],"author":[{"embeddable":true,"href":"https:\/\/www.europesays.com\/pl\/wp-json\/wp\/v2\/users\/2"}],"replies":[{"embeddable":true,"href":"https:\/\/www.europesays.com\/pl\/wp-json\/wp\/v2\/comments?post=618485"}],"version-history":[{"count":0,"href":"https:\/\/www.europesays.com\/pl\/wp-json\/wp\/v2\/posts\/618485\/revisions"}],"wp:featuredmedia":[{"embeddable":true,"href":"https:\/\/www.europesays.com\/pl\/wp-json\/wp\/v2\/media\/618486"}],"wp:attachment":[{"href":"https:\/\/www.europesays.com\/pl\/wp-json\/wp\/v2\/media?parent=618485"}],"wp:term":[{"taxonomy":"category","embeddable":true,"href":"https:\/\/www.europesays.com\/pl\/wp-json\/wp\/v2\/categories?post=618485"},{"taxonomy":"post_tag","embeddable":true,"href":"https:\/\/www.europesays.com\/pl\/wp-json\/wp\/v2\/tags?post=618485"}],"curies":[{"name":"wp","href":"https:\/\/api.w.org\/{rel}","templated":true}]}}