{"id":618609,"date":"2026-08-13T05:50:10","date_gmt":"2026-08-13T05:50:10","guid":{"rendered":"https:\/\/www.europesays.com\/pl\/618609\/"},"modified":"2026-08-13T05:50:10","modified_gmt":"2026-08-13T05:50:10","slug":"wazony-i-kieliszki-z-prl-poszukiwane-ich-ceny-mocno-poszly-w-gore","status":"publish","type":"post","link":"https:\/\/www.europesays.com\/pl\/618609\/","title":{"rendered":"Wazony i kieliszki z PRL poszukiwane. Ich ceny mocno posz\u0142y w g\u00f3r\u0119"},"content":{"rendered":"<p><a class=\"atomsArticleGalleryImage__mainImgLink\" href=\"https:\/\/nowosci.com.pl\/te-krysztaly-z-prl-bija-teraz-rekordy-cenowe-wazony-za-800-zlotych-a-kieliszek-nawet-za-80\/gh\/c1p2-29193533\" title=\"Sprawd&#x17A;, czy masz jeszcze w domu stare kryszta&#x142;y z czas&#xF3;w PRL. Na niekt&#xF3;rych kryszta&#x142;owych dekoracjach nawet po wielu latach, mo&#x17C;na sporo zarobi&#x107;. Od czego zale&#x17C;y ich cena w 2025 roku? Jakich kryszta&#x142;&#xF3;w najbardziej poszukuj&#x105; kolekcjonerzy staroci? Zobacz na kolejnych stronach przyk&#x142;adowe ceny i zdj&#x119;cia &gt;&gt;&gt;&gt;&gt;\" data-ec=\"atomsArticleGalleryImage\" data-event-position-el=\"mainImage\" aria-label=\"Zobacz galeri&#x119;\" rel=\"nofollow noopener\" target=\"_blank\"><img decoding=\"async\" loading=\"eager\" fetchpriority=\"high\" class=\"atomsArticleGalleryImage__mainImg\" src=\"https:\/\/www.europesays.com\/pl\/wp-content\/uploads\/2026\/08\/il20251008_943009209,size,640x480,crop,0.0000x0.0000x1920.0000x1005.0000,h,fa598e.jpg\" alt=\"Sprawd&#x17A;, czy masz jeszcze w domu stare kryszta&#x142;y z czas&#xF3;w PRL. Na niekt&#xF3;rych kryszta&#x142;owych dekoracjach nawet po wielu latach, mo&#x17C;na sporo zarobi&#x107;. Od czego zale&#x17C;y ich cena w 2025 roku? Jakich kryszta&#x142;&#xF3;w najbardziej poszukuj&#x105; kolekcjonerzy staroci? Zobacz na kolejnych stronach przyk&#x142;adowe ceny i zdj&#x119;cia &gt;&gt;&gt;&gt;&gt;\" width=\"4080\" height=\"3060\"\/><\/a><\/p>\n<p>\n        Sprawd\u017a, czy masz jeszcze w domu stare kryszta\u0142y z czas\u00f3w PRL. Na niekt\u00f3rych kryszta\u0142owych dekoracjach nawet po wielu latach, mo\u017cna sporo zarobi\u0107. Od czego zale\u017cy ich cena w 2025 roku? Jakich kryszta\u0142\u00f3w najbardziej poszukuj\u0105 kolekcjonerzy staroci? Zobacz na kolejnych stronach przyk\u0142adowe ceny i zdj\u0119cia &gt;&gt;&gt;&gt;&gt;<br \/>\n          fot. Sandra Szyma\u0144ska\n        <\/p>\n<p>Kryszta\u0142y z czas\u00f3w PRL-u s\u0105 obecnie jednym z najch\u0119tniej poszukiwanych przedmiot\u00f3w kolekcjonerskich. Je\u015bli posiadasz naczynia i wazony z lat 50., 60., 70., 80. warto przyjrze\u0107 si\u0119 im bli\u017cej.<\/p>\n","protected":false},"excerpt":{"rendered":"Sprawd\u017a, czy masz jeszcze w domu stare kryszta\u0142y z czas\u00f3w PRL. Na niekt\u00f3rych kryszta\u0142owych dekoracjach nawet po wielu&hellip;\n","protected":false},"author":2,"featured_media":618610,"comment_status":"","ping_status":"","sticky":false,"template":"","format":"standard","meta":{"footnotes":"","_share_on_mastodon":"0"},"categories":[20],"tags":[122102,120,118,119,25,42,38,40,39,41,3689,116,114,115,121,117],"class_list":["post-618609","post","type-post","status-publish","format-standard","has-post-thumbnail","category-nauka-i-technika","tag-krysztaly-prl","tag-nauka","tag-nauka-i-technika","tag-naukatechnika","tag-news","tag-pl","tag-poland","tag-polish","tag-polska","tag-polski","tag-prl","tag-science","tag-science-and-technology","tag-sciencetechnology","tag-technika","tag-technology"],"share_on_mastodon":{"url":"https:\/\/pubeurope.com\/@pl\/117086638887601467","error":""},"_links":{"self":[{"href":"https:\/\/www.europesays.com\/pl\/wp-json\/wp\/v2\/posts\/618609","targetHints":{"allow":["GET"]}}],"collection":[{"href":"https:\/\/www.europesays.com\/pl\/wp-json\/wp\/v2\/posts"}],"about":[{"href":"https:\/\/www.europesays.com\/pl\/wp-json\/wp\/v2\/types\/post"}],"author":[{"embeddable":true,"href":"https:\/\/www.europesays.com\/pl\/wp-json\/wp\/v2\/users\/2"}],"replies":[{"embeddable":true,"href":"https:\/\/www.europesays.com\/pl\/wp-json\/wp\/v2\/comments?post=618609"}],"version-history":[{"count":0,"href":"https:\/\/www.europesays.com\/pl\/wp-json\/wp\/v2\/posts\/618609\/revisions"}],"wp:featuredmedia":[{"embeddable":true,"href":"https:\/\/www.europesays.com\/pl\/wp-json\/wp\/v2\/media\/618610"}],"wp:attachment":[{"href":"https:\/\/www.europesays.com\/pl\/wp-json\/wp\/v2\/media?parent=618609"}],"wp:term":[{"taxonomy":"category","embeddable":true,"href":"https:\/\/www.europesays.com\/pl\/wp-json\/wp\/v2\/categories?post=618609"},{"taxonomy":"post_tag","embeddable":true,"href":"https:\/\/www.europesays.com\/pl\/wp-json\/wp\/v2\/tags?post=618609"}],"curies":[{"name":"wp","href":"https:\/\/api.w.org\/{rel}","templated":true}]}}