{"id":618864,"date":"2026-08-13T08:18:11","date_gmt":"2026-08-13T08:18:11","guid":{"rendered":"https:\/\/www.europesays.com\/pl\/618864\/"},"modified":"2026-08-13T08:18:11","modified_gmt":"2026-08-13T08:18:11","slug":"bogucki-reaguje-na-tekst-onetu-nie-ma-terminu-dla-prezydenta","status":"publish","type":"post","link":"https:\/\/www.europesays.com\/pl\/618864\/","title":{"rendered":"Bogucki reaguje na tekst Onetu. &#8222;Nie ma terminu dla prezydenta&#8221;"},"content":{"rendered":"<p>Dlaczego o tym piszemy?<\/p>\n<p>Kancelaria Prezydenta od trzech miesi\u0119cy zwleka z rozpatrzeniem awans\u00f3w na stopnie generalskie szef\u00f3w s\u0142u\u017cb specjalnych: ABW oraz cywilnej i wojskowej agencji wywiadu. Przes\u0142ane ju\u017c w maju wnioski o awanse motywowane by\u0142y m.in. sukcesem z uwolnieniem osadzonego w bia\u0142oruskim \u0142agrze Andrzeja Poczobuta \u2014 informuje Onet.<\/p>\n<p>Szefowie trzech z czterech najwa\u017cniejszych polskich s\u0142u\u017cb specjalnych \u2014 Agencji Bezpiecze\u0144stwa Wewn\u0119trznego, Agencji Wywiadu i S\u0142u\u017cby Wywiadu Wojskowego \u2014 pe\u0142ni\u0105 swoje funkcje w stopniu pu\u0142kownika.<\/p>\n<p>Tylko kieruj\u0105cy S\u0142u\u017cb\u0105 Kontrwywiadu Wojskowego Jaros\u0142aw Str\u00f3\u017cyk ju\u017c wcze\u015bniej, bo w 2011 r., uzyska\u0142 stopie\u0144 genera\u0142a brygady nadany mu przez \u00f3wczesnego prezydenta Bronis\u0142awa Komorowskiego.<\/p>\n<p>Co powiedzia\u0142 Zbigniew Bogucki?<\/p>\n<p>Do artyku\u0142u Onetu odni\u00f3s\u0142 si\u0119 na antenie Radia ZET Zbigniew Bogucki. \u2014 Kto powiedzia\u0142, \u017ce prezydent blokuje? Wnioski wp\u0142ywaj\u0105, nie ma terminu do ich rozpoznania. Oficerowie poszczeg\u00f3lnych s\u0142u\u017cb czy s\u0142u\u017cb podleg\u0142ych MSWiA, czy \u017co\u0142nierze, czy kwestie MON-u s\u0105 za\u0142atwiane i ta sprawa te\u017c jest procedowana. Jak zostanie przeprocedowana, to b\u0119d\u0105 decyzje pana prezydenta \u2014 stwierdzi\u0142.<\/p>\n<p>\u2014 Je\u017celi s\u0142u\u017cba jest sprawowana sprawnie, dobrze, z odpowiedzialno\u015bci\u0105, to jest to wystarczaj\u0105ce dla presti\u017cu. Oczywi\u015bcie stopnie, nominacje, awanse s\u0105 wa\u017cne, ale najwa\u017cniejszy jest spos\u00f3b wykonywania s\u0142u\u017cby \u2014 doda\u0142.<\/p>\n<p>\u2014 Decyzja b\u0119dzie wtedy, kiedy pan prezydent j\u0105 podejmie. Nie ma terminu dla prezydenta, wi\u0119c prezydent nie jest zwi\u0105zany terminami \u2014 podkre\u015bla\u0142.<\/p>\n<p>Czytaj wi\u0119cej:<\/p>\n","protected":false},"excerpt":{"rendered":"Dlaczego o tym piszemy? Kancelaria Prezydenta od trzech miesi\u0119cy zwleka z rozpatrzeniem awans\u00f3w na stopnie generalskie szef\u00f3w s\u0142u\u017cb&hellip;\n","protected":false},"author":2,"featured_media":618865,"comment_status":"","ping_status":"","sticky":false,"template":"","format":"standard","meta":{"footnotes":"","_share_on_mastodon":"0"},"categories":[62712],"tags":[145,61195,690,43,49,48,46,47,70,161,788],"class_list":["post-618864","post","type-post","status-publish","format-standard","has-post-thumbnail","category-karol-nawrocki","tag-abw","tag-bottomfeed_styl","tag-karol-nawrocki","tag-karol_nawrocki","tag-kraj","tag-nat_styl","tag-omp","tag-screening_general","tag-w_skrocie","tag-wojsko","tag-zbigniew_bogucki"],"share_on_mastodon":{"url":"https:\/\/pubeurope.com\/@pl\/117087220705516419","error":""},"_links":{"self":[{"href":"https:\/\/www.europesays.com\/pl\/wp-json\/wp\/v2\/posts\/618864","targetHints":{"allow":["GET"]}}],"collection":[{"href":"https:\/\/www.europesays.com\/pl\/wp-json\/wp\/v2\/posts"}],"about":[{"href":"https:\/\/www.europesays.com\/pl\/wp-json\/wp\/v2\/types\/post"}],"author":[{"embeddable":true,"href":"https:\/\/www.europesays.com\/pl\/wp-json\/wp\/v2\/users\/2"}],"replies":[{"embeddable":true,"href":"https:\/\/www.europesays.com\/pl\/wp-json\/wp\/v2\/comments?post=618864"}],"version-history":[{"count":0,"href":"https:\/\/www.europesays.com\/pl\/wp-json\/wp\/v2\/posts\/618864\/revisions"}],"wp:featuredmedia":[{"embeddable":true,"href":"https:\/\/www.europesays.com\/pl\/wp-json\/wp\/v2\/media\/618865"}],"wp:attachment":[{"href":"https:\/\/www.europesays.com\/pl\/wp-json\/wp\/v2\/media?parent=618864"}],"wp:term":[{"taxonomy":"category","embeddable":true,"href":"https:\/\/www.europesays.com\/pl\/wp-json\/wp\/v2\/categories?post=618864"},{"taxonomy":"post_tag","embeddable":true,"href":"https:\/\/www.europesays.com\/pl\/wp-json\/wp\/v2\/tags?post=618864"}],"curies":[{"name":"wp","href":"https:\/\/api.w.org\/{rel}","templated":true}]}}