{"id":618908,"date":"2026-08-13T08:42:11","date_gmt":"2026-08-13T08:42:11","guid":{"rendered":"https:\/\/www.europesays.com\/pl\/618908\/"},"modified":"2026-08-13T08:42:11","modified_gmt":"2026-08-13T08:42:11","slug":"nieoznaczony-material-i-sledztwo-superwizjera-zero-pl-pod-ostrzalem","status":"publish","type":"post","link":"https:\/\/www.europesays.com\/pl\/618908\/","title":{"rendered":"Nieoznaczony materia\u0142 i \u015bledztwo &#8222;Superwizjera&#8221;. Zero.pl pod ostrza\u0142em"},"content":{"rendered":"<p>Filip Folczak, dziennikarz &#8222;Superwizjera&#8221; TVN24, przygotowa\u0142 materia\u0142 \u015bledczy, w kt\u00f3rym opisa\u0142 nieprawid\u0142owo\u015bci zwi\u0105zane z dzia\u0142alno\u015bci\u0105 Elemental Holding \u2014 firmy zajmuj\u0105cej si\u0119 recyklingiem sprz\u0119tu elektrycznego.<\/p>\n<p>Na publikacj\u0119 Folczaka zareagowa\u0142 Krzysztof Stanowski, szef Kana\u0142u Zero, kt\u00f3ry na platformie X stwierdzi\u0142, \u017ce sytuacja wok\u00f3\u0142 Elemental Holding to przyk\u0142ad &#8222;nagromadzenia z\u0142odziejstwa&#8221; i &#8222;kuriozum&#8221;, a tak\u017ce wskaza\u0142, \u017ce konsumenci po\u015brednio p\u0142ac\u0105 za nieprawid\u0142owo\u015bci, kupuj\u0105c sprz\u0119t AGD.<\/p>\n<p>Folczak zwr\u00f3ci\u0142 jednak uwag\u0119, \u017ce na Zero.pl wcze\u015bniej pojawi\u0142 si\u0119 materia\u0142 przedstawiaj\u0105cy Elemental Holding jako dynamicznie rozwijaj\u0105c\u0105 si\u0119 firm\u0119 dzia\u0142aj\u0105c\u0105 na 35 rynkach, w tym w USA. Jak wyja\u015bni\u0142 w rozmowie z Presserwisem, tekst ten znalaz\u0142 po wpisaniu nazwy firmy w wyszukiwark\u0119 internetow\u0105.<\/p>\n<p>W\u0105tpliwo\u015bci wok\u00f3\u0142 oznaczenia artyku\u0142u na Zero.pl<\/p>\n<p>U\u017cytkownicy platformy X zauwa\u017cyli, \u017ce publikacja o Elemental Holding na Zero.pl przypomina tekst sponsorowany, jednak nie zosta\u0142a oznaczona jako taka. Krzysztof Stanowski t\u0142umaczy\u0142 na X, \u017ce firma nie by\u0142a sponsorem artyku\u0142u, a publikacja powsta\u0142a w ramach \u015bwiadcze\u0144 barterowych zwi\u0105zanych z partnerstwem przy konferencji. Stanowski przyzna\u0142, \u017ce materia\u0142 powinien by\u0107 lepiej oznaczony, ale odrzuci\u0142 sugestie, jakoby Elemental Holding p\u0142aci\u0142a za publikacj\u0119.<\/p>\n<p>Zgodnie z zaleceniami prezesa Urz\u0119du Ochrony Konkurencji i Konsument\u00f3w, ka\u017cda tre\u015b\u0107 publikowana przez media, za kt\u00f3r\u0105 otrzymano korzy\u015b\u0107 materialn\u0105 \u2014 zar\u00f3wno w formie op\u0142aty, jak i barteru \u2014 powinna by\u0107 wyra\u017anie oznaczona. Dotyczy to zar\u00f3wno medi\u00f3w tradycyjnych, jak i elektronicznych, a tak\u017ce influencer\u00f3w i youtuber\u00f3w.<\/p>\n<p>Do UOKiK wp\u0142yn\u0119\u0142o ju\u017c zg\u0142oszenie od Jasia Kapeli, publicysty zwi\u0105zanego z &#8222;Krytyk\u0105 Polityczn\u0105&#8221;, kt\u00f3ry poinformowa\u0142 o tym w mediach spo\u0142eczno\u015bciowych. W przypadku potwierdzenia nieprawid\u0142owo\u015bci UOKiK mo\u017ce na\u0142o\u017cy\u0107 na medium kar\u0119 si\u0119gaj\u0105c\u0105 nawet 10 proc. obrotu firmy.<\/p>\n<p>Reakcja Elemental Holding na reporta\u017c TVN24<\/p>\n<p>Firma Elemental Holding odpowiedzia\u0142a na materia\u0142 \u015bledczy Filipa Folczaka, wydaj\u0105c o\u015bwiadczenie, w kt\u00f3rym zarzuci\u0142a TVN podawanie nieprawdziwych informacji.<\/p>\n<p>W o\u015bwiadczeniu sp\u00f3\u0142ka poinformowa\u0142a, \u017ce w zwi\u0105zku z emisj\u0105 reporta\u017cu &#8222;Fikcyjne odpady i miliard od ministra&#8221; podj\u0119\u0142a kroki prawne wobec redaktora naczelnego oraz zarz\u0105du TVN S.A., domagaj\u0105c si\u0119 usuni\u0119cia materia\u0142u, publikacji stosownego o\u015bwiadczenia oraz sprostowania nieprawdziwych informacji, kt\u00f3re \u2014 zdaniem firmy \u2014 pojawi\u0142y si\u0119 w reporta\u017cu.<\/p>\n","protected":false},"excerpt":{"rendered":"Filip Folczak, dziennikarz &#8222;Superwizjera&#8221; TVN24, przygotowa\u0142 materia\u0142 \u015bledczy, w kt\u00f3rym opisa\u0142 nieprawid\u0142owo\u015bci zwi\u0105zane z dzia\u0142alno\u015bci\u0105 Elemental Holding \u2014&hellip;\n","protected":false},"author":2,"featured_media":618909,"comment_status":"","ping_status":"","sticky":false,"template":"","format":"standard","meta":{"footnotes":"","_share_on_mastodon":"0"},"categories":[12],"tags":[61195,32,33,36,37,27,4487,49,15658,34,35,28,31,48,25,46,42,38,40,39,41,47,29,30,318,26],"class_list":["post-618908","post","type-post","status-publish","format-standard","has-post-thumbnail","category-polska","tag-bottomfeed_styl","tag-breaking-news","tag-breakingnews","tag-featured-news","tag-featurednews","tag-headlines","tag-kanal_zero","tag-kraj","tag-krzysztof_stanowski","tag-latest-news","tag-latestnews","tag-naglowki","tag-najwazniejsze-artykuly","tag-nat_styl","tag-news","tag-omp","tag-pl","tag-poland","tag-polish","tag-polska","tag-polski","tag-screening_general","tag-top-stories","tag-topstories","tag-tvn","tag-wiadomosci"],"share_on_mastodon":{"url":"","error":""},"_links":{"self":[{"href":"https:\/\/www.europesays.com\/pl\/wp-json\/wp\/v2\/posts\/618908","targetHints":{"allow":["GET"]}}],"collection":[{"href":"https:\/\/www.europesays.com\/pl\/wp-json\/wp\/v2\/posts"}],"about":[{"href":"https:\/\/www.europesays.com\/pl\/wp-json\/wp\/v2\/types\/post"}],"author":[{"embeddable":true,"href":"https:\/\/www.europesays.com\/pl\/wp-json\/wp\/v2\/users\/2"}],"replies":[{"embeddable":true,"href":"https:\/\/www.europesays.com\/pl\/wp-json\/wp\/v2\/comments?post=618908"}],"version-history":[{"count":0,"href":"https:\/\/www.europesays.com\/pl\/wp-json\/wp\/v2\/posts\/618908\/revisions"}],"wp:featuredmedia":[{"embeddable":true,"href":"https:\/\/www.europesays.com\/pl\/wp-json\/wp\/v2\/media\/618909"}],"wp:attachment":[{"href":"https:\/\/www.europesays.com\/pl\/wp-json\/wp\/v2\/media?parent=618908"}],"wp:term":[{"taxonomy":"category","embeddable":true,"href":"https:\/\/www.europesays.com\/pl\/wp-json\/wp\/v2\/categories?post=618908"},{"taxonomy":"post_tag","embeddable":true,"href":"https:\/\/www.europesays.com\/pl\/wp-json\/wp\/v2\/tags?post=618908"}],"curies":[{"name":"wp","href":"https:\/\/api.w.org\/{rel}","templated":true}]}}