{"id":619338,"date":"2026-08-13T12:40:20","date_gmt":"2026-08-13T12:40:20","guid":{"rendered":"https:\/\/www.europesays.com\/pl\/619338\/"},"modified":"2026-08-13T12:40:20","modified_gmt":"2026-08-13T12:40:20","slug":"juz-w-ten-weekend-rozpocznie-sie-remont-jednej-z-najwazniejszych-wroclawskich-ulic-potrwa-prawie-2-miesiace-szczegoly","status":"publish","type":"post","link":"https:\/\/www.europesays.com\/pl\/619338\/","title":{"rendered":"Ju\u017c w ten weekend rozpocznie si\u0119 remont jednej z najwa\u017cniejszych wroc\u0142awskich ulic. Potrwa prawie 2 miesi\u0105ce [SZCZEG\u00d3\u0141Y]"},"content":{"rendered":"<p>&#13;<br \/>\n                        &#13;<br \/>\n                            &#13;<br \/>\n            &#13;<br \/>\n                            &#13;<br \/>\n                        &#13;<br \/>\n            &#13;<br \/>\n                        &#13;<br \/>\n                                        &#13;<\/p>\n<p class=\"isSelectedEnd\">Al. Wi\u015bniowa we Wroc\u0142awiu zostanie wyremontowana w ramach tegorocznej edycji programu \u201eWroc\u0142aw Na Dobrej Drodze\u201d. Prace obejm\u0105 oko\u0142o kilometrowy odcinek mi\u0119dzy ul. Powsta\u0144c\u00f3w \u015al\u0105skich a ul. \u015al\u0119\u017cn\u0105. Nowa nawierzchnia zostanie u\u0142o\u017cona na obu jezdniach, co \u0142\u0105cznie da oko\u0142o 2 km wyremontowanej drogi.<\/p>\n<p>&#13;<\/p>\n<p class=\"isSelectedEnd\"><a class=\"lightbox\" alt=\"Ju\u017c w ten weekend rozpocznie si\u0119 remont jednej z najwa\u017cniejszych wroc\u0142awskich ulic. Potrwa prawie 2 miesi\u0105ce [SZCZEG\u00d3\u0141Y]\" href=\"https:\/\/www.europesays.com\/pl\/wp-content\/uploads\/2026\/08\/doba_pl_278487-4dbaa17004069b15629b6293becd9b31_1280x720_onlyx.jpg\"><img loading=\"lazy\" decoding=\"async\" class=\"imgBigger\" src=\"https:\/\/www.europesays.com\/pl\/wp-content\/uploads\/2026\/08\/doba_pl_278487-4dbaa17004069b15629b6293becd9b31_1280x720_onlyx.jpg\" width=\"800\" height=\"600\" border=\"0\"\/><\/a>Al. Wi\u015bniowa jest cz\u0119\u015bci\u0105 \u015br\u00f3dmiejskiej obwodnicy i przez ca\u0142\u0105 dob\u0119 obs\u0142uguje du\u017cy ruch samochodowy oraz komunikacj\u0119 miejsk\u0105. Z tego wzgl\u0119du prace na jezdniach b\u0119d\u0105 prowadzone przede wszystkim nocami i w weekendy. W ci\u0105gu dnia kierowcy maj\u0105 mie\u0107 do dyspozycji ca\u0142\u0105 szeroko\u015b\u0107 jezdni. Odmienna organizacja b\u0119dzie obowi\u0105zywa\u0142a w zatokach, gdzie roboty b\u0119d\u0105 prowadzone zar\u00f3wno w dzie\u0144, jak i w nocy.<\/p>\n<p>&#13;<\/p>\n<p class=\"isSelectedEnd\">Pierwsze zmiany zostan\u0105 wprowadzone ju\u017c w najbli\u017cszy weekend. W nocy z 15 na 16 sierpnia przystanek autobusowy przy skrzy\u017cowaniu z ul. Powsta\u0144c\u00f3w \u015al\u0105skich, w kierunku ul. \u015al\u0119\u017cnej, zostanie przesuni\u0119ty. Z kolei w nocy z 16 na 17 sierpnia rozpocznie si\u0119 frezowanie jezdni od strony ul. Powsta\u0144c\u00f3w \u015al\u0105skich.<\/p>\n<p>&#13;<\/p>\n<p class=\"isSelectedEnd\"><a class=\"lightbox\" alt=\"Ju\u017c w ten weekend rozpocznie si\u0119 remont jednej z najwa\u017cniejszych wroc\u0142awskich ulic. Potrwa prawie 2 miesi\u0105ce [SZCZEG\u00d3\u0141Y]\" href=\"https:\/\/www.europesays.com\/pl\/wp-content\/uploads\/2026\/08\/doba_pl_278486-35feb91722f13986475abc44d824f663_1280x720_onlyx.jpg\"><img loading=\"lazy\" decoding=\"async\" class=\"imgBigger\" src=\"https:\/\/www.europesays.com\/pl\/wp-content\/uploads\/2026\/08\/doba_pl_278486-35feb91722f13986475abc44d824f663_1280x720_onlyx.jpg\" width=\"800\" height=\"600\" border=\"0\"\/><\/a>Prace prowadzone w trybie nocnym i weekendowym maj\u0105 potrwa\u0107 oko\u0142o o\u015bmiu tygodni. Warto\u015b\u0107 inwestycji wynosi oko\u0142o 4,5 mln z\u0142.<\/p>\n<p>&#13;<\/p>\n<p>W\u0142adze miasta informuj\u0105, \u017ce ze wzgl\u0119du na du\u017ce nat\u0119\u017cenie ruchu zdecydowano si\u0119 na organizacj\u0119 rob\u00f3t, kt\u00f3ra ma ograniczy\u0107 utrudnienia w ci\u0105gu dnia. Jednocze\u015bnie mieszka\u0144cy budynk\u00f3w znajduj\u0105cych si\u0119 bezpo\u015brednio przy al. Wi\u015bniowej musz\u0105 liczy\u0107 si\u0119 z ha\u0142asem zwi\u0105zanym z pracami prowadzonymi w godzinach nocnych.<\/p>\n<p>&#13;<\/p>\n<p style=\"text-align: right;\"><a class=\"lightbox\" alt=\"Ju\u017c w ten weekend rozpocznie si\u0119 remont jednej z najwa\u017cniejszych wroc\u0142awskich ulic. Potrwa prawie 2 miesi\u0105ce [SZCZEG\u00d3\u0141Y]\" href=\"https:\/\/www.europesays.com\/pl\/wp-content\/uploads\/2026\/08\/doba_pl_278484-5acd79721468652e31e71877a4bd8ef3_1280x720_onlyx.jpg\"><img loading=\"lazy\" decoding=\"async\" class=\"imgBigger\" src=\"https:\/\/www.europesays.com\/pl\/wp-content\/uploads\/2026\/08\/doba_pl_278485-7c14a14995a4dbb42a8d96a519824288_1280x720_onlyx.jpg\" width=\"800\" height=\"600\" border=\"0\"\/><img loading=\"lazy\" decoding=\"async\" class=\"imgBigger\" src=\"https:\/\/www.europesays.com\/pl\/wp-content\/uploads\/2026\/08\/doba_pl_278484-5acd79721468652e31e71877a4bd8ef3_1280x720_onlyx.jpg\" width=\"800\" height=\"999\" border=\"0\"\/><\/a>\/\u017ar\u00f3d\u0142o i fot. J. Sutryk\/FB, oprac. doba.pl\/<\/p>\n<p>                            &#13;<br \/>\n                \t\t\t                            &#13;<br \/>\n                                                        &#13;<br \/>\n\t\t\t\t\t\t\t            &#13;<br \/>\n                            &#13;<br \/>\n                            &#13;<br \/>\n                           &#13;<br \/>\n            &#13;<br \/>\n                        &#13;<br \/>\n                            &#13;<br \/>\n                            &#13;<br \/>\n        &#13;<br \/>\n                            &#13;<br \/>\n                        &#13;<\/p>\n","protected":false},"excerpt":{"rendered":"&#13; &#13; &#13; &#13; &#13; &#13; &#13; &#13; &#13; Al. Wi\u015bniowa we Wroc\u0142awiu zostanie wyremontowana w ramach tegorocznej&hellip;\n","protected":false},"author":2,"featured_media":619339,"comment_status":"","ping_status":"","sticky":false,"template":"","format":"standard","meta":{"footnotes":"","_share_on_mastodon":"0"},"categories":[51607],"tags":[122244,42,38,40,39,41,3813,1853],"class_list":["post-619338","post","type-post","status-publish","format-standard","has-post-thumbnail","category-wroclaw","tag-aleja-wisniowa","tag-pl","tag-poland","tag-polish","tag-polska","tag-polski","tag-remont","tag-wroclaw"],"share_on_mastodon":{"url":"https:\/\/pubeurope.com\/@pl\/117088252586623520","error":""},"_links":{"self":[{"href":"https:\/\/www.europesays.com\/pl\/wp-json\/wp\/v2\/posts\/619338","targetHints":{"allow":["GET"]}}],"collection":[{"href":"https:\/\/www.europesays.com\/pl\/wp-json\/wp\/v2\/posts"}],"about":[{"href":"https:\/\/www.europesays.com\/pl\/wp-json\/wp\/v2\/types\/post"}],"author":[{"embeddable":true,"href":"https:\/\/www.europesays.com\/pl\/wp-json\/wp\/v2\/users\/2"}],"replies":[{"embeddable":true,"href":"https:\/\/www.europesays.com\/pl\/wp-json\/wp\/v2\/comments?post=619338"}],"version-history":[{"count":0,"href":"https:\/\/www.europesays.com\/pl\/wp-json\/wp\/v2\/posts\/619338\/revisions"}],"wp:featuredmedia":[{"embeddable":true,"href":"https:\/\/www.europesays.com\/pl\/wp-json\/wp\/v2\/media\/619339"}],"wp:attachment":[{"href":"https:\/\/www.europesays.com\/pl\/wp-json\/wp\/v2\/media?parent=619338"}],"wp:term":[{"taxonomy":"category","embeddable":true,"href":"https:\/\/www.europesays.com\/pl\/wp-json\/wp\/v2\/categories?post=619338"},{"taxonomy":"post_tag","embeddable":true,"href":"https:\/\/www.europesays.com\/pl\/wp-json\/wp\/v2\/tags?post=619338"}],"curies":[{"name":"wp","href":"https:\/\/api.w.org\/{rel}","templated":true}]}}