{"id":61959,"date":"2025-10-22T07:40:04","date_gmt":"2025-10-22T07:40:04","guid":{"rendered":"https:\/\/www.europesays.com\/pl\/61959\/"},"modified":"2025-10-22T07:40:04","modified_gmt":"2025-10-22T07:40:04","slug":"krakow-znowu-huczy-o-odejsciu-arcybiskupa-jedraszewskiego-kto-moze-go-zastapic","status":"publish","type":"post","link":"https:\/\/www.europesays.com\/pl\/61959\/","title":{"rendered":"Krak\u00f3w znowu huczy o odej\u015bciu arcybiskupa J\u0119draszewskiego. Kto mo\u017ce go zast\u0105pi\u0107?"},"content":{"rendered":"<p class=\"ods-c-paragraph \">Niemal ca\u0142a archidiecezja krakowska znowu \u017cyje plotkami o rych\u0142ym odej\u015bciu arcybiskupa Marka J\u0119draszewskiego.<\/p>\n<p class=\"ods-c-paragraph \">Przypomnjmy, \u017ce J\u0119draszewski ju\u017c od roku powinien by\u0107 na biskupiej emeryturze. W lipcu ubieg\u0142ego roku sko\u0144czy\u0142 75 lat, co w Ko\u015bciele katolickim oznacza zas\u0142u\u017cony odpoczynek. I w\u0142a\u015bnie od roku pojawiaj\u0105 si\u0119 spekulacje o jego odwo\u0142aniu.<\/p>\n<p>Krak\u00f3w znowu huczy o odej\u015bciu arcybiskupa J\u0119draszewskiego<\/p>\n<p class=\"ods-c-paragraph \">Od kilku dni w ko\u015bcielnych kr\u0119gach kr\u0105\u017cy informacja, \u017ce odej\u015bcie kontrowersyjnego biskupa nast\u0105pi w\u0142a\u015bnie w \u015brod\u0119 22 pa\u017adziernika.<\/p>\n<p class=\"ods-c-paragraph \">Dzie\u0144 ten nie jest przypadkowy. Ko\u015bci\u00f3\u0142 katolicki na ca\u0142ym \u015bwiecie wspomina w liturgii \u015bw. Jana Paw\u0142a II. W ko\u0144cu diecezja krakowska by\u0142a macierzyst\u0105 diecezj\u0105 Karola Wojty\u0142y.<\/p>\n<p class=\"ods-c-paragraph \">Krakowscy duchowni, z kt\u00f3rymi rozmawiali\u015bmy, potwierdzaj\u0105, \u017ce plotki o zmianie biskupa znowu od\u017cy\u0142y. Kap\u0142ani w prywatnych rozmowach wymieniaj\u0105 si\u0119 potencjalnymi datami og\u0142oszenia tej wiadomo\u015bci przez nuncjatur\u0119 apostolsk\u0105 oraz list\u0105 nazwisk kandydat\u00f3w na nowego arcybiskupa.<\/p>\n<p class=\"ods-c-paragraph \">Niekt\u00f3rzy z nich zwracaj\u0105 uwag\u0119, \u017ce Marek J\u0119draszewski zmieni\u0142 w ostatnich dniach swoje plany. Chodzi dok\u0142adnie o odpust, kt\u00f3ry w \u015brod\u0119 odb\u0119dzie si\u0119 w Sanktuarium \u015bw. Jana Paw\u0142a II w Krakowie, czyli w jednym z najwa\u017cniejszych sanktuari\u00f3w w Polsce.<\/p>\n<p class=\"ods-c-paragraph \">Wed\u0142ug pierwszych zapowiedzi popo\u0142udniowe uroczysto\u015bci mia\u0142 prowadzi\u0107 w\u0142a\u015bnie obecny metropolita. Z najnowszych informacji wynika jednak, \u017ce sum\u0119 odpustow\u0105 o godzinie 18 odprawi kardyna\u0142 Stanis\u0142aw Dziwisz.<\/p>\n<p>Dalszy ci\u0105g artyku\u0142u pod materia\u0142em wideo<\/p>\n<p> Kiedy ma zosta\u0107 og\u0142oszone odej\u015bcie arcybiskupa J\u0119draszewskiego? <\/p>\n<p> Kto jest wymieniany jako potencjalny nast\u0119pca J\u0119draszewskiego? <\/p>\n<p> Dlaczego zmiana plan\u00f3w arcybiskupa mo\u017ce sugerowa\u0107 jego odej\u015bcie? <\/p>\n<p> Jakie znaczenie ma data 28 pa\u017adziernika w kontek\u015bcie archidiecezji krakowskiej? <\/p>\n<p>  Nag\u0142a zmiana plan\u00f3w arcybiskupa J\u0119draszewskiego. Odchodzi ze stanowiska?<\/p>\n<p class=\"ods-c-paragraph \">Dla niekt\u00f3rych zmiana plan\u00f3w ewidentnie wskazuje na to, \u017ce o godz. 18 arcybiskup J\u0119draszewski nie b\u0119dzie ju\u017c szefowa\u0142 diecezji krakowskiej.<\/p>\n<p class=\"ods-c-paragraph \">Zgodnie z ko\u015bcieln\u0105 tradycj\u0105 og\u0142oszenie informacji o zmianie biskupa ordynariusza odbywa si\u0119 o godz. 12 r\u00f3wnolegle przez kuri\u0119 danej diecezji oraz nuncjatur\u0119 apostolsk\u0105. Kr\u00f3tki komunikat zwykle sk\u0142ada si\u0119 z dw\u00f3ch informacji: o tym, kto ust\u0119puje oraz o tym, kto w jego miejsce obejmuje urz\u0105d.<\/p>\n<p class=\"ods-c-paragraph \">Wszystko nadal pozostaje wy\u0142\u0105cznie w sferze domys\u0142\u00f3w. Trzeba pami\u0119ta\u0107 jednak o tym, \u017ce w ubieg\u0142ym roku podczas \u015bwi\u0119ta Jana Paw\u0142a II, abp J\u0119draszewski odby\u0142 podr\u00f3\u017c do Watykanu, gdzie odprawi\u0142 msz\u0119 przy grobie polskiego papie\u017ca. Cho\u0107 diecezja nie informuje o planach wyjazdu metropolity, to mo\u017ce si\u0119 okaza\u0107, \u017ce r\u00f3wnie\u017c w tym roku liturgiczne wspomnienie i kolejn\u0105 rocznic\u0119 inauguracji pontyfikatu b\u0119dzie \u015bwi\u0119towa\u0142 w Rzymie.<\/p>\n<p class=\"ods-c-paragraph \">Ale to nie wszystko. Lokalni duchowni zwracaj\u0105 uwag\u0119 w nieoficjalnych rozmowach, \u017ce inn\u0105, r\u00f3wnie znacz\u0105c\u0105 dat\u0105, kiedy Ko\u015bci\u00f3\u0142 m\u00f3g\u0142by og\u0142osi\u0107 zmian\u0119 pod Wawelem, mo\u017ce by\u0107 wtorek 28 pa\u017adziernika.<\/p>\n<p class=\"ods-c-paragraph \">To dzie\u0144, w kt\u00f3rym minie dok\u0142adnie 100 lat, odk\u0105d diecezja krakowska podniesiona zosta\u0142a do rangi archidiecezji i sta\u0142a si\u0119 siedzib\u0105 nowo utworzonej Metropolii Krakowskiej.<\/p>\n<p class=\"ods-c-paragraph \">Jednak ju\u017c teraz wiadomo, \u017ce msz\u0119 dzi\u0119kczynn\u0105 o godz. 16.30 odprawi nie kto inny, jak Marek J\u0119draszewski. Z tej okazji nagra\u0142 ju\u017c nawet specjalne zaproszenie.<\/p>\n<p>Kto m\u00f3g\u0142by obj\u0105\u0107 archidiecezj\u0119 krakowsk\u0105?<\/p>\n<p class=\"ods-c-paragraph \">Temat odej\u015bcia arcybiskupa J\u0119draszewskiego emocjonuje, tym bardziej \u017ce wraz z nim na nowo stawiane jest pytanie: kto za niego?<\/p>\n<p class=\"ods-c-paragraph \">Og\u0142oszenie nast\u0119pcy w dzie\u0144, w kt\u00f3rym Ko\u015bci\u00f3\u0142 katolicki na ca\u0142ym \u015bwiecie wspomina Jana Paw\u0142a II, m\u00f3g\u0142by by\u0107 te\u017c pi\u0119knym prezentem dla jednego z kandydat\u00f3w, kt\u00f3ry od dawna wysoko jest na li\u015bcie potencjalnych nast\u0119pc\u00f3w.<\/p>\n<p class=\"ods-c-paragraph \">Mowa o biskupie gliwickim S\u0142awomirze Oderze, kt\u00f3ry w latach 2005\u20132014 pe\u0142ni\u0142 rol\u0119 postulatora procesu beatyfikacyjnego i kanonizacyjnego polskiego papie\u017ca. Dzi\u015b ju\u017c wiadomo, \u017ce jako postulator m\u00f3g\u0142 pomin\u0105\u0107 bardzo istotne fakty z pracy Wojty\u0142y, jak cho\u0107by reagowanie na skandale pedofilskie w Ko\u015bciele. Mimo to biskup z Gliwic ci\u0105gle wymieniany jest jako jeden z faworyt\u00f3w do obj\u0119cia pustego tronu w Krakowie.<\/p>\n<p class=\"ods-c-paragraph \">W kuluarach m\u00f3wi si\u0119 tak\u017ce, \u017ce po 27 latach pracy w Watykanie do Polski zamierza wr\u00f3ci\u0107 papieski ceremoniarz i jeden ze wsp\u00f3\u0142pracownik\u00f3w papie\u017ca Franciszka kardyna\u0142 Konrad Krajewski. <\/p>\n<p class=\"ods-c-paragraph \">Krajewski konsekwentnie i cierpliwie pi\u0105\u0142 si\u0119 po szczeblach watyka\u0144skiej hierarchii. Od 2022 r. by\u0142 prefektem Dykasterii ds. Pos\u0142ugi Mi\u0142osierdzia w Watykanie. Na osobiste polecenie Franciszka wielokrotnie dociera\u0142 z konwojem humanitarnym w r\u00f3\u017cne miejsca \u015bwiata. Media coraz cz\u0119\u015bciej pisa\u0142y w ostatnich miesi\u0105cach, \u017ce kard. Krajewski ch\u0119tnie wr\u00f3ci\u0142by ju\u017c do Polski. Niedawna zmiana papie\u017ca mo\u017ce by\u0107 do tego dobr\u0105 okazj\u0105.<\/p>\n<p class=\"ods-c-paragraph \">W\u015br\u00f3d kandydat\u00f3w pojawia si\u0119 tak\u017ce drugi polski kardyna\u0142 \u2014 Grzegorz Ry\u015b. O jego mo\u017cliwej b\u0142yskawicznej karierze w Krakowie m\u00f3wi\u0142o si\u0119 ju\u017c w 2016 r., gdy tron metropolity zwalnia\u0142 Stanis\u0142aw Dziwisz. Osobisty sekretarz Jana Paw\u0142a II mia\u0142 nawet widzie\u0107 go w roli swojego nast\u0119pcy. Tak si\u0119 nie sta\u0142o, a dwa miesi\u0105ce p\u00f3\u017aniej do Krakowa z \u0141odzi przyjecha\u0142 Marek J\u0119draszewski.<\/p>\n<p class=\"ods-c-paragraph \">Papie\u017c Franciszek uwzgl\u0119dni\u0142 m\u0142odego biskupa Rysia i powierzy\u0142 mu stanowisko nowego metropolity \u0142\u00f3dzkiego. W prywatnych rozmowach kard. Ry\u015b sam nie raz zaprzecza\u0142, by zamierza\u0142 opuszcza\u0107 obecn\u0105 diecezj\u0119.<\/p>\n<p class=\"ods-c-paragraph \">Chcesz porozmawia\u0107 z autorem? Napisz: <a rel=\"nofollow noopener\" href=\"https:\/\/wiadomosci.onet.pl\/kraj\/krakow-znowu-huczy-o-odejsciu-arcybiskupa-jedraszewskiego-kto-moze-go-zastapic\/mailto:szymon.piegza@redakcjaonet.pl\" id=\"ab3240d3-08e0-4d50-b7fa-75737ea3d71d\" target=\"_blank\">szymon.piegza@redakcjaonet.pl<\/a><\/p>\n<p class=\"ods-c-paragraph \">Czytaj inne artyku\u0142y tego autora <a href=\"https:\/\/wiadomosci.onet.pl\/autorzy\/szymon-piegza\" id=\"83f7f348-41a8-4043-b1bf-a57bfdc2b1ee\" rel=\"nofollow noopener\" target=\"_blank\">tutaj.<\/a><\/p>\n","protected":false},"excerpt":{"rendered":"Niemal ca\u0142a archidiecezja krakowska znowu \u017cyje plotkami o rych\u0142ym odej\u015bciu arcybiskupa Marka J\u0119draszewskiego. Przypomnjmy, \u017ce J\u0119draszewski ju\u017c od&hellip;\n","protected":false},"author":2,"featured_media":61960,"comment_status":"","ping_status":"","sticky":false,"template":"","format":"standard","meta":{"footnotes":""},"categories":[12],"tags":[16008,32,33,36,37,16004,27,16005,702,49,1304,34,35,16003,28,31,48,25,46,4887,42,38,40,39,41,47,16007,16006,29,30,26],"class_list":{"0":"post-61959","1":"post","2":"type-post","3":"status-publish","4":"format-standard","5":"has-post-thumbnail","7":"category-polska","8":"tag-archidiecezja_krakowska","9":"tag-breaking-news","10":"tag-breakingnews","11":"tag-featured-news","12":"tag-featurednews","13":"tag-grzegorz_rys_duchowny","14":"tag-headlines","15":"tag-konrad_krajewski","16":"tag-kosciol_katolicki","17":"tag-kraj","18":"tag-krakow","19":"tag-latest-news","20":"tag-latestnews","21":"tag-marek_jedraszewski","22":"tag-naglowki","23":"tag-najwazniejsze-artykuly","24":"tag-nat_styl","25":"tag-news","26":"tag-omp","27":"tag-perso_tst1","28":"tag-pl","29":"tag-poland","30":"tag-polish","31":"tag-polska","32":"tag-polski","33":"tag-screening_general","34":"tag-slawomir_oder","35":"tag-stanislaw_dziwisz","36":"tag-top-stories","37":"tag-topstories","38":"tag-wiadomosci"},"share_on_mastodon":{"url":"","error":""},"_links":{"self":[{"href":"https:\/\/www.europesays.com\/pl\/wp-json\/wp\/v2\/posts\/61959","targetHints":{"allow":["GET"]}}],"collection":[{"href":"https:\/\/www.europesays.com\/pl\/wp-json\/wp\/v2\/posts"}],"about":[{"href":"https:\/\/www.europesays.com\/pl\/wp-json\/wp\/v2\/types\/post"}],"author":[{"embeddable":true,"href":"https:\/\/www.europesays.com\/pl\/wp-json\/wp\/v2\/users\/2"}],"replies":[{"embeddable":true,"href":"https:\/\/www.europesays.com\/pl\/wp-json\/wp\/v2\/comments?post=61959"}],"version-history":[{"count":0,"href":"https:\/\/www.europesays.com\/pl\/wp-json\/wp\/v2\/posts\/61959\/revisions"}],"wp:featuredmedia":[{"embeddable":true,"href":"https:\/\/www.europesays.com\/pl\/wp-json\/wp\/v2\/media\/61960"}],"wp:attachment":[{"href":"https:\/\/www.europesays.com\/pl\/wp-json\/wp\/v2\/media?parent=61959"}],"wp:term":[{"taxonomy":"category","embeddable":true,"href":"https:\/\/www.europesays.com\/pl\/wp-json\/wp\/v2\/categories?post=61959"},{"taxonomy":"post_tag","embeddable":true,"href":"https:\/\/www.europesays.com\/pl\/wp-json\/wp\/v2\/tags?post=61959"}],"curies":[{"name":"wp","href":"https:\/\/api.w.org\/{rel}","templated":true}]}}