{"id":619928,"date":"2026-08-13T18:07:10","date_gmt":"2026-08-13T18:07:10","guid":{"rendered":"https:\/\/www.europesays.com\/pl\/619928\/"},"modified":"2026-08-13T18:07:10","modified_gmt":"2026-08-13T18:07:10","slug":"mecz-lecha-poznan-z-ki-klaksvik-zostal-przesuniety","status":"publish","type":"post","link":"https:\/\/www.europesays.com\/pl\/619928\/","title":{"rendered":"Mecz Lecha Pozna\u0144 z KI Klaksvik zosta\u0142 przesuni\u0119ty"},"content":{"rendered":"<p>    To decyzja UEFA.<\/p>\n<p>Jak ju\u017c informowali\u015bmy na epoznan.pl, <a href=\"https:\/\/epoznan.pl\/news-news-178854-pilkarze_lecha_poznan_maja_problemy_z_dotarciem_na_dzisiejszy_mecz_wyladowali_w_norwegii\" target=\"_blank\" rel=\"nofollow noopener\">TU<\/a> samolot z pi\u0142karzami Lecha nie m\u00f3g\u0142 wyl\u0105dowa\u0107 na Wyspach Owczych z powodu bardzo z\u0142ych warunk\u00f3w atmosferycznych. Ostatecznie samolot wyl\u0105dowa\u0142 w Norwegii. <\/p>\n<p>&#8211; Decyzj\u0105 UEFA mecz pomi\u0119dzy KI Klaksvik a Lechem Pozna\u0144 zosta\u0142 przeniesiony na jutro (14 sierpnia) na 20:00 czasu polskiego (19:00 czasu lokalnego) &#8211; poinformowa\u0142 Lech Pozna\u0144. <\/p>\n<p><\/p>\n<p style=\"margin-bottom: 6px;\">Autor: <a href=\"https:\/\/epoznan.pl\/newsListAuthor-Paula Zych\" rel=\"nofollow noopener\" target=\"_blank\">Paula Zych<\/a><\/p>\n<p>Dodano: 13 sierpnia 2026 r. godz. 19:28<\/p>\n","protected":false},"excerpt":{"rendered":"To decyzja UEFA. Jak ju\u017c informowali\u015bmy na epoznan.pl, TU samolot z pi\u0142karzami Lecha nie m\u00f3g\u0142 wyl\u0105dowa\u0107 na Wyspach&hellip;\n","protected":false},"author":2,"featured_media":619929,"comment_status":"","ping_status":"","sticky":false,"template":"","format":"standard","meta":{"footnotes":"","_share_on_mastodon":"0"},"categories":[51609],"tags":[215,3749,42,38,40,39,41,1817,65553,3098],"class_list":["post-619928","post","type-post","status-publish","format-standard","has-post-thumbnail","category-poznan","tag-lech-poznan","tag-mecz","tag-pl","tag-poland","tag-polish","tag-polska","tag-polski","tag-poznan","tag-przesuniecie","tag-uefa"],"share_on_mastodon":{"url":"https:\/\/pubeurope.com\/@pl\/117089537052917420","error":""},"_links":{"self":[{"href":"https:\/\/www.europesays.com\/pl\/wp-json\/wp\/v2\/posts\/619928","targetHints":{"allow":["GET"]}}],"collection":[{"href":"https:\/\/www.europesays.com\/pl\/wp-json\/wp\/v2\/posts"}],"about":[{"href":"https:\/\/www.europesays.com\/pl\/wp-json\/wp\/v2\/types\/post"}],"author":[{"embeddable":true,"href":"https:\/\/www.europesays.com\/pl\/wp-json\/wp\/v2\/users\/2"}],"replies":[{"embeddable":true,"href":"https:\/\/www.europesays.com\/pl\/wp-json\/wp\/v2\/comments?post=619928"}],"version-history":[{"count":0,"href":"https:\/\/www.europesays.com\/pl\/wp-json\/wp\/v2\/posts\/619928\/revisions"}],"wp:featuredmedia":[{"embeddable":true,"href":"https:\/\/www.europesays.com\/pl\/wp-json\/wp\/v2\/media\/619929"}],"wp:attachment":[{"href":"https:\/\/www.europesays.com\/pl\/wp-json\/wp\/v2\/media?parent=619928"}],"wp:term":[{"taxonomy":"category","embeddable":true,"href":"https:\/\/www.europesays.com\/pl\/wp-json\/wp\/v2\/categories?post=619928"},{"taxonomy":"post_tag","embeddable":true,"href":"https:\/\/www.europesays.com\/pl\/wp-json\/wp\/v2\/tags?post=619928"}],"curies":[{"name":"wp","href":"https:\/\/api.w.org\/{rel}","templated":true}]}}