{"id":620330,"date":"2026-08-13T22:05:26","date_gmt":"2026-08-13T22:05:26","guid":{"rendered":"https:\/\/www.europesays.com\/pl\/620330\/"},"modified":"2026-08-13T22:05:26","modified_gmt":"2026-08-13T22:05:26","slug":"patrzyli-na-zacmienie-slonca-bez-okularow-teraz-masowo-skarza-sie-na-bol-oczu-2","status":"publish","type":"post","link":"https:\/\/www.europesays.com\/pl\/620330\/","title":{"rendered":"Patrzyli na za\u0107mienie S\u0142o\u0144ca bez okular\u00f3w. Teraz masowo skar\u017c\u0105 si\u0119 na b\u00f3l oczu"},"content":{"rendered":"<p>Cho\u0107 eksperci bez przerwy apelowali, by pod \u017cadnym pozorem nie patrze\u0107 na tarcz\u0119 s\u0142oneczn\u0105 bez specjalnej ochrony, wielu obserwator\u00f3w zbagatelizowa\u0142o te ostrze\u017cenia. Brytyjskie media spo\u0142eczno\u015bciowe, a w szczeg\u00f3lno\u015bci TikTok i X, zala\u0142a fala nagra\u0144 oraz wpis\u00f3w zaniepokojonych ludzi. Wielu z nich przyznaje, \u017ce uleg\u0142o pokusie cho\u0107by &#8222;kr\u00f3tkiego zerkni\u0119cia&#8221;.<\/p>\n<p>&#8222;Spojrza\u0142em dos\u0142ownie na sekund\u0119 i teraz bol\u0105 mnie oczy&#8221;<\/p>\n<p>&#8222;Gapi\u0142em si\u0119 w S\u0142o\u0144ce. Oczy mi p\u0119kaj\u0105 z b\u00f3lu. To uczucie, jakiego nigdy wcze\u015bniej nie do\u015bwiadczy\u0142em. Chyba o\u015blepn\u0119&#8221; \u2014 relacjonuje na TikToku jeden z przera\u017conych u\u017cytkownik\u00f3w, kt\u00f3rego cytuje serwis Daily Mail.<\/p>\n<p>Inna internautka na platformie X wyzna\u0142a: &#8222;Patrzy\u0142am na za\u0107mienie przez jakie\u015b 5 sekund i teraz widz\u0119 plamy. Mo\u017ce ludzie wcale nie przesadzali, m\u00f3wi\u0105c o uszkodzeniu oczu&#8221;. &#8222;Spojrza\u0142em dos\u0142ownie na sekund\u0119 i teraz bol\u0105 mnie oczy&#8221; \u2014 napisa\u0142a kolejna osoba.<\/p>\n<p>W \u015brodowy wiecz\u00f3r liczba wyszukiwa\u0144 has\u0142a &#8222;bol\u0105 mnie oczy&#8221; [ang. eyes hurt] w Google by\u0142a o 5000 proc. wy\u017csza ni\u017c rok wcze\u015bniej. Z kolei fraza &#8222;uszkodzenie wzroku&#8221; [eye damage] zaliczy\u0142a wzrost o 700 proc.<\/p>\n<p>Tajemnice Wszech\u015bwiata. Wybitny naukowiec wskazuje: jedynym pewnikiem s\u0105 prawa fizyki<img class=\"ods-a-photo ods-a-photo--background\" src=\"https:\/\/www.europesays.com\/pl\/wp-content\/uploads\/2026\/08\/CtXk9lCaHR0cHM6Ly9vY2RuLmV1L3B1bHNjbXMvTURBXy9hYjdhMjI0NTVlMWQ2Nzg3MTUxNTJjNTdkNDg2Y2YwZS5qcGVnkZUCz.jpeg\" height=\"253\" width=\"450\" alt=\"Radioteleskop pod rozgwie\u017cd\u017conym niebem Drogi Mlecznej w obserwatorium Nanshan niedaleko Urumczi, w chi\u0144skim Regionie Autonomicznym Sinciang. W k\u00f3\u0142ku Krzysztof A. Meissner\" loading=\"lazy\" fetchpriority=\"low\" decoding=\"async\"\/>Lekarze ostrzegaj\u0105<\/p>\n<p>&#8222;Patrzenie bezpo\u015brednio na S\u0142o\u0144ce podczas za\u0107mienia mo\u017ce wywo\u0142a\u0107 uszkodzenie siatk\u00f3wki, a w szczeg\u00f3lno\u015bci plamki \u017c\u00f3\u0142tej, kt\u00f3ra odpowiada za ostre, centralne widzenie. Dzieje si\u0119 tak, poniewa\u017c uk\u0142ad optyczny oka skupia promieniowanie s\u0142oneczne na bardzo ma\u0142ym obszarze siatk\u00f3wki, wywo\u0142uj\u0105c reakcj\u0119 fotochemiczn\u0105, a przy d\u0142u\u017cszej ekspozycji \u2014 uszkodzenie termiczne kom\u00f3rek siatk\u00f3wki&#8221; \u2014 wyja\u015bnia w rozmowie z Daily Mail prezes Royal College of Ophthalmologists Mohamed Elalfy.<\/p>\n<p>Z kolei chirurg okulista Mfazo Hove zaznacza, \u017ce objawy cz\u0119sto pojawiaj\u0105 si\u0119 nawet po kilku godzinach od ekspozycji. Tu wymienia: nieostre lub pogorszone widzenie centralne, ciemn\u0105 plam\u0119 w centrum pola widzenia, zniekszta\u0142cenia obrazu, zaburzenia rozpoznawania barw oraz nadwra\u017cliwo\u015b\u0107 na \u015bwiat\u0142o. Ekspert dodaje r\u00f3wnie\u017c, \u017ce je\u015bli dosz\u0142o do powstawania tzw. retinopatii s\u0142onecznej, skutki mog\u0105 zosta\u0107 na ca\u0142e \u017cycie.<\/p>\n","protected":false},"excerpt":{"rendered":"Cho\u0107 eksperci bez przerwy apelowali, by pod \u017cadnym pozorem nie patrze\u0107 na tarcz\u0119 s\u0142oneczn\u0105 bez specjalnej ochrony, wielu&hellip;\n","protected":false},"author":2,"featured_media":620331,"comment_status":"","ping_status":"","sticky":false,"template":"","format":"standard","meta":{"footnotes":"","_share_on_mastodon":"0"},"categories":[20],"tags":[61195,48,120,118,119,46,55,42,38,40,39,41,116,114,115,47,1984,121,117,26,4904,11113,253],"class_list":["post-620330","post","type-post","status-publish","format-standard","has-post-thumbnail","category-nauka-i-technika","tag-bottomfeed_styl","tag-nat_styl","tag-nauka","tag-nauka-i-technika","tag-naukatechnika","tag-omp","tag-phx","tag-pl","tag-poland","tag-polish","tag-polska","tag-polski","tag-science","tag-science-and-technology","tag-sciencetechnology","tag-screening_general","tag-slonce","tag-technika","tag-technology","tag-wiadomosci","tag-wszechswiat_astronomia_loty_w_kosmos","tag-wzrok","tag-zdrowie"],"share_on_mastodon":{"url":"https:\/\/pubeurope.com\/@pl\/117090472977363395","error":""},"_links":{"self":[{"href":"https:\/\/www.europesays.com\/pl\/wp-json\/wp\/v2\/posts\/620330","targetHints":{"allow":["GET"]}}],"collection":[{"href":"https:\/\/www.europesays.com\/pl\/wp-json\/wp\/v2\/posts"}],"about":[{"href":"https:\/\/www.europesays.com\/pl\/wp-json\/wp\/v2\/types\/post"}],"author":[{"embeddable":true,"href":"https:\/\/www.europesays.com\/pl\/wp-json\/wp\/v2\/users\/2"}],"replies":[{"embeddable":true,"href":"https:\/\/www.europesays.com\/pl\/wp-json\/wp\/v2\/comments?post=620330"}],"version-history":[{"count":0,"href":"https:\/\/www.europesays.com\/pl\/wp-json\/wp\/v2\/posts\/620330\/revisions"}],"wp:featuredmedia":[{"embeddable":true,"href":"https:\/\/www.europesays.com\/pl\/wp-json\/wp\/v2\/media\/620331"}],"wp:attachment":[{"href":"https:\/\/www.europesays.com\/pl\/wp-json\/wp\/v2\/media?parent=620330"}],"wp:term":[{"taxonomy":"category","embeddable":true,"href":"https:\/\/www.europesays.com\/pl\/wp-json\/wp\/v2\/categories?post=620330"},{"taxonomy":"post_tag","embeddable":true,"href":"https:\/\/www.europesays.com\/pl\/wp-json\/wp\/v2\/tags?post=620330"}],"curies":[{"name":"wp","href":"https:\/\/api.w.org\/{rel}","templated":true}]}}