{"id":620580,"date":"2026-08-14T00:44:13","date_gmt":"2026-08-14T00:44:13","guid":{"rendered":"https:\/\/www.europesays.com\/pl\/620580\/"},"modified":"2026-08-14T00:44:13","modified_gmt":"2026-08-14T00:44:13","slug":"akt-oskarzenia-w-sprawie-15-miliarda-zlotych-szkody-w-orlenie-kresy","status":"publish","type":"post","link":"https:\/\/www.europesays.com\/pl\/620580\/","title":{"rendered":"Akt oskar\u017cenia w sprawie 1,5 miliarda z\u0142otych szkody w Orlenie \u00bb Kresy"},"content":{"rendered":"<p>Prokuratura skierowa\u0142a do s\u0105du akt oskar\u017cenia przeciwko trzem by\u0142ym mened\u017cerom Orlenu i Orlen Trading Switzerland. Wed\u0142ug \u015bledczych przy zawieraniu trzech kontrakt\u00f3w na zakup ropy w 2023 roku mieli doprowadzi\u0107 sp\u00f3\u0142ki do szkody w wysoko\u015bci 378 mln dolar\u00f3w, czyli oko\u0142o 1,5 mld z\u0142.<\/p>\n<p data-start=\"420\" data-end=\"751\">Prokuratura Regionalna w Warszawie 7 sierpnia skierowa\u0142a do S\u0105du Okr\u0119gowego w Warszawie akt oskar\u017cenia przeciwko trzem by\u0142ym mened\u017cerom Orlenu w sprawie niekorzystnych kontrakt\u00f3w na zakup ropy naftowej. Wed\u0142ug \u015bledczych szkoda wyrz\u0105dzona Orlen S.A. i Orlen Trading Switzerland GmbH wynios\u0142a 378 mln dolar\u00f3w, czyli oko\u0142o 1,5 mld z\u0142.<\/p>\n<p data-start=\"420\" data-end=\"751\">Zobacz te\u017c: <a href=\"https:\/\/kresy.pl\/wydarzenia\/ukrainski-gigant-wchodzi-szerzej-do-polski-pomoze-mu-orlen\/\" rel=\"nofollow noopener\" target=\"_blank\">Ukrai\u0144ski gigant wchodzi szerzej do Polski. Pomo\u017ce mu Orlen<\/a><\/p>\n<p data-start=\"753\" data-end=\"922\">Oskar\u017ceni to Micha\u0142 R., by\u0142y cz\u0142onek zarz\u0105du Orlen S.A., Marcin O., by\u0142y cz\u0142onek zarz\u0105du Orlen Trading Switzerland, oraz Filip W., by\u0142y dyrektor wykonawczy Orlenu i OTS.<\/p>\n<p data-start=\"924\" data-end=\"1208\">\u015aledztwo wszcz\u0119te w 2024 roku zosta\u0142o w ca\u0142o\u015bci powierzone Agencji Bezpiecze\u0144stwa Wewn\u0119trznego. Funkcjonariusze prowadzili przeszukania, przes\u0142uchiwali \u015bwiadk\u00f3w, analizowali dokumentacj\u0119 i zatrzymali podejrzanych. Zabezpieczono r\u00f3wnie\u017c ich maj\u0105tek na poczet przysz\u0142ych kar i roszcze\u0144.<\/p>\n<p data-start=\"1210\" data-end=\"1401\">Wed\u0142ug ustale\u0144 post\u0119powania oskar\u017ceni mieli dzia\u0142a\u0107 wsp\u00f3lnie i w porozumieniu, nie dope\u0142niaj\u0105c obowi\u0105zk\u00f3w zwi\u0105zanych z nadzorowaniem i ochron\u0105 maj\u0105tku Orlenu oraz interes\u00f3w grupy kapita\u0142owej.<\/p>\n<p data-start=\"1403\" data-end=\"1592\">W konsekwencji od sierpnia do grudnia 2023 roku mia\u0142o doj\u015b\u0107 do zawarcia trzech niekorzystnych um\u00f3w na zakup ropy naftowej. \u015aledczy wyliczyli powsta\u0142\u0105 w ten spos\u00f3b szkod\u0119 na 378 mln dolar\u00f3w.<\/p>\n<p data-start=\"1594\" data-end=\"1666\">Za zarzucane czyny oskar\u017conym grozi kara do 25 lat pozbawienia wolno\u015bci.<\/p>\n<p>\t\t\t<a href=\"https:\/\/kresy.pl\/przekaz-darowizne\/\" rel=\"nofollow noopener\" target=\"_blank\"><img decoding=\"async\" src=\"https:\/\/www.europesays.com\/pl\/wp-content\/uploads\/2026\/08\/1786668252_854_oxfordBanner.png\" alt=\"Jeste\u015bmy najbardziej rzetelnymi mediami w Polsce\"\/><\/a><\/p>\n<p>\t\t\t<a href=\"https:\/\/kresy.pl\/przekaz-darowizne\/\" rel=\"nofollow noopener\" target=\"_blank\"><img decoding=\"async\" src=\"https:\/\/www.europesays.com\/pl\/wp-content\/uploads\/2026\/08\/1786668253_463_oxfordBanner-mobile.png\" alt=\"Jeste\u015bmy najbardziej rzetelnymi mediami w Polsce\"\/><\/a><\/p>\n<p data-start=\"1668\" data-end=\"1850\">Akt oskar\u017cenia nie ko\u0144czy post\u0119powania. ABW nadal prowadzi spraw\u0119 dotycz\u0105c\u0105 Samera A., by\u0142ego prezesa Orlen Trading Switzerland. Jego w\u0105tek od pocz\u0105tku mia\u0142 charakter mi\u0119dzynarodowy.<\/p>\n<p data-start=\"1852\" data-end=\"2038\">Samer A. by\u0142 poszukiwany poza granicami Polski, a w styczniu 2025 roku zosta\u0142 zatrzymany w Zjednoczonych Emiratach Arabskich. Obecnie prowadzona jest wobec niego procedura ekstradycyjna.<\/p>\n<p data-start=\"2040\" data-end=\"2238\" data-is-last-node=\"\" data-is-only-node=\"\">ABW podkre\u015bla, \u017ce skierowanie aktu oskar\u017cenia jest efektem wielomiesi\u0119cznej analizy materia\u0142u dowodowego dotycz\u0105cego decyzji podejmowanych na najwy\u017cszych szczeblach sp\u00f3\u0142ek nale\u017c\u0105cych do grupy Orlen.<\/p>\n<p data-start=\"2040\" data-end=\"2238\" data-is-last-node=\"\" data-is-only-node=\"\">Kresy.pl\/<a href=\"https:\/\/www.abw.gov.pl\/pl\/aktualnosci\/2837,15-miliarda-zlotych-szkody-Akt-oskarzenia-po-sledztwie-prowadzonym-przez-ABW.html\" rel=\"nofollow noopener\" target=\"_blank\">ABW<\/a><\/p>\n","protected":false},"excerpt":{"rendered":"Prokuratura skierowa\u0142a do s\u0105du akt oskar\u017cenia przeciwko trzem by\u0142ym mened\u017cerom Orlenu i Orlen Trading Switzerland. Wed\u0142ug \u015bledczych przy&hellip;\n","protected":false},"author":2,"featured_media":620581,"comment_status":"","ping_status":"","sticky":false,"template":"","format":"standard","meta":{"footnotes":"","_share_on_mastodon":"0"},"categories":[52097],"tags":[145,16213,774,42,38,40,39,41],"class_list":["post-620580","post","type-post","status-publish","format-standard","has-post-thumbnail","category-orlen","tag-abw","tag-agencja-bezpieczenstwa-wewnetrznego","tag-orlen","tag-pl","tag-poland","tag-polish","tag-polska","tag-polski"],"share_on_mastodon":{"url":"https:\/\/pubeurope.com\/@pl\/117091099017873240","error":""},"_links":{"self":[{"href":"https:\/\/www.europesays.com\/pl\/wp-json\/wp\/v2\/posts\/620580","targetHints":{"allow":["GET"]}}],"collection":[{"href":"https:\/\/www.europesays.com\/pl\/wp-json\/wp\/v2\/posts"}],"about":[{"href":"https:\/\/www.europesays.com\/pl\/wp-json\/wp\/v2\/types\/post"}],"author":[{"embeddable":true,"href":"https:\/\/www.europesays.com\/pl\/wp-json\/wp\/v2\/users\/2"}],"replies":[{"embeddable":true,"href":"https:\/\/www.europesays.com\/pl\/wp-json\/wp\/v2\/comments?post=620580"}],"version-history":[{"count":0,"href":"https:\/\/www.europesays.com\/pl\/wp-json\/wp\/v2\/posts\/620580\/revisions"}],"wp:featuredmedia":[{"embeddable":true,"href":"https:\/\/www.europesays.com\/pl\/wp-json\/wp\/v2\/media\/620581"}],"wp:attachment":[{"href":"https:\/\/www.europesays.com\/pl\/wp-json\/wp\/v2\/media?parent=620580"}],"wp:term":[{"taxonomy":"category","embeddable":true,"href":"https:\/\/www.europesays.com\/pl\/wp-json\/wp\/v2\/categories?post=620580"},{"taxonomy":"post_tag","embeddable":true,"href":"https:\/\/www.europesays.com\/pl\/wp-json\/wp\/v2\/tags?post=620580"}],"curies":[{"name":"wp","href":"https:\/\/api.w.org\/{rel}","templated":true}]}}