{"id":620802,"date":"2026-08-14T03:20:26","date_gmt":"2026-08-14T03:20:26","guid":{"rendered":"https:\/\/www.europesays.com\/pl\/620802\/"},"modified":"2026-08-14T03:20:26","modified_gmt":"2026-08-14T03:20:26","slug":"proba-zamachu-w-warszawie-tusk-zatrzymalismy-obywatela-rosji","status":"publish","type":"post","link":"https:\/\/www.europesays.com\/pl\/620802\/","title":{"rendered":"Pr\u00f3ba zamachu w Warszawie. Tusk: \u201eZatrzymali\u015bmy obywatela Rosji&#8221;"},"content":{"rendered":"<p><a name=\"eztoc42554045_0_3\" id=\"eztoc42554045_0_3\"\/>Obywatel Rosji planowa\u0142 wykonanie egzekucji w Warszawie<\/p>\n<p>Szef rz\u0105du przekaza\u0142 podczas konferencji prasowej, \u017ce zatrzymany obywatel Rosji by\u0142 zwerbowany przez rosyjskie s\u0142u\u017cby i mia\u0142 za zadanie \u201ewykonanie egzekucji, w\u0142a\u015bnie tu w Warszawie, na obywatelu ameryka\u0144skim i ukrai\u0144skim r\u00f3wnocze\u015bnie\u201d.\u00a0Podkre\u015bli\u0142, \u017ce obywatel, kt\u00f3ry mia\u0142 by\u0107 celem zamachu, by\u0142 niewygodny dla re\u017cimu Putina. \u2013 W ostatniej chwili, dzi\u0119ki akcji ABW i policji, uda\u0142o si\u0119 tej egzekucji, temu zamachowi, zapobiec \u2013 powiedzia\u0142 Donald Tusk.<\/p>\n<p>G\u0142os w sprawie zabra\u0142 r\u00f3wnie\u017c\u00a0koordynator s\u0142u\u017cb specjalnych Tomasz Siemoniak. \u201e7 sierpnia br. ABW we wsp\u00f3\u0142pracy z policj\u0105 zatrzyma\u0142a obywatela Rosji, kt\u00f3ry na zlecenie obcej s\u0142u\u017cby przygotowywa\u0142 zab\u00f3jstwo obywatela USA ukrai\u0144skiego pochodzenia. Do zab\u00f3jstwa mia\u0142o doj\u015b\u0107 w Warszawie. Operacja by\u0142a realizowana we wsp\u00f3\u0142pracy ze s\u0142u\u017cbami USA&#8221; \u2013 napisa\u0142 na platformie X.\u00a0<\/p>\n<p>Premier doda\u0142, \u017ce jest to \u201epierwsza taka sytuacja, \u017ce kto\u015b na zlecenie rosyjskie decyduje si\u0119 na zamach wobec obywatela ameryka\u0144skiego na terenie innego kraju NATO\u201d. Tusk podzi\u0119kowa\u0142 tak\u017ce s\u0142u\u017cbom ameryka\u0144skim za wsp\u00f3\u0142prac\u0119. \u2013\u00a0Niestety musimy przyj\u0105\u0107 za\u0142o\u017cenie, \u017ce\u00a0re\u017cim Putina b\u0119dzie stara\u0142 si\u0119 likwidowa\u0107 ludzi niewygodnych z r\u00f3\u017cnych powod\u00f3w, w r\u00f3\u017cnych miejscach na \u015bwiecie i dlatego nasze dzia\u0142ania b\u0119d\u0105 niezwykle intensywne w tej sprawie, tak aby zapobiec ewentualnym kolejnym pr\u00f3bom wymierzonym w obywateli Polski czy innych kraj\u00f3w na terenie naszego kraju \u2013 oznajmi\u0142.\u00a0<\/p>\n<p>\u0179r\u00f3d\u0142o: Radio ZET\/PAP<\/p>\n<p>By\u0142e\u015b \u015bwiadkiem czego\u015b niespodziewanego? Masz temat, kt\u00f3rym powinni\u015bmy si\u0119 zaj\u0105\u0107?<\/p>\n<p>Zg\u0142o\u015b spraw\u0119 przez <a href=\"https:\/\/wiadomosci.radiozet.pl\/czerwony-telefon\" target=\"_blank\" title=\"Czerwony telefon Radia Zet\" rel=\"nofollow noopener\">Czerwony telefon Radia ZET<\/a><\/p>\n","protected":false},"excerpt":{"rendered":"Obywatel Rosji planowa\u0142 wykonanie egzekucji w Warszawie Szef rz\u0105du przekaza\u0142 podczas konferencji prasowej, \u017ce zatrzymany obywatel Rosji by\u0142&hellip;\n","protected":false},"author":2,"featured_media":620803,"comment_status":"","ping_status":"","sticky":false,"template":"","format":"standard","meta":{"footnotes":"","_share_on_mastodon":"0"},"categories":[12],"tags":[145,32,33,36,37,27,34,35,28,31,25,42,38,414,40,39,41,29,30,26,1152],"class_list":["post-620802","post","type-post","status-publish","format-standard","has-post-thumbnail","category-polska","tag-abw","tag-breaking-news","tag-breakingnews","tag-featured-news","tag-featurednews","tag-headlines","tag-latest-news","tag-latestnews","tag-naglowki","tag-najwazniejsze-artykuly","tag-news","tag-pl","tag-poland","tag-policja","tag-polish","tag-polska","tag-polski","tag-top-stories","tag-topstories","tag-wiadomosci","tag-zamach"],"share_on_mastodon":{"url":"","error":""},"_links":{"self":[{"href":"https:\/\/www.europesays.com\/pl\/wp-json\/wp\/v2\/posts\/620802","targetHints":{"allow":["GET"]}}],"collection":[{"href":"https:\/\/www.europesays.com\/pl\/wp-json\/wp\/v2\/posts"}],"about":[{"href":"https:\/\/www.europesays.com\/pl\/wp-json\/wp\/v2\/types\/post"}],"author":[{"embeddable":true,"href":"https:\/\/www.europesays.com\/pl\/wp-json\/wp\/v2\/users\/2"}],"replies":[{"embeddable":true,"href":"https:\/\/www.europesays.com\/pl\/wp-json\/wp\/v2\/comments?post=620802"}],"version-history":[{"count":0,"href":"https:\/\/www.europesays.com\/pl\/wp-json\/wp\/v2\/posts\/620802\/revisions"}],"wp:featuredmedia":[{"embeddable":true,"href":"https:\/\/www.europesays.com\/pl\/wp-json\/wp\/v2\/media\/620803"}],"wp:attachment":[{"href":"https:\/\/www.europesays.com\/pl\/wp-json\/wp\/v2\/media?parent=620802"}],"wp:term":[{"taxonomy":"category","embeddable":true,"href":"https:\/\/www.europesays.com\/pl\/wp-json\/wp\/v2\/categories?post=620802"},{"taxonomy":"post_tag","embeddable":true,"href":"https:\/\/www.europesays.com\/pl\/wp-json\/wp\/v2\/tags?post=620802"}],"curies":[{"name":"wp","href":"https:\/\/api.w.org\/{rel}","templated":true}]}}