{"id":620998,"date":"2026-08-14T05:33:08","date_gmt":"2026-08-14T05:33:08","guid":{"rendered":"https:\/\/www.europesays.com\/pl\/620998\/"},"modified":"2026-08-14T05:33:08","modified_gmt":"2026-08-14T05:33:08","slug":"gdy-liczy-sie-kazda-sekunda-orlen-docenil-zespoly-czlowiek-i-pies-przyznano-46-grantow-na-kwote-650-tys-zl","status":"publish","type":"post","link":"https:\/\/www.europesays.com\/pl\/620998\/","title":{"rendered":"Gdy liczy si\u0119 ka\u017cda sekunda. Orlen doceni\u0142 zespo\u0142y &#8211; cz\u0142owiek i pies. Przyznano 46 grant\u00f3w na kwot\u0119 650 tys. z\u0142"},"content":{"rendered":"<p style=\"text-align: justify;\">Poznali\u015bmy wyniki programu \u201eORLEN dla ps\u00f3w ratowniczych\u201d. 46 grant\u00f3w, ponad 650 tys. z\u0142 wsparcia i a\u017c 131 zespo\u0142\u00f3w ratowniczych, kt\u00f3re dzi\u0119ki temu b\u0119d\u0105 mog\u0142y jeszcze skuteczniej nie\u015b\u0107 pomoc osobom zaginionym i poszkodowanym.<\/p>\n<p style=\"text-align: justify;\">W tegorocznej edycji Fundacja ORLEN przyzna\u0142a:<\/p>\n<p style=\"text-align: justify;\">\u2013 37 grant\u00f3w dla jednostek Ochotniczej Stra\u017cy Po\u017carnej, na \u0142\u0105czn\u0105 kwot\u0119 505 796,74 z\u0142;<br \/>\u2013 8 grant\u00f3w dla organizacji pozarz\u0105dowych, na \u0142\u0105czn\u0105 kwot\u0119 55 000 z\u0142;<br \/>\u2013 1 grant dla podmiotu uprawnionego do wykonywania ratownictwa g\u00f3rskiego, na kwot\u0119 90 000 z\u0142.<\/p>\n<p style=\"text-align: justify;\">Celem programu \u201eORLEN dla Ps\u00f3w Ratowniczych\u201d jest zwi\u0119kszanie bezpiecze\u0144stwa poprzez wsparcie stra\u017cak\u00f3w oraz organizacji pozarz\u0105dowych, kt\u00f3rych dzia\u0142alno\u015b\u0107 ma realny wp\u0142yw na ratowanie zdrowia i \u017cycia ludzi. Program pomaga utrzyma\u0107 gotowo\u015b\u0107 operacyjn\u0105 zespo\u0142\u00f3w ratowniczych, a tak\u017ce wspiera rozw\u00f3j i dobrostan ps\u00f3w ratowniczych.<\/p>\n<p style=\"text-align: justify;\">Dzi\u0119ki dofinansowaniu mo\u017cliwe b\u0119dzie m.in. finansowanie karmy i suplement\u00f3w dla ps\u00f3w ratowniczych, opieki weterynaryjnej, profilaktyki zdrowotnej oraz zakupu specjalistycznego wyposa\u017cenia.<\/p>\n<p style=\"text-align: justify;\">Orlen serdecznie dzi\u0119kuje wszystkim organizacjom za udzia\u0142 w programie, a laureatom serdecznie gratuluje! \u2013 \u017byczymy bezpiecznych akcji, skutecznych poszukiwa\u0144 i zawsze szcz\u0119\u015bliwych powrot\u00f3w do domu \u2013 czytamy w podzi\u0119kowaniu. \u2013 Bo za ka\u017cdym skutecznym dzia\u0142aniem ratowniczym stoi zesp\u00f3l cz\u0142owieka i psa, gotowy pomaga\u0107 wtedy, gdy liczy si\u0119 ka\u017cda minuta.<\/p>\n<p><img fetchpriority=\"high\" decoding=\"async\" class=\"size-medium wp-image-371247 aligncenter\" src=\"https:\/\/www.europesays.com\/pl\/wp-content\/uploads\/2026\/08\/Psy-ratownicze_foto-Medium-245x300.jpg\" alt=\"\" width=\"245\" height=\"300\"  \/><\/p>\n<p>Fot: Orlen<\/p>\n","protected":false},"excerpt":{"rendered":"Poznali\u015bmy wyniki programu \u201eORLEN dla ps\u00f3w ratowniczych\u201d. 46 grant\u00f3w, ponad 650 tys. z\u0142 wsparcia i a\u017c 131 zespo\u0142\u00f3w&hellip;\n","protected":false},"author":2,"featured_media":620999,"comment_status":"","ping_status":"","sticky":false,"template":"","format":"standard","meta":{"footnotes":"","_share_on_mastodon":"0"},"categories":[52097],"tags":[54807,774,42,38,40,39,41,7623],"class_list":["post-620998","post","type-post","status-publish","format-standard","has-post-thumbnail","category-orlen","tag-fundacja-orlen","tag-orlen","tag-pl","tag-poland","tag-polish","tag-polska","tag-polski","tag-pomoc"],"share_on_mastodon":{"url":"https:\/\/pubeurope.com\/@pl\/117092235502813675","error":""},"_links":{"self":[{"href":"https:\/\/www.europesays.com\/pl\/wp-json\/wp\/v2\/posts\/620998","targetHints":{"allow":["GET"]}}],"collection":[{"href":"https:\/\/www.europesays.com\/pl\/wp-json\/wp\/v2\/posts"}],"about":[{"href":"https:\/\/www.europesays.com\/pl\/wp-json\/wp\/v2\/types\/post"}],"author":[{"embeddable":true,"href":"https:\/\/www.europesays.com\/pl\/wp-json\/wp\/v2\/users\/2"}],"replies":[{"embeddable":true,"href":"https:\/\/www.europesays.com\/pl\/wp-json\/wp\/v2\/comments?post=620998"}],"version-history":[{"count":0,"href":"https:\/\/www.europesays.com\/pl\/wp-json\/wp\/v2\/posts\/620998\/revisions"}],"wp:featuredmedia":[{"embeddable":true,"href":"https:\/\/www.europesays.com\/pl\/wp-json\/wp\/v2\/media\/620999"}],"wp:attachment":[{"href":"https:\/\/www.europesays.com\/pl\/wp-json\/wp\/v2\/media?parent=620998"}],"wp:term":[{"taxonomy":"category","embeddable":true,"href":"https:\/\/www.europesays.com\/pl\/wp-json\/wp\/v2\/categories?post=620998"},{"taxonomy":"post_tag","embeddable":true,"href":"https:\/\/www.europesays.com\/pl\/wp-json\/wp\/v2\/tags?post=620998"}],"curies":[{"name":"wp","href":"https:\/\/api.w.org\/{rel}","templated":true}]}}