{"id":621018,"date":"2026-08-14T05:43:16","date_gmt":"2026-08-14T05:43:16","guid":{"rendered":"https:\/\/www.europesays.com\/pl\/621018\/"},"modified":"2026-08-14T05:43:16","modified_gmt":"2026-08-14T05:43:16","slug":"polska-stawia-na-magazyny-energii-regulator-dostrzega-jednak-wazny-problem","status":"publish","type":"post","link":"https:\/\/www.europesays.com\/pl\/621018\/","title":{"rendered":"Polska stawia na magazyny energii. Regulator dostrzega jednak wa\u017cny problem"},"content":{"rendered":"<p>                            <img decoding=\"async\" src=\"https:\/\/www.europesays.com\/pl\/wp-content\/uploads\/2026\/08\/shutterstock_2765130385-aspect-ratio-618-360-921x537.jpg\"   style=\"aspect-ratio: auto 921 \/ 537\" alt=\"Polska stawia na magazyny energii. Regulator dostrzega jednak wa\u017cny problem\"\/> Magazyn energii, fot. Shutterstock            <\/p>\n<p>Magazyny energii elektrycznej trafi\u0142y w 2025 r. na list\u0119 Znacz\u0105cych U\u017cytkownik\u00f3w Sieci, operatorzy dystrybucyjni uzyskali zgody na budow\u0119 siedmiu magazyn\u00f3w jako zintegrowanych element\u00f3w infrastruktury, a rynek mocy zakontraktowa\u0142 blisko 19 GW, w tym magazyn\u00f3w. Regulator otwarcie skrytykowa\u0142 spos\u00f3b, w jaki wyceniana jest dyspozycyjno\u015b\u0107 magazyn\u00f3w w aukcjach mocowych. To najwa\u017cniejsze informacje na temat magazyn\u00f3w energii z corocznego raportu Prezesa URE.<\/p>\n<p>W sierpniu 2025 r. Prezes Urz\u0119du Regulacji Energetyki na wniosek Polskich Sieci Elektroenergetycznych zatwierdzi\u0142 zmian\u0119 wykazu Znacz\u0105cych U\u017cytkownik\u00f3w Sieci (ang. Significant Grid Users), dopisuj\u0105c do niego magazyny energii elektrycznej. Status SGU nadawany jest instalacjom na tyle istotnym dla systemu, \u017ce wi\u0105\u017c\u0105 si\u0119 z dodatkowymi obowi\u0105zkami technicznymi. Jak wyja\u015bniali\u015bmy przy okazji farm wiatrowych Engie, kwalifikacja jako SGU oznacza m.in. <a href=\"https:\/\/www.gramwzielone.pl\/energia-wiatrowa\/20345996\/farmy-wiatrowe-engie-z-nowym-systemem-lacznosci-spelniajacym-wymogi-operatorow-sieci\" target=\"_blank\" rel=\"noopener nofollow\">obowi\u0105zek utrzymywania niezale\u017cnego kana\u0142u \u0142\u0105czno\u015bci z operatorem systemu dystrybucyjnego<\/a>, tak\u017ce w sytuacjach awaryjnych.<\/p>\n<p>Cho\u0107 magazyny wci\u0105\u017c nie s\u0105 w Polsce powszechne, PSE uzna\u0142y je za kluczowe ze wzgl\u0119du na rosn\u0105c\u0105 liczb\u0119 wydawanych warunk\u00f3w przy\u0142\u0105czenia oraz potencja\u0142 techniczny w bilansowaniu waha\u0144 produkcji z OZE i regulacji napi\u0119cia oraz cz\u0119stotliwo\u015bci sieci. To podej\u015bcie sp\u00f3jne z wcze\u015bniejszymi zapowiedziami operatora. Informowali\u015bmy, \u017ce PSE <a href=\"https:\/\/www.gramwzielone.pl\/trendy\/20347054\/magazyny-energii-beda-ksztaltowac-parametry-sieci-pse-opracowuja-dla-nich-konkretne-wymogi\" target=\"_blank\" rel=\"noopener nofollow\">rozpocz\u0119\u0142y prace nad wymogami technicznymi dla magazyn\u00f3w w zakresie kszta\u0142towania parametr\u00f3w sieci (grid-forming)<\/a>, traktuj\u0105c je jako przysz\u0142ego nast\u0119pc\u0119 konwencjonalnych elektrowni w roli stabilizatora systemu. Wed\u0142ug cel\u00f3w PSE do 2040 r. krajowy system ma by\u0107 gotowy na obs\u0142ug\u0119 24 GW magazyn\u00f3w energii.&#13;\n    <\/p>\n<p>REKLAMA<\/p>\n<p> <a href=\"https:\/\/procarte.pl\/?utm_source=gramwzielone&amp;utm_medium=banner&amp;utm_campaign=procarte_gramwzielone\" target=\"_blank\" data-dce=\"eventClick:{&quot;id&quot;:0,&quot;type&quot;:&quot;Z:left:https:\\\/\\\/procarte.pl\\\/?utm_source=gramwzielone&amp;utm_medium=banner&amp;utm_campaign=procarte_gramwzielone&quot;,&quot;s&quot;:&quot;b9f99358052003d2ee52cf198c677574808786c7&quot;}\" rel=\"nofollow noopener\">   <img src=\"https:\/\/www.europesays.com\/pl\/wp-content\/uploads\/2026\/08\/1786686195_279_640x95-gif-01.gif\" height=\"95\" width=\"640\" loading=\"lazy\" decoding=\"async\" style=\"width: 100%; height: auto;\"\/>  <\/a>                         <\/p>\n<p>REKLAMA<\/p>\n<p> <a href=\"https:\/\/www.4sun.eu\" target=\"_blank\" data-dce=\"eventClick:{&quot;id&quot;:0,&quot;type&quot;:&quot;Z:right:https:\\\/\\\/www.4sun.eu&quot;,&quot;s&quot;:&quot;18380e9c312cc403c57913b9a5fea786339740b9&quot;}\" rel=\"nofollow noopener\">   <img src=\"https:\/\/www.europesays.com\/pl\/wp-content\/uploads\/2026\/08\/1786686196_913_4SUN-GWZ-640x95px.gif\" height=\"95\" width=\"640\" loading=\"lazy\" decoding=\"async\" style=\"width: 100%; height: auto;\"\/>  <\/a>                         <\/p>\n<p>Operatorzy sieci buduj\u0105 w\u0142asne magazyny. Wyj\u0105tek od unijnego zakazu<\/p>\n<p>Drugim istotnym w\u0105tkiem raportu s\u0105 decyzje URE uznaj\u0105ce magazyny energii za w pe\u0142ni zintegrowane elementy sieci. Jest to status, kt\u00f3ry pozwala operatorom system\u00f3w dystrybucyjnych (OSD) na ich posiadanie i obs\u0142ug\u0119, mimo og\u00f3lnego unijnego zakazu inwestowania przez operator\u00f3w sieci w aktywa rynkowe. Jak przypominali\u015bmy na \u0142amach portalu,\u00a0 ograniczenia te wprowadzono do Prawa energetycznego w 2023 r., a jedynym sposobem na ich obej\u015bcie jest w\u0142a\u015bnie <a href=\"https:\/\/www.gramwzielone.pl\/magazynowanie-energii\/20323925\/ure-wzywa-do-zwolnienia-osdn-z-zakazu-wykorzystania-magazynow-energii\" target=\"_blank\" rel=\"noopener nofollow\">decyzja Prezesa URE uznaj\u0105ca magazyn za w pe\u0142ni zintegrowany element sieci<\/a>. Regulator postulowa\u0142 nawet zwolnienie z tych ogranicze\u0144 operator\u00f3w zamkni\u0119tych system\u00f3w dystrybucyjnych, zwracaj\u0105c si\u0119 w tej sprawie do Ministerstwa Klimatu i \u015arodowiska.<\/p>\n<p>W 2025 r. takie zgody otrzyma\u0142y trzy podmioty na \u0142\u0105cznie siedem magazyn\u00f3w: Tauron Dystrybucja, Energa-Operator oraz \u201eDozamel\u201d. Cztery jednostki maj\u0105 moc do 60 kW (niskie napi\u0119cie), a trzy \u2013 do 2 MW (\u015brednie napi\u0119cie). Ich wy\u0142\u0105cznym celem ma by\u0107 zapewnienie ci\u0105g\u0142o\u015bci zasilania, parametr\u00f3w jako\u015bciowych energii oraz techniczne bilansowanie lokalne. Przyk\u0142adem tego typu instalacji jest magazyn Energa-Operator przy RS Czernikowo. URE potwierdzi\u0142, \u017ce <a href=\"https:\/\/www.gramwzielone.pl\/magazynowanie-energii\/20350073\/magazyny-energii-na-sprzedaz-ure-przeprowadzil-konsultacje\" target=\"_blank\" rel=\"noopener nofollow\">magazyn ten wype\u0142nia kryterium zintegrowanego elementu sieci i nie podlega konsultacjom rynkowym<\/a> w\u0142a\u015bnie dlatego, \u017ce pe\u0142ni funkcj\u0119 krytyczn\u0105 dla bezpiecze\u0144stwa sieci, a nie inwestycji dost\u0119pnej dla podmiot\u00f3w zewn\u0119trznych. Warto doda\u0107, \u017ce w 2025 r. URE wyda\u0142o te\u017c 3 decyzje stwierdzaj\u0105ce wyga\u015bni\u0119cie wcze\u015bniejszych uzna\u0144 magazyn\u00f3w za zintegrowany element sieci. Status ten nie jest wi\u0119c nadawany bezterminowo.<\/p>\n<p>Sp\u00f3r o wycen\u0119 magazyn\u00f3w w rynku mocy<\/p>\n<p>Dzi\u0119ki aukcjom g\u0142\u00f3wnym na lata 2021\u20132030 oraz aukcji dogrywkowej na rok 2029 sfinansowana zostanie budowa nowych jednostek wytw\u00f3rczych i magazyn\u00f3w energii o \u0142\u0105cznej mocy oko\u0142o 18,9 GW. W tym kontek\u015bcie raport URE ujawnia istotny sp\u00f3r. Regulator zakwestionowa\u0142 spadek tzw. korekcyjnego wsp\u00f3\u0142czynnika dyspozycyjno\u015bci (KWD) dla magazyn\u00f3w w aukcjach na lata 2028\u20132029, postuluj\u0105c r\u00f3\u017cnicowanie tego wska\u017anika w zale\u017cno\u015bci od czasu, przez jaki magazyn jest w stanie dostarcza\u0107 moc maksymaln\u0105. Postulat ten nie zosta\u0142 jednak uwzgl\u0119dniony.<\/p>\n<p>\u2013 Organ regulacyjny zwr\u00f3ci\u0142 uwag\u0119 na kolejny du\u017cy spadek wysoko\u015bci korekcyjnego wsp\u00f3\u0142czynnika dyspozycyjno\u015bci dla magazyn\u00f3w energii elektrycznej (w postaci akumulator\u00f3w, kinetycznych zasobnik\u00f3w energii i superkondensator\u00f3w) w por\u00f3wnaniu do poziomu tego parametru na lata 2028-2029. W ocenie Prezesa URE celowe by\u0142oby wyznaczenie r\u00f3\u017cnych warto\u015bci tego wsp\u00f3\u0142czynnika dla magazyn\u00f3w energii elektrycznej o r\u00f3\u017cnym czasie dostarczania mocy maksymalnej \u2013 poinformowa\u0142 regulator.&#13;\n    <\/p>\n<p>Skala problemu, na kt\u00f3ry wskazywa\u0142 URE, staje si\u0119 ja\u015bniejsza w \u015bwietle danych z rynku. W aukcji g\u0142\u00f3wnej rynku mocy przeprowadzonej 11 grudnia 2025 r. (na rok dostaw 2030) <a href=\"https:\/\/www.gramwzielone.pl\/magazynowanie-energii\/20345050\/mala-podaz-magazynow-energii-podniesie-koszty-rynku-mocy\" target=\"_blank\" rel=\"noopener nofollow\">KWD dla magazyn\u00f3w energii wyni\u00f3s\u0142 zaledwie 13,39 proc.<\/a> Jest to drastyczny spadek z poziomu ponad 60 proc. rok wcze\u015bniej i a\u017c 95 proc. dwa lata wcze\u015bniej.<\/p>\n<p>Jak t\u0142umaczy\u0142a cytowana przez Gramwzielone.pl Barbara Adamska, prezes Polskiego Stowarzyszenia Magazynowania Energii (PSME), wsp\u00f3\u0142czynnik ten okre\u015bla, jaki procent mocy jednostki inwestor mo\u017ce zaoferowa\u0107 w aukcji. Z magazynu o mocy 100 MW inwestorzy mogli w praktyce zaoferowa\u0107 zaledwie oko\u0142o 13 MW. Bran\u017ca krytykowa\u0142a podobny mechanizm r\u00f3wnie\u017c przy okazji przygotowa\u0144 do aukcji na rok 2028, gdzie <a href=\"https:\/\/www.gramwzielone.pl\/magazynowanie-energii\/20370489\/rynek-mocy-traktuje-magazyny-energii-jak-elektrownie-weglowe-branza-krytykuje-nowe-przepisy\" target=\"_blank\" rel=\"noopener nofollow\">magazyny energii s\u0105 traktowane w kalkulacjach na podobnych zasadach co elektrownie w\u0119glowe<\/a>, co zdaniem sektora nie odzwierciedla specyfiki technologii magazynowania.<\/p>\n<p>Rewolucja rozliczeniowa \u2013 15 minut zamiast godziny<\/p>\n<p>Kolejna zmiana opisana w raporcie URE dotyczy granulacji rozlicze\u0144. Zatwierdzona w kwietniu 2026 r. metoda wymiany danych, kt\u00f3ra wejdzie w \u017cycie 1 lutego 2027 r., zmieni rozdzielczo\u015b\u0107 plan\u00f3w pracy jednostek wytw\u00f3rczych i potencjalnie magazyn\u00f3w energii z jednej godziny na 15 minut. Zgodnie z okresem rozliczania energii bilansuj\u0105cej. To kontynuacja trendu \u2013\u00a0 PSE, jako operator rynku bilansuj\u0105cego, <a href=\"https:\/\/www.gramwzielone.pl\/trendy\/20304068\/coraz-blizej-15-minutowej-wyceny-energii\" target=\"_blank\" rel=\"noopener nofollow\">wprowadzi\u0142y 15-minutowy okres rozliczania niezbilansowania<\/a> jeszcze przed pe\u0142nym dostosowaniem do tego standardu instrument\u00f3w notowanych na Towarowej Gie\u0142dzie Energii. Dla magazyn\u00f3w energii \u2013 technologii, kt\u00f3rej podstawow\u0105 przewag\u0105 jest szybka reakcja na zmiany cen i sygna\u0142y systemowe. Przej\u015bcie na rozliczenia kwadransowe oznacza w praktyce lepsze dopasowanie modelu wynagradzania do rzeczywistych mo\u017cliwo\u015bci technicznych tych urz\u0105dze\u0144.<\/p>\n<p>Wsp\u00f3lne unijne regu\u0142y dla agregacji<\/p>\n<p>W marcu 2025 r. Polska przekaza\u0142a Komisji Europejskiej projekt nowego kodeksu sieciowego dotycz\u0105cego odpowiedzi odbioru (ang. Demand Response Network Code), kt\u00f3ry ma ujednolici\u0107 przepisy dotycz\u0105ce agregacji magazynowania energii i u\u0142atwi\u0107 operatorom zamawianie takich us\u0142ug. To element szerszego procesu zmian regulacyjnych na poziomie unijnym. Od grudnia 2025 r. obowi\u0105zuje te\u017c rozporz\u0105dzenie o przemy\u015ble neutralnym emisyjnie (Net-Zero Industry Act), kt\u00f3re <a href=\"https:\/\/www.gramwzielone.pl\/magazynowanie-energii\/20360841\/nowe-przepisy-dla-magazynow-energii-co-sie-zmieni-2026\" target=\"_blank\" rel=\"noopener nofollow\">wprowadza dla magazyn\u00f3w energii m.in. kryteria pozacenowe w aukcjach wsparcia oraz koncepcj\u0119 tzw. acceleration areas<\/a> \u2013 stref przyspieszonych procedur inwestycyjnych, dla kt\u00f3rych Prezes URE wyda\u0142 ju\u017c w 2025 r. dedykowany przewodnik.<\/p>\n<p>Magazyny w statystykach koncentracji rynku<\/p>\n<p>Raport URE zwraca te\u017c uwag\u0119 na techniczny, ale istotny szczeg\u00f3\u0142 metodologiczny. Przy obliczaniu wska\u017anik\u00f3w koncentracji rynku, takich jak wska\u017anik Herfindahla-Hirschmana (HHI), regulator uwzgl\u0119dnia wolumen energii elektrycznej oddanej z magazyn\u00f3w do Krajowego Systemu Elektroenergetycznego. Oznacza to, \u017ce magazyny energii s\u0105 ju\u017c formalnie traktowane jako pe\u0142noprawny uczestnik rynku wytw\u00f3rczego, a nie wy\u0142\u0105cznie techniczny dodatek do innych \u017ar\u00f3de\u0142.<\/p>\n<p>Patrycja Rapacka<\/p>\n<p>patrycja.rapacka@gramwzielone.pl<\/p>\n<p>\u00a9 Materia\u0142 chroniony prawem autorskim. Wszelkie prawa zastrze\u017cone. Dalsze rozpowszechnianie artyku\u0142u tylko za zgod\u0105 wydawcy E-Magazyny Sp. z o.o.<\/p>\n","protected":false},"excerpt":{"rendered":"Magazyn energii, fot. Shutterstock Magazyny energii elektrycznej trafi\u0142y w 2025 r. na list\u0119 Znacz\u0105cych U\u017cytkownik\u00f3w Sieci, operatorzy dystrybucyjni&hellip;\n","protected":false},"author":2,"featured_media":621019,"comment_status":"","ping_status":"","sticky":false,"template":"","format":"standard","meta":{"footnotes":"","_share_on_mastodon":"0"},"categories":[12],"tags":[37827,14044,42,38,40,39,41,383,23426],"class_list":["post-621018","post","type-post","status-publish","format-standard","has-post-thumbnail","category-polska","tag-magazynowanie-energii","tag-magazyny-energii","tag-pl","tag-poland","tag-polish","tag-polska","tag-polski","tag-prawo","tag-urzad-regulacji-energetyki"],"share_on_mastodon":{"url":"https:\/\/pubeurope.com\/@pl\/117092273904641223","error":""},"_links":{"self":[{"href":"https:\/\/www.europesays.com\/pl\/wp-json\/wp\/v2\/posts\/621018","targetHints":{"allow":["GET"]}}],"collection":[{"href":"https:\/\/www.europesays.com\/pl\/wp-json\/wp\/v2\/posts"}],"about":[{"href":"https:\/\/www.europesays.com\/pl\/wp-json\/wp\/v2\/types\/post"}],"author":[{"embeddable":true,"href":"https:\/\/www.europesays.com\/pl\/wp-json\/wp\/v2\/users\/2"}],"replies":[{"embeddable":true,"href":"https:\/\/www.europesays.com\/pl\/wp-json\/wp\/v2\/comments?post=621018"}],"version-history":[{"count":0,"href":"https:\/\/www.europesays.com\/pl\/wp-json\/wp\/v2\/posts\/621018\/revisions"}],"wp:featuredmedia":[{"embeddable":true,"href":"https:\/\/www.europesays.com\/pl\/wp-json\/wp\/v2\/media\/621019"}],"wp:attachment":[{"href":"https:\/\/www.europesays.com\/pl\/wp-json\/wp\/v2\/media?parent=621018"}],"wp:term":[{"taxonomy":"category","embeddable":true,"href":"https:\/\/www.europesays.com\/pl\/wp-json\/wp\/v2\/categories?post=621018"},{"taxonomy":"post_tag","embeddable":true,"href":"https:\/\/www.europesays.com\/pl\/wp-json\/wp\/v2\/tags?post=621018"}],"curies":[{"name":"wp","href":"https:\/\/api.w.org\/{rel}","templated":true}]}}