{"id":621126,"date":"2026-08-14T06:46:09","date_gmt":"2026-08-14T06:46:09","guid":{"rendered":"https:\/\/www.europesays.com\/pl\/621126\/"},"modified":"2026-08-14T06:46:09","modified_gmt":"2026-08-14T06:46:09","slug":"pasazera-wyssalo-przez-okno-samolotu-ryanair-juz-wiadomo-dlaczego","status":"publish","type":"post","link":"https:\/\/www.europesays.com\/pl\/621126\/","title":{"rendered":"Pasa\u017cera wyssa\u0142o przez okno samolotu Ryanair. Ju\u017c wiadomo dlaczego"},"content":{"rendered":"<p>Cz\u0119\u015bci silnika uderzy\u0142y w okno. Jak poinformowali w czwartek \u015bledczy z National Transportation Safety Board, wynika to z raportu. Ameryka\u0144ska agencja przej\u0119\u0142a dochodzenie od greckich odpowiednik\u00f3w.<\/p>\n<p>Zgodnie z raportem od\u0142ama\u0142a si\u0119 jedna z \u0142opatek silnika, a jej fragmenty zosta\u0142y rozrzucone wok\u00f3\u0142. Uszkodzi\u0142y kad\u0142ub maszyny w kilku miejscach \u2014 tak\u017ce przy uszkodzonym oknie. \u015aledczy znale\u017ali wewn\u0105trz silnika szcz\u0105tki ptak\u00f3w. To wskazuje, \u017ce samolot m\u00f3g\u0142 podczas startu zderzy\u0107 si\u0119 z ptakami.<\/p>\n<p>Incydent z 10 lipca wzbudzi\u0142 zainteresowanie medi\u00f3w na ca\u0142ym \u015bwiecie. M\u0119\u017cczyzna trafi\u0142 potem do szpitala w Salonikach. Dozna\u0142 obra\u017ce\u0144 szyi i barku oraz otar\u0107.<\/p>\n<p>\u017bona i inni pasa\u017cerowie uratowali go przed wypadni\u0119ciemJego \u017cona i dwoje innych pasa\u017cer\u00f3w trzymali go, by nie wypad\u0142. \u2014 <a href=\"https:\/\/podroze.onet.pl\/aktualnosci\/pasazer-wyssany-z-samolotu-walczy-ze-skutkami-wypadku-nie-pamietam-niczego\/3nqxkb5\" id=\"072d635d-6a1f-410a-922f-f7b3810e4ad9\" rel=\"nofollow noopener\" target=\"_blank\">Kobieta siedz\u0105ca obok niego kurczowo trzyma\u0142a jego r\u0119k\u0119, a ja przez pi\u0119\u0107 minut ci\u0105gn\u0119\u0142am go za nogi<\/a> \u2014 powiedzia\u0142a jego \u017cona Svetlana Maksimovic (48 l.) trzy dni po wypadku w rozmowie z &#8222;Bildem&#8221;. Towarzyszy\u0142a m\u0119\u017cowi w podr\u00f3\u017cy s\u0142u\u017cbowej do Niemiec. Serb cz\u0119sto lata\u0142 do Niemiec.<\/p>\n<p>Do dzi\u015b Karovi\u0107 dr\u017cy, gdy przelatuje samolot. Jak podaje National Transportation Safety Board (NTSB), chodzi\u0142o o Boeinga 737-800. Lot z Grecji do Niemiec obs\u0142ugiwa\u0142a Malta Air, sp\u00f3\u0142ka zale\u017cna Ryanaira.<\/p>\n","protected":false},"excerpt":{"rendered":"Cz\u0119\u015bci silnika uderzy\u0142y w okno. Jak poinformowali w czwartek \u015bledczy z National Transportation Safety Board, wynika to z&hellip;\n","protected":false},"author":2,"featured_media":621127,"comment_status":"","ping_status":"","sticky":false,"template":"","format":"standard","meta":{"footnotes":"","_share_on_mastodon":"0"},"categories":[16],"tags":[210,113,61195,112,48,46,55,42,38,40,39,41,7941,47],"class_list":["post-621126","post","type-post","status-publish","format-standard","has-post-thumbnail","category-biznes","tag-aktualnosci","tag-biznes","tag-bottomfeed_styl","tag-business","tag-nat_styl","tag-omp","tag-phx","tag-pl","tag-poland","tag-polish","tag-polska","tag-polski","tag-ryanair","tag-screening_general"],"share_on_mastodon":{"url":"https:\/\/pubeurope.com\/@pl\/117092521425034031","error":""},"_links":{"self":[{"href":"https:\/\/www.europesays.com\/pl\/wp-json\/wp\/v2\/posts\/621126","targetHints":{"allow":["GET"]}}],"collection":[{"href":"https:\/\/www.europesays.com\/pl\/wp-json\/wp\/v2\/posts"}],"about":[{"href":"https:\/\/www.europesays.com\/pl\/wp-json\/wp\/v2\/types\/post"}],"author":[{"embeddable":true,"href":"https:\/\/www.europesays.com\/pl\/wp-json\/wp\/v2\/users\/2"}],"replies":[{"embeddable":true,"href":"https:\/\/www.europesays.com\/pl\/wp-json\/wp\/v2\/comments?post=621126"}],"version-history":[{"count":0,"href":"https:\/\/www.europesays.com\/pl\/wp-json\/wp\/v2\/posts\/621126\/revisions"}],"wp:featuredmedia":[{"embeddable":true,"href":"https:\/\/www.europesays.com\/pl\/wp-json\/wp\/v2\/media\/621127"}],"wp:attachment":[{"href":"https:\/\/www.europesays.com\/pl\/wp-json\/wp\/v2\/media?parent=621126"}],"wp:term":[{"taxonomy":"category","embeddable":true,"href":"https:\/\/www.europesays.com\/pl\/wp-json\/wp\/v2\/categories?post=621126"},{"taxonomy":"post_tag","embeddable":true,"href":"https:\/\/www.europesays.com\/pl\/wp-json\/wp\/v2\/tags?post=621126"}],"curies":[{"name":"wp","href":"https:\/\/api.w.org\/{rel}","templated":true}]}}