{"id":621162,"date":"2026-08-14T07:09:09","date_gmt":"2026-08-14T07:09:09","guid":{"rendered":"https:\/\/www.europesays.com\/pl\/621162\/"},"modified":"2026-08-14T07:09:09","modified_gmt":"2026-08-14T07:09:09","slug":"unijne-clo-uderza-w-temu-i-aliexpress-polska-pokazuje-skale-spadkow","status":"publish","type":"post","link":"https:\/\/www.europesays.com\/pl\/621162\/","title":{"rendered":"Unijne c\u0142o uderza w Temu i AliExpress. Polska pokazuje skal\u0119 spadk\u00f3w"},"content":{"rendered":"<p itemprop=\"description\">Chi\u0144skie platformy handlowe mocno odczuwaj\u0105 skutki nowych ce\u0142 obowi\u0105zuj\u0105cych w UE &#8211; informuje Puls Biznesu<\/p>\n<p>\t\t\t\t\t\t\t\t\t\t\t\t\t\t\t<img decoding=\"async\" itemprop=\"url\" alt=\"\" src=\"https:\/\/www.europesays.com\/pl\/wp-content\/uploads\/2026\/08\/AdobeStock_1374309549_Editorial_Use_Only.jpeg\" class=\"ui-page-img-swipe\"\/><\/p>\n<p>\t\t\t\t\t\t\t\t\t\t\t\t\t446<br \/>\n\t\t\t\t\t\t\t\t\t\t\t\t\t298<\/p>\n<p>Chi\u0144skie platformy handlowe ofiarami polityki UE<\/p>\n<p>Unia Europejska wprowadzi\u0142a 1 lipca zmian\u0119 w obszarze handlu elektronicznego  z krajami spoza Wsp\u00f3lnoty (np. Chiny, USA, Wielka Brytania czy Turcja). Zmiana dotyczy\u00a0zniesienia wieloletniego zwolnienia z c\u0142a dla przesy\u0142ek o warto\u015bci do 150 euro. Zamiast zwolnienia wprowadzono tymczasowe, rycza\u0142towe c\u0142o w wysoko\u015bci\u00a03 euro.  Przy czym op\u0142ata pobierana jest za \u201epozycj\u0119 towarow\u0105\u201d, nie za paczk\u0119. C\u0142o naliczane jest od ka\u017cdej kategorii (kodu celnego) towaru w zg\u0142oszeniu celnym.<\/p>\n<p>Jak donosi Puls Biznesu nowa op\u0142ata mocno uderzy\u0142a w chi\u0144skie platformy handlowe.  Jest to zauwa\u017calne na polskim rynku. W\u00a0pierwszym miesi\u0105cu obowi\u0105zywania nowych przepis\u00f3w spadek u\u017cytkownik\u00f3w odnotowa\u0142y platformy Temu oraz AliExpress. Pierwsza z wymienionych mia\u0142a w Polsce  16,68 mln u\u017cytkownik\u00f3w w\u00a0Polsce, za\u015b\u00a0w\u00a0lipcu \u2013\u00a013,6 mln, co\u00a0stanowi spadek o\u00a0ponad jedn\u0105 pi\u0105t\u0105. Natomiast  AliExpress, kt\u00f3ry straci\u0142 w\u00a0tym czasie ponad 15 proc. u\u017cytkownik\u00f3w ( z 9,975 mln do 8,430 mln). <\/p>\n<p>\u00a0Polska nale\u017cy do\u00a0pierwszych pa\u0144stw Europy, w\u00a0kt\u00f3rych skutki nowych obci\u0105\u017ce\u0144 mo\u017cna oceni\u0107 na\u00a0podstawie szybkich i\u00a0szczeg\u00f3\u0142owych danych o\u00a0ruchu w\u00a0internecie.\u00a0<\/p>\n<p>\u2013 Mamy co\u015b, czego nie\u00a0ma\u00a0wi\u0119kszo\u015b\u0107 kraj\u00f3w Unii: precyzyjny i\u00a0szybki system pomiaru ruchu internetowego. Dzi\u0119ki Mediapanelowi widzimy efekt nowych op\u0142at w\u00a0liczbach realnych u\u017cytkownik\u00f3w ju\u017c miesi\u0105c po\u00a0ich wprowadzeniu \u2013\u00a0zauwa\u017cy\u0142 w\u00a0rozmowie z\u00a0gazet\u0105 Sebastian B\u0142aszkiewicz, cz\u0142onek Rady Izby Gospodarki Elektronicznej.<\/p>\n","protected":false},"excerpt":{"rendered":"Chi\u0144skie platformy handlowe mocno odczuwaj\u0105 skutki nowych ce\u0142 obowi\u0105zuj\u0105cych w UE &#8211; informuje Puls Biznesu 446 298 Chi\u0144skie&hellip;\n","protected":false},"author":2,"featured_media":621163,"comment_status":"","ping_status":"","sticky":false,"template":"","format":"standard","meta":{"footnotes":"","_share_on_mastodon":"0"},"categories":[12],"tags":[8265,85,63,42,38,40,39,41,8267,104],"class_list":["post-621162","post","type-post","status-publish","format-standard","has-post-thumbnail","category-polska","tag-aliexpress","tag-chiny","tag-cla","tag-pl","tag-poland","tag-polish","tag-polska","tag-polski","tag-temu","tag-unia-europejska"],"share_on_mastodon":{"url":"https:\/\/pubeurope.com\/@pl\/117092611758292080","error":""},"_links":{"self":[{"href":"https:\/\/www.europesays.com\/pl\/wp-json\/wp\/v2\/posts\/621162","targetHints":{"allow":["GET"]}}],"collection":[{"href":"https:\/\/www.europesays.com\/pl\/wp-json\/wp\/v2\/posts"}],"about":[{"href":"https:\/\/www.europesays.com\/pl\/wp-json\/wp\/v2\/types\/post"}],"author":[{"embeddable":true,"href":"https:\/\/www.europesays.com\/pl\/wp-json\/wp\/v2\/users\/2"}],"replies":[{"embeddable":true,"href":"https:\/\/www.europesays.com\/pl\/wp-json\/wp\/v2\/comments?post=621162"}],"version-history":[{"count":0,"href":"https:\/\/www.europesays.com\/pl\/wp-json\/wp\/v2\/posts\/621162\/revisions"}],"wp:featuredmedia":[{"embeddable":true,"href":"https:\/\/www.europesays.com\/pl\/wp-json\/wp\/v2\/media\/621163"}],"wp:attachment":[{"href":"https:\/\/www.europesays.com\/pl\/wp-json\/wp\/v2\/media?parent=621162"}],"wp:term":[{"taxonomy":"category","embeddable":true,"href":"https:\/\/www.europesays.com\/pl\/wp-json\/wp\/v2\/categories?post=621162"},{"taxonomy":"post_tag","embeddable":true,"href":"https:\/\/www.europesays.com\/pl\/wp-json\/wp\/v2\/tags?post=621162"}],"curies":[{"name":"wp","href":"https:\/\/api.w.org\/{rel}","templated":true}]}}