{"id":62119,"date":"2025-10-22T09:31:10","date_gmt":"2025-10-22T09:31:10","guid":{"rendered":"https:\/\/www.europesays.com\/pl\/62119\/"},"modified":"2025-10-22T09:31:10","modified_gmt":"2025-10-22T09:31:10","slug":"trudno-bylo-nam-w-to-uwierzyc-myslelismy-ze-to-blef-ta-bron-zmienia-oblicze-wojny-w-ukrainie-dowodca-strat-nie-licze-juz-w-ludziach","status":"publish","type":"post","link":"https:\/\/www.europesays.com\/pl\/62119\/","title":{"rendered":"&#8222;Trudno by\u0142o nam w to uwierzy\u0107, my\u015bleli\u015bmy, \u017ce to blef&#8221;. Ta bro\u0144 zmienia oblicze wojny w Ukrainie. Dow\u00f3dca: strat nie licz\u0119 ju\u017c w ludziach"},"content":{"rendered":"<p>Drony naziemne sta\u0142y si\u0119 kluczow\u0105 broni\u0105 si\u0142 ukrai\u0144skich w pr\u00f3bie prze\u0142amania impasu na polu walki. To, jaki ma ona potencja\u0142, pokaza\u0142a misja przeprowadzona w czerwcu przez <a href=\"https:\/\/wiadomosci.onet.pl\/swiat\/medialna-brygada-ukrainskiego-wojska-strach-przed-niewiedza-jest-bardzo-silny\/5dkcwqp\" id=\"0cbfcb1c-56bf-49e5-a431-e0d1644bc179\" rel=\"nofollow noopener\" target=\"_blank\">3. Brygad\u0119 Szturmow\u0105 Ukrainy<\/a>.<\/p>\n<p class=\"Paragraph_desktopParagraph__U31Gm\">Wykorzystuj\u0105c naziemnego drona, kt\u00f3ry transportowa\u0142 68 kg materia\u0142\u00f3w wybuchowych, ukrai\u0144skie oddzia\u0142y zmusi\u0142y do poddania si\u0119 grup\u0119 rosyjskich \u017co\u0142nierzy, nie nara\u017caj\u0105c przy tym \u017cycia ludzi.<\/p>\n<blockquote>\n<p class=\"Paragraph_desktopParagraph__U31Gm\">\u2014 Strat nie liczymy ju\u017c w ludziach. Teraz dowodz\u0119 robotami<\/p>\n<\/blockquote>\n<p class=\"Paragraph_desktopParagraph__U31Gm\">\u2014 m\u00f3wi 26-letni dow\u00f3dca Myko\u0142a, kt\u00f3ry nadzorowa\u0142 operacj\u0119.<\/p>\n<p class=\"Paragraph_desktopParagraph__U31Gm\">To stwierdzenie podkre\u015bla fundamentaln\u0105 zmian\u0119 w podej\u015bciu taktycznym ukrai\u0144skiej armii. Wykorzystuj\u0105c drony naziemne, Ukraina stara si\u0119 chroni\u0107 swoje ograniczone zasoby ludzkie przed <a href=\"https:\/\/wiadomosci.onet.pl\/swiat\/przecieki-z-ministerstwa-obrony-rosji-zolnierze-uciekaja-z-armii-putina\/gd7b7nj\" id=\"7cd50d2f-72eb-424d-bb36-d34638171a82\" rel=\"nofollow noopener\" target=\"_blank\">liczebn\u0105 przewag\u0105 przeciwnika<\/a>. Stosunkowo niski koszt tych urz\u0105dze\u0144 (ok. 5 tys. z\u0142 za model u\u017cyty w czerwcowej misji) sprawia, \u017ce s\u0105 one atrakcyjn\u0105 alternatyw\u0105 dla konwencjonalnej artylerii, kt\u00f3ra jest dro\u017csza i mniej precyzyjna.<\/p>\n<p class=\"Paragraph_desktopParagraph__U31Gm\">Operacja z czerwca wymaga\u0142a skrupulatnego planowania i koordynacji dzia\u0142a\u0144 wielu jednostek. Zesp\u00f3\u0142 kierowany przez W\u0142ada, dow\u00f3dc\u0119 za\u0142ogi dron\u00f3w naziemnych, przez wiele godzin analizowa\u0142 obrazy z kamer monitoringu i informacje o pozycji wroga. Plan obejmowa\u0142 u\u017cycie drona powietrznego do pierwszego ataku na pozycj\u0119 rosyjsk\u0105, a nast\u0119pnie interwencj\u0119 drona naziemnego wype\u0142nionego materia\u0142ami wybuchowymi.<\/p>\n<p class=\"Paragraph_desktopParagraph__U31Gm\">W\u0142ad wyja\u015bnia: \u2014 Nasze zadanie by\u0142o do\u015b\u0107 proste: zniszczy\u0107 baz\u0119, w kt\u00f3rej ukrywa\u0142 si\u0119 wr\u00f3g. Po wybuchu pierwszego drona w podziemnym schronie Rosjan, drugi dron zosta\u0142 wys\u0142any na pozycj\u0119. Wtedy \u017co\u0142nierze rosyjscy zdecydowali si\u0119 podda\u0107 \u2014 wystawili prowizoryczny znak z napisem &#8222;CHCEMY SI\u0118 PODDA\u0106&#8221;.<\/p>\n<p class=\"Paragraph_desktopParagraph__U31Gm\">Myko\u0142a opisuje ten moment jako niesamowity:<\/p>\n<blockquote>\n<p class=\"Paragraph_desktopParagraph__U31Gm\">\u2014 Nie spieszyli\u015bmy si\u0119. Nie chodzi\u0142o o tempo, tylko o precyzj\u0119.<\/p>\n<\/blockquote>\n<p class=\"Paragraph_desktopParagraph__U31Gm\">Dw\u00f3ch rosyjskich \u017co\u0142nierzy wysz\u0142o ze schronu bez broni, trzymaj\u0105c transparent kapitulacyjny. Zostali poprowadzeni przez drona powietrznego do czekaj\u0105cych na nich ukrai\u0144skich oddzia\u0142\u00f3w. Dla \u017co\u0142nierzy, kt\u00f3rzy przygotowywali si\u0119 do natarcia, sukces misji z u\u017cyciem dron\u00f3w oznacza\u0142 unikni\u0119cie bezpo\u015bredniego konfliktu.<\/p>\n<p class=\"Paragraph_desktopParagraph__U31Gm\">\u2014 Szczerze m\u00f3wi\u0105c, na pocz\u0105tku trudno by\u0142o nam w to uwierzy\u0107; my\u015bleli\u015bmy, \u017ce to jaki\u015b blef. Nie musieli\u015bmy nawet i\u015b\u0107 na pierwsz\u0105 lini\u0119 ani podejmowa\u0107 \u017cadnego ryzyka \u2014 relacjonuje inny \u017co\u0142nierz.<\/p>\n<p class=\"Paragraph_desktopParagraph__U31Gm\">Wykorzystanie naziemnych dron\u00f3w w Ukrainie pokazuje, jak ta technologia zmienia charakter konflikt\u00f3w zbrojnych. Urz\u0105dzenia te mog\u0105 pe\u0142ni\u0107 r\u00f3\u017cne role: od transportu zaopatrzenia i ewakuacji rannych, po bezpo\u015bredni udzia\u0142 w atakach. Najwy\u017csze dow\u00f3dztwo Ukrainy poinformowa\u0142o, \u017ce liczba misji wykonywanych przez roboty <a href=\"https:\/\/wiadomosci.onet.pl\/swiat\/eksplozja-na-morzu-czarnym-prototypowy-dron-zniszczony-przez-ukraincow\/wdbvrd8\" id=\"18ba3397-f138-408f-930d-6f489093a079\" rel=\"nofollow noopener\" target=\"_blank\">na linii frontu <\/a>mi\u0119dzy sierpniem a wrze\u015bniem niemal si\u0119 podwoi\u0142a. Ten szybki wzrost \u015bwiadczy o rosn\u0105cym znaczeniu technologii w strategii militarnej Ukrainy.<\/p>\n<p class=\"Paragraph_desktopParagraph__U31Gm\">Chocia\u017c drony naziemne poci\u0105gaj\u0105 za sob\u0105 znacz\u0105ce korzy\u015bci, ich u\u017cycie wi\u0105\u017ce si\u0119 r\u00f3wnie\u017c z pewnymi wyzwaniami. Brak wbudowanych kamer oznacza, \u017ce operatorzy musz\u0105 polega\u0107 na transmisjach na \u017cywo <a href=\"https:\/\/wiadomosci.onet.pl\/swiat\/putin-po-cichu-buduje-dronowe-imperium-rosja-bije-kolejne-rekordy-zbrojeniowka-kremla\/68lf3le\" id=\"ac67d014-0fbd-4c60-a84a-c3a5be8911d1\" rel=\"nofollow noopener\" target=\"_blank\">z dron\u00f3w powietrznych<\/a>, co mo\u017ce komplikowa\u0107 misje.<\/p>\n<p class=\"Paragraph_desktopParagraph__U31Gm\">Dodatkowo istnieje ryzyko, \u017ce drony stan\u0105 si\u0119 \u0142atwym celem dla si\u0142 przeciwnika, zw\u0142aszcza podczas wycofywania si\u0119. Ten problem by\u0142 widoczny podczas czerwcowej operacji, kiedy zesp\u00f3\u0142 W\u0142ada postanowi\u0142 zdetonowa\u0107 drugi dron na pustym polu, by zapobiec jego przej\u0119ciu lub zniszczeniu przez Rosjan.<\/p>\n<p class=\"Paragraph_desktopParagraph__U31Gm\">Wykorzystanie dron\u00f3w naziemnych w Ukrainie oznacza now\u0105 er\u0119 w sposobie prowadzenia wojen. Urz\u0105dzenia te nie tylko zmniejszaj\u0105 ryzyko dla \u017co\u0142nierzy, ale tak\u017ce zapewniaj\u0105 bezprecedensow\u0105 elastyczno\u015b\u0107 taktyczn\u0105.<\/p>\n","protected":false},"excerpt":{"rendered":"Drony naziemne sta\u0142y si\u0119 kluczow\u0105 broni\u0105 si\u0142 ukrai\u0144skich w pr\u00f3bie prze\u0142amania impasu na polu walki. To, jaki ma&hellip;\n","protected":false},"author":2,"featured_media":62120,"comment_status":"","ping_status":"","sticky":false,"template":"","format":"standard","meta":{"footnotes":""},"categories":[14],"tags":[56,32,33,165,27,67,64,34,35,28,31,53,25,52,68,51,55,40,41,62,47,80,29,30,390,65,50,26,82,83,84],"class_list":{"0":"post-62119","1":"post","2":"type-post","3":"status-publish","4":"format-standard","5":"has-post-thumbnail","7":"category-swiat","8":"tag-article_premium","9":"tag-breaking-news","10":"tag-breakingnews","11":"tag-drony_dron","12":"tag-headlines","13":"tag-intextvideo_splayer","14":"tag-inwazja_rosji_na_ukraine_2014_","15":"tag-latest-news","16":"tag-latestnews","17":"tag-naglowki","18":"tag-najwazniejsze-artykuly","19":"tag-new_header","20":"tag-news","21":"tag-onet3","22":"tag-onet3d","23":"tag-onet3d_2i","24":"tag-phx","25":"tag-polish","26":"tag-polski","27":"tag-rosja_kraj_rosjanin_rosjanie_rosjanka_rosjanki","28":"tag-screening_general","29":"tag-swiat","30":"tag-top-stories","31":"tag-topstories","32":"tag-ukraina_ukrainiec_ukrainka_ukraincy_ukrainki","33":"tag-update_me","34":"tag-v2021","35":"tag-wiadomosci","36":"tag-world","37":"tag-world-news","38":"tag-worldnews"},"share_on_mastodon":{"url":"","error":""},"_links":{"self":[{"href":"https:\/\/www.europesays.com\/pl\/wp-json\/wp\/v2\/posts\/62119","targetHints":{"allow":["GET"]}}],"collection":[{"href":"https:\/\/www.europesays.com\/pl\/wp-json\/wp\/v2\/posts"}],"about":[{"href":"https:\/\/www.europesays.com\/pl\/wp-json\/wp\/v2\/types\/post"}],"author":[{"embeddable":true,"href":"https:\/\/www.europesays.com\/pl\/wp-json\/wp\/v2\/users\/2"}],"replies":[{"embeddable":true,"href":"https:\/\/www.europesays.com\/pl\/wp-json\/wp\/v2\/comments?post=62119"}],"version-history":[{"count":0,"href":"https:\/\/www.europesays.com\/pl\/wp-json\/wp\/v2\/posts\/62119\/revisions"}],"wp:featuredmedia":[{"embeddable":true,"href":"https:\/\/www.europesays.com\/pl\/wp-json\/wp\/v2\/media\/62120"}],"wp:attachment":[{"href":"https:\/\/www.europesays.com\/pl\/wp-json\/wp\/v2\/media?parent=62119"}],"wp:term":[{"taxonomy":"category","embeddable":true,"href":"https:\/\/www.europesays.com\/pl\/wp-json\/wp\/v2\/categories?post=62119"},{"taxonomy":"post_tag","embeddable":true,"href":"https:\/\/www.europesays.com\/pl\/wp-json\/wp\/v2\/tags?post=62119"}],"curies":[{"name":"wp","href":"https:\/\/api.w.org\/{rel}","templated":true}]}}