{"id":621208,"date":"2026-08-14T07:36:20","date_gmt":"2026-08-14T07:36:20","guid":{"rendered":"https:\/\/www.europesays.com\/pl\/621208\/"},"modified":"2026-08-14T07:36:20","modified_gmt":"2026-08-14T07:36:20","slug":"polska-wraca-na-mape-europy-starlink-kapituluje","status":"publish","type":"post","link":"https:\/\/www.europesays.com\/pl\/621208\/","title":{"rendered":"Polska wraca na map\u0119 Europy. Starlink kapituluje"},"content":{"rendered":"<p class=\"wp-block-paragraph\">Jeszcze wczoraj z punktu widzenia SpaceX Polska ko\u0144czy\u0142a si\u0119 na Odrze. Dzisiaj Starlink pospiesznie przywraca Polsk\u0119 do europejskiej strefy swobodnej \u0142\u0105czno\u015bci. Jak si\u0119 okazuje, do b\u0142yskawicznej powt\u00f3rki z geografii wystarczy\u0142o kilka ostrych s\u0142\u00f3w polskich polityk\u00f3w, wizja odci\u0119cia rz\u0105dowego finansowania i\u2026 gro\u017aba zablokowania platformy X. Ameryka\u0144ska firma twierdzi, \u017ce to \u201eb\u0142\u0105d\u201d, a premier polskiego rz\u0105du ma nadziej\u0119, \u017ce sprawa oka\u017ce si\u0119 po prostu nieporozumieniem.<\/p>\n<p>Geografia elastyczna jak regulamin. SpaceX ugina si\u0119 pod presj\u0105<\/p>\n<p class=\"wp-block-paragraph\">Je\u015bli na fali wtorkowych doniesie\u0144 spakowali\u015bcie ju\u017c paszport i przygotowali\u015bcie dodatkow\u0105 got\u00f3wk\u0119 na kosmiczny internet w podr\u00f3\u017cy, mo\u017cecie odetchn\u0105\u0107 z ulg\u0105. Ze strony centrum pomocy systemu Starlink w magiczny spos\u00f3b wyparowa\u0142y zapisy, kt\u00f3re jeszcze kilkadziesi\u0105t godzin temu izolowa\u0142y nasz kraj od reszty kontynentu. Polska ponownie widnieje na li\u015bcie pa\u0144stw europejskich zgrupowanych w jeden, ujednolicony region dla planu \u201eRoam\u201d (W drodze). Znikn\u0119\u0142a te\u017c bezlitosna adnotacja o tym, \u017ce konta rejestrowane nad Wis\u0142\u0105 przeznaczone s\u0105 wy\u0142\u0105cznie do u\u017cytku w Polsce.<\/p>\n<p class=\"wp-block-paragraph\">SpaceX wycofa\u0142o si\u0119 z kontrowersyjnych zmian r\u00f3wnie szybko, co je wprowadzi\u0142o. Jak poinformowa\u0142 wicepremier i minister cyfryzacji Krzysztof Gawkowski, po interwencji rz\u0105du zapad\u0142a jasna deklaracja.<\/p>\n<p class=\"wp-block-paragraph\">\u2013 SpaceX odpowiedzia\u0142 na moje \u017c\u0105danie i nie b\u0119dzie traktowa\u0107 polskich klient\u00f3w gorzej ni\u017c tych w innych krajach europejskich. Deklaracja jak\u0105 otrzyma\u0142em jest jasna. Polska zostanie w\u0142\u0105czona do wewn\u0105trzeuropejskiego obszaru podr\u00f3\u017cy Starlink Roam. Polscy klienci nie b\u0119d\u0105 obj\u0119ci \u017cadnymi nowymi ograniczeniami \u2013 napisa\u0142 wicepremier Gawkowski.<\/p>\n<p><img decoding=\"async\" data-wp-class--hide=\"state.isContentHidden\" data-wp-class--show=\"state.isContentVisible\" data-wp-init=\"callbacks.setButtonStyles\" data-wp-on--click=\"actions.showLightbox\" data-wp-on--load=\"callbacks.setButtonStyles\" data-wp-on--pointerdown=\"actions.preloadImage\" data-wp-on--pointerenter=\"actions.preloadImageWithDelay\" data-wp-on--pointerleave=\"actions.cancelPreload\" data-wp-on-window--resize=\"callbacks.setButtonStyles\" src=\"data:image\/svg+xml,%3Csvg xmlns='http:\/\/www.w3.org\/2000\/svg' viewBox='0 0 3 2'%3E%3C\/svg%3E\" alt=\"Polska pojawi\u0142a si\u0119 ju\u017c na li\u015bcie kraj\u00f3w europejskich. \u0179r\u00f3d\u0142o: Starlink\" class=\"wp-image-346064\" data-lazy-src=\"https:\/\/www.europesays.com\/pl\/wp-content\/uploads\/2026\/08\/SpaceX-Polska-08.2026-857x720.webp\" loading=\"lazy\"\/><\/p>\n<p>\t\tPolska pojawi\u0142a si\u0119 ju\u017c na li\u015bcie kraj\u00f3w europejskich \/ \u0179r\u00f3d\u0142o: Starlink<\/p>\n<p>Czerwony przycisk i dyplomacja portfela. Starlink jak wcze\u015bniej<\/p>\n<p class=\"wp-block-paragraph\">Tempo kapitulacji firmy Elona Muska robi wra\u017cenie, ale trudno si\u0119 dziwi\u0107, bior\u0105c pod uwag\u0119 kaliber argument\u00f3w wytoczonych przez polski rz\u0105d. Wicepremier Gawkowski nie bawi\u0142 si\u0119 w p\u00f3\u0142\u015brodki i podczas porannego wyst\u0105pienia przypomnia\u0142, \u017ce Polska to nie jest kraj, w kt\u00f3rym wielkie korporacje mog\u0105 sobie hula\u0107. Zapowiedzia\u0142, \u017ce pa\u0144stwo ma w zanadrzu sw\u00f3j \u201eczerwony przycisk\u201d i w ka\u017cdej chwili mo\u017ce wy\u0142\u0105czy\u0107 nale\u017c\u0105c\u0105 do Muska platform\u0119 X.<\/p>\n<p class=\"wp-block-paragraph\">Je\u015bli to nie podzia\u0142a\u0142o na wyobra\u017ani\u0119 miliardera, z pewno\u015bci\u0105 zrobi\u0142 to szef MSZ Rados\u0142aw Sikorski. Zaapelowa\u0142 on do Muska o zaprzestanie dyskryminacji. Zagrosi\u0142 g\u0142o\u015bno, \u017ce w przeciwnym razie Polska \u201eprzemy\u015bli kwesti\u0119 p\u0142acenia Muskowi 50 milion\u00f3w dolar\u00f3w rocznie za jego us\u0142ugi\u201d. W obliczu takiej perspektywy finansowej i regulacyjnej, ameryka\u0144ska strona nagle straci\u0142a rezon. Sama firma nie wyda\u0142a \u017cadnego oficjalnego komunikatu w tej sprawie, jednak g\u0142os zabra\u0142 Donald Tusk. <\/p>\n<p class=\"wp-block-paragraph\">Premier relacjonowa\u0142, \u017ce strona ameryka\u0144ska nie potrafi\u0142a wyt\u0142umaczy\u0107, co w\u0142a\u015bciwie zasz\u0142o. Wed\u0142ug s\u0142\u00f3w szefa rz\u0105du, \u201eniekt\u00f3rzy sugeruj\u0105 z tamtej strony, \u017ce to jest po prostu b\u0142\u0105d\u201d, a on sam ma nadziej\u0119, \u017ce ca\u0142a sprawa oka\u017ce si\u0119 ostatecznie zwyk\u0142ym nieporozumieniem. Wychodzi wi\u0119c na to, \u017ce zaawansowane algorytmy Elona Muska przez pomy\u0142k\u0119 napisa\u0142y osobny, restrykcyjny regulamin wymierzony precyzyjnie w jedno konkretne pa\u0144stwo na mapie. Zdarza si\u0119 najlepszym.<\/p>\n<p>O co w og\u00f3le posz\u0142o? <\/p>\n<p class=\"wp-block-paragraph\">Dla przypomnienia. Ca\u0142e zamieszanie wybuch\u0142o po tym, jak Starlink postanowi\u0142 na nowo zdefiniowa\u0107 granice Starego Kontynentu. W najnowszej aktualizacji zasad \u015bwiadczenia us\u0142ug (obowi\u0105zuj\u0105cej nowych klient\u00f3w od 14 lipca, a obecnych od 17 sierpnia) wprowadzono ujednolicony region europejski, w kt\u00f3rym znalaz\u0142o si\u0119 ponad 30 pa\u0144stw. Abonenci zarejestrowani w tych krajach mog\u0105 swobodnie przekracza\u0107 granice, a system nie traktuje tego jako podr\u00f3\u017cy mi\u0119dzynarodowej.<\/p>\n<p>reklama<\/p>\n<p class=\"wp-block-paragraph\">Polsk\u0119 z tego grona jednak demonstracyjnie wykre\u015blono, co oznacza\u0142o drastyczne i kosztowne utrudnienia. Wyjazd z terminalem cho\u0107by do s\u0105siedniego Berlina mia\u0142 od teraz wymusza\u0107 na polskich u\u017cytkownikach oficjalne zg\u0142aszanie podr\u00f3\u017cy i przesy\u0142anie do SpaceX skan\u00f3w paszportu lub dowodu osobistego ze zdj\u0119ciem. Co wi\u0119cej, na\u0142o\u017cono na nas rygorystyczny kaganiec czasowy. Internet poza granicami kraju mia\u0142 dzia\u0142a\u0107 maksymalnie przez 30 dni w trakcie jednej podr\u00f3\u017cy. Po up\u0142ywie tego czasu sprz\u0119t stawa\u0142by si\u0119 bezu\u017cytecznym kawa\u0142kiem plastiku. Chyba \u017ce abonent zdecydowa\u0142by si\u0119 na zresetowanie licznika poprzez powr\u00f3t do Polski albo przej\u015bcie na horrendalnie drogie plany globalne (skok ze standardowych 180 z\u0142 na 460 z\u0142 lub 650 z\u0142 miesi\u0119cznie).<\/p>\n<p class=\"wp-block-paragraph\">Na szcz\u0119\u015bcie wymierzony w polskich konsument\u00f3w technologiczny mur zosta\u0142 rozebrany, zanim na dobre wmurowano kamie\u0144 w\u0119gielny. Starlink przypomnia\u0142 sobie, gdzie le\u017cy Polska, a podr\u00f3\u017cuj\u0105cy z satelitarnym internetem nie b\u0119d\u0105 traktowani jak obywatele drugiej kategorii.<\/p>\n<p class=\"wp-block-paragraph\">\u0179r\u00f3d\u0142o tekstu: PAP \/ Zdj\u0119cie otwieraj\u0105ce: unsplash.com (@hdbernd)<\/p>\n","protected":false},"excerpt":{"rendered":"Jeszcze wczoraj z punktu widzenia SpaceX Polska ko\u0144czy\u0142a si\u0119 na Odrze. Dzisiaj Starlink pospiesznie przywraca Polsk\u0119 do europejskiej&hellip;\n","protected":false},"author":2,"featured_media":621209,"comment_status":"","ping_status":"","sticky":false,"template":"","format":"standard","meta":{"footnotes":"","_share_on_mastodon":"0"},"categories":[12],"tags":[4063,1766,42,38,40,39,41,13705],"class_list":["post-621208","post","type-post","status-publish","format-standard","has-post-thumbnail","category-polska","tag-elon-musk","tag-internet","tag-pl","tag-poland","tag-polish","tag-polska","tag-polski","tag-starlink"],"share_on_mastodon":{"url":"https:\/\/pubeurope.com\/@pl\/117092718161280203","error":""},"_links":{"self":[{"href":"https:\/\/www.europesays.com\/pl\/wp-json\/wp\/v2\/posts\/621208","targetHints":{"allow":["GET"]}}],"collection":[{"href":"https:\/\/www.europesays.com\/pl\/wp-json\/wp\/v2\/posts"}],"about":[{"href":"https:\/\/www.europesays.com\/pl\/wp-json\/wp\/v2\/types\/post"}],"author":[{"embeddable":true,"href":"https:\/\/www.europesays.com\/pl\/wp-json\/wp\/v2\/users\/2"}],"replies":[{"embeddable":true,"href":"https:\/\/www.europesays.com\/pl\/wp-json\/wp\/v2\/comments?post=621208"}],"version-history":[{"count":0,"href":"https:\/\/www.europesays.com\/pl\/wp-json\/wp\/v2\/posts\/621208\/revisions"}],"wp:featuredmedia":[{"embeddable":true,"href":"https:\/\/www.europesays.com\/pl\/wp-json\/wp\/v2\/media\/621209"}],"wp:attachment":[{"href":"https:\/\/www.europesays.com\/pl\/wp-json\/wp\/v2\/media?parent=621208"}],"wp:term":[{"taxonomy":"category","embeddable":true,"href":"https:\/\/www.europesays.com\/pl\/wp-json\/wp\/v2\/categories?post=621208"},{"taxonomy":"post_tag","embeddable":true,"href":"https:\/\/www.europesays.com\/pl\/wp-json\/wp\/v2\/tags?post=621208"}],"curies":[{"name":"wp","href":"https:\/\/api.w.org\/{rel}","templated":true}]}}