{"id":621252,"date":"2026-08-14T08:02:15","date_gmt":"2026-08-14T08:02:15","guid":{"rendered":"https:\/\/www.europesays.com\/pl\/621252\/"},"modified":"2026-08-14T08:02:15","modified_gmt":"2026-08-14T08:02:15","slug":"polska-wraca-do-europejskiego-regionu-starlink-roam","status":"publish","type":"post","link":"https:\/\/www.europesays.com\/pl\/621252\/","title":{"rendered":"Polska wraca do europejskiego regionu Starlink Roam"},"content":{"rendered":"<p>   <img loading=\"lazy\" decoding=\"async\" src=\"https:\/\/www.europesays.com\/pl\/wp-content\/uploads\/2026\/08\/wuU1Hlad8cdCIdKOWGcCArjQUYk7JyxLtpYasDR3.lm5y.png\" alt=\"\"  width=\"100\" height=\"100\" author=\"Pawe\u0142 Korzeniewski\" caption=\"\" fullscreen=\"https:\/\/cdn.defence24.pl\/2021\/10\/07\/1920xpx\/2021\/10\/07\/originals\/wuU1Hlad8cdCIdKOWGcCArjQUYk7JyxLtpYasDR3.tcgh.png\" class=\"img article-author-block__avatar img-avatar\"\/>  <img decoding=\"async\" src=\"https:\/\/www.europesays.com\/pl\/wp-content\/uploads\/2026\/08\/onM2JCkHdJRIaQq9u0a9RMxjnan4DvAP2A5fxaX9.m69v.jpg\" alt=\"\u0142\u0105czno\u015b\u0107 satelitarna, starlink\"  width=\"800\" height=\"450\" author=\"SpaceX\" fetchpriority=\"high\" class=\"img image-with-caption__image\"\/><br \/>\n        Systemy takie jak Starlink w kr\u00f3tkim czasie zmieni\u0142y postrzeganie komunikacji satelitarnej.<br \/>\n       <br \/>Autor. SpaceX<\/p>\n<p>Polska znalaz\u0142a si\u0119 na li\u015bcie kraj\u00f3w europejskich Starlink Roam \u2013 wynika ze strony centrum pomocy systemu Starlink. Polscy klienci nie b\u0119d\u0105 obj\u0119ci \u017cadnymi nowymi ograniczeniami \u2013 poinformowa\u0142 wicepremier, minister cyfryzacji Krzysztof Gawkowski.<\/p>\n<p class=\"paragraph-module\">We wtorek media informowa\u0142y, \u017ce Polsk\u0119 wy\u0142\u0105czono z europejskiego regionu mobilnego systemu \u0142\u0105czno\u015bci\u00a0satelitarnej Starlink, co dla polskich klient\u00f3w korzystaj\u0105cych z terminali w podr\u00f3\u017cy oznacza\u0107 mia\u0142o wzrost wydatk\u00f3w.<\/p>\n<p class=\"paragraph-module\">Zgodnie z aktualn\u0105 na czwartek wiecz\u00f3r informacj\u0105 na stronie internetowej centrum pomocy dla systemu Starlink, Polska znajduje si\u0119 ju\u017c na li\u015bcie kraj\u00f3w europejskich, czyli zgrupowanych jako jeden region dla planu Roam (W drodze). Ze strony znikn\u0119\u0142a te\u017cwidniej\u0105ca tam wcze\u015bniej informacja, zgodnie z kt\u00f3r\u0105 Polska nie by\u0142a uwzgl\u0119dniona w regionie Europy, a konta zarejestrowane w Polsce mia\u0142y by\u0107 traktowane jako przeznaczone wy\u0142\u0105cznie do u\u017cytku w Polsce.<\/p>\n<p class=\"paragraph-module\">Zmian\u0119 skomentowa\u0142 w czwartek wieczorem wicepremier i minister cyfryzacji Krzysztof Gawkowski. \u201eSpaceX odpowiedzia\u0142 na moje \u017c\u0105danie i nie b\u0119dzie traktowa\u0107 polskich klient\u00f3w gorzej ni\u017c tych w innych krajach europejskich. Deklaracja, jak\u0105 otrzyma\u0142em, jest jasna: Polska zostanie w\u0142\u0105czona do wewn\u0105trzeuropejskiego obszaru podr\u00f3\u017cy Starlink Roam. Polscy klienci nie b\u0119d\u0105 obj\u0119ci \u017cadnymi nowymi ograniczeniami\u201d \u2013 napisa\u0142 szef MC.<\/p>\n<p class=\"paragraph-module\">Doda\u0142, \u017ce to dobra wiadomo\u015b\u0107 dla polskich u\u017cytkownik\u00f3w i oczekuje, \u017ce deklaracja SpaceX zostanie \u201eszybko prze\u0142o\u017cona na praktyk\u0119 i firma poinformuje o tym klient\u00f3w\u201d. Podkre\u015bli\u0142, \u017ce Polacy korzystaj\u0105cy ze Starlinka musz\u0105 by\u0107 traktowani na r\u00f3wnych zasadach jak u\u017cytkownicy w innych pa\u0144stwach Europy.<\/p>\n<p class=\"paragraph-module\">Najnowsza aktualizacja zasad \u015bwiadczenia us\u0142ug Starlink wprowadza podzia\u0142y na regionalne strefy geograficzne. Kluczowa regu\u0142a opiera si\u0119 na za\u0142o\u017ceniu, \u017ce pa\u0144stwa zaliczone do tego samego obszaru nie generuj\u0105 dodatkowych obostrze\u0144, a przemieszczanie si\u0119 mi\u0119dzy nimi nie jest traktowane jako podr\u00f3\u017c mi\u0119dzynarodowa.<\/p>\n<p class=\"paragraph-module\">Do wsp\u00f3lnego regionu europejskiego SpaceX zaliczy\u0142o ponad 30 pa\u0144stw. Na oficjalnej li\u015bcie s\u0105 m.in.: Niemcy, Czechy, S\u0142owacja, Litwa, a tak\u017ce Francja, Hiszpania, W\u0142ochy, Rumunia oraz Norwegia. Zaktualizowanej polityce nowi klienci podlegaj\u0105 od 14 lipca, a obecni b\u0119d\u0105 podlega\u0107 od 17 sierpnia.<\/p>\n<p class=\"paragraph-module\">W czwartek rano do opublikowanych wcze\u015bniej przez nale\u017c\u0105c\u0105 do Elona Muska firm\u0119 SpaceX zasad u\u017cytkowania odni\u00f3s\u0142 si\u0119 premier Donald Tusk.<\/p>\n<p class=\"paragraph-module\">\u201eNa tym etapie dostali\u015bmy zapewnienia z tamtej strony, \u017ce sprawa zostanie jeszcze raz przez nich przeanalizowana (\u2026). Strona ameryka\u0144ska, Starlink, nie potrafi nam dzisiaj wyt\u0142umaczy\u0107, co takiego si\u0119 sta\u0142o. Niekt\u00f3rzy sugeruj\u0105 z tamtej strony, \u017ce to jest po prostu b\u0142\u0105d i \u017ce b\u0119d\u0105 go naprawia\u0107. (\u2026) Ja naprawd\u0119 nie rozumiem, jak mog\u0142o do tego doj\u015b\u0107, ale mam nadziej\u0119, \u017ce to si\u0119 uda wyja\u015bni\u0107 i \u017ce oka\u017ce si\u0119 to po prostu nieporozumieniem\u201d \u2013 powiedzia\u0142 szef rz\u0105du.<\/p>\n<p class=\"paragraph-module\">W \u015brod\u0119 Gawkowski informowa\u0142, \u017ce zwr\u00f3ci\u0142 si\u0119 do SpaceX o pilne przywr\u00f3cenie r\u00f3wnych zasad dla polskich klient\u00f3w firmy. W programie Onet Rano podkre\u015bli\u0142, \u017ce Polska mo\u017ce w ka\u017cdej chwili wy\u0142\u0105czy\u0107 platform\u0119 X.<\/p>\n<p class=\"paragraph-module\">\u201eJe\u017celi komu\u015b wydaje si\u0119, \u017ce Polska to pa\u0144stwo, w kt\u00f3rym ameryka\u0144skie firmy czy jakiekolwiek korporacje ze \u015bwiata sobie hulaj\u0105 i nie mo\u017cemy nic zrobi\u0107, to te\u017c mamy sw\u00f3j czerwony przycisk. (\u2026) Polska jest suwerennym pa\u0144stwem, mocnym, je\u017celi chodzi o swoje umiej\u0119tno\u015bci cyfrowe\u201d \u2013 zaznaczy\u0142.<\/p>\n<p class=\"paragraph-module\">Natomiast wicepremier, szef MSZ Rados\u0142aw Sikorski zwr\u00f3ci\u0142 si\u0119 do Elona Muska, by przesta\u0142 dyskryminowa\u0107 polskich u\u017cytkownik\u00f3w Starlinka. Doda\u0142, \u017ce inaczej Polska mo\u017ce \u201eprzemy\u015ble\u0107 kwesti\u0119 p\u0142acenia Muskowi 50 milion\u00f3w dolar\u00f3w rocznie za jego us\u0142ugi\u201d.<\/p>\n<p class=\"paragraph-module\">Zgodnie z nowymi wytycznymi Starlink u\u017cytkownicy standardowych pakiet\u00f3w mobilnych mog\u0105 przebywa\u0107 ze sprz\u0119tem poza granicami kraju rejestracji przez maksymalnie 30 dni w ramach jednej podr\u00f3\u017cy. Po up\u0142ywie tego miesi\u0105ca niezb\u0119dny jest powr\u00f3t do Polski w celu \u201ezresetowania licznika lokacyjnego\u201d, przej\u015bcie na znacznie dro\u017cszy pakiet lub zmiana kraju rejestracji. Przemieszczanie si\u0119 mi\u0119dzy pa\u0144stwami znajduj\u0105cymi si\u0119 na li\u015bcie kraj\u00f3w europejskich nie jest traktowane jako podr\u00f3\u017c mi\u0119dzynarodowa.<\/p>\n<p class=\"paragraph-module\">\u0179r\u00f3d\u0142o: PAP\/Space24<\/p>\n","protected":false},"excerpt":{"rendered":"Systemy takie jak Starlink w kr\u00f3tkim czasie zmieni\u0142y postrzeganie komunikacji satelitarnej. Autor. SpaceX Polska znalaz\u0142a si\u0119 na li\u015bcie&hellip;\n","protected":false},"author":2,"featured_media":621253,"comment_status":"","ping_status":"","sticky":false,"template":"","format":"standard","meta":{"footnotes":"","_share_on_mastodon":"0"},"categories":[12],"tags":[1345,4063,189,1075,15826,27757,42,38,40,907,39,41,5609,13702,13705,415],"class_list":["post-621252","post","type-post","status-publish","format-standard","has-post-thumbnail","category-polska","tag-donald-tusk","tag-elon-musk","tag-europa","tag-komunikacja","tag-krzysztof-gawkowski","tag-lacznosc-satelitarna","tag-pl","tag-poland","tag-polish","tag-polityka","tag-polska","tag-polski","tag-satelity","tag-spacex","tag-starlink","tag-ukraina"],"share_on_mastodon":{"url":"https:\/\/pubeurope.com\/@pl\/117092821203818392","error":""},"_links":{"self":[{"href":"https:\/\/www.europesays.com\/pl\/wp-json\/wp\/v2\/posts\/621252","targetHints":{"allow":["GET"]}}],"collection":[{"href":"https:\/\/www.europesays.com\/pl\/wp-json\/wp\/v2\/posts"}],"about":[{"href":"https:\/\/www.europesays.com\/pl\/wp-json\/wp\/v2\/types\/post"}],"author":[{"embeddable":true,"href":"https:\/\/www.europesays.com\/pl\/wp-json\/wp\/v2\/users\/2"}],"replies":[{"embeddable":true,"href":"https:\/\/www.europesays.com\/pl\/wp-json\/wp\/v2\/comments?post=621252"}],"version-history":[{"count":0,"href":"https:\/\/www.europesays.com\/pl\/wp-json\/wp\/v2\/posts\/621252\/revisions"}],"wp:featuredmedia":[{"embeddable":true,"href":"https:\/\/www.europesays.com\/pl\/wp-json\/wp\/v2\/media\/621253"}],"wp:attachment":[{"href":"https:\/\/www.europesays.com\/pl\/wp-json\/wp\/v2\/media?parent=621252"}],"wp:term":[{"taxonomy":"category","embeddable":true,"href":"https:\/\/www.europesays.com\/pl\/wp-json\/wp\/v2\/categories?post=621252"},{"taxonomy":"post_tag","embeddable":true,"href":"https:\/\/www.europesays.com\/pl\/wp-json\/wp\/v2\/tags?post=621252"}],"curies":[{"name":"wp","href":"https:\/\/api.w.org\/{rel}","templated":true}]}}