{"id":621312,"date":"2026-08-14T08:38:13","date_gmt":"2026-08-14T08:38:13","guid":{"rendered":"https:\/\/www.europesays.com\/pl\/621312\/"},"modified":"2026-08-14T08:38:13","modified_gmt":"2026-08-14T08:38:13","slug":"wazna-zmiana-przed-eurowizja-2027-ebu-stawia-jasna-granice","status":"publish","type":"post","link":"https:\/\/www.europesays.com\/pl\/621312\/","title":{"rendered":"Wa\u017cna zmiana przed Eurowizj\u0105 2027. EBU stawia jasn\u0105 granic\u0119"},"content":{"rendered":"<p>Zgodnie z tradycj\u0105 Eurowizji kraj, kt\u00f3rego reprezentant wygrywa konkurs, otrzymuje mo\u017cliwo\u015b\u0107 zorganizowania kolejnej edycji. Od 2027 r. zasada ta b\u0119dzie mia\u0142a jednak wyra\u017anie okre\u015blone wyj\u0105tki.<\/p>\n<p>Europejska Unia Nadawc\u00f3w zdecydowa\u0142a, \u017ce zwyci\u0119skie pa\u0144stwo mo\u017ce zosta\u0107 uznane za niezdolne do organizacji wydarzenia, je\u015bli jest uwik\u0142ane w konflikt zbrojny lub jego sytuacja geopolityczna stwarza zagro\u017cenie dla bezpiecznego przeprowadzenia konkursu.<\/p>\n<p>Pod uwag\u0119 maj\u0105 by\u0107 brane r\u00f3wnie\u017c inne okoliczno\u015bci mog\u0105ce wp\u0142ywa\u0107 na bezpiecze\u0144stwo, stabilno\u015b\u0107 lub poziom zagro\u017cenia w danym kraju b\u0105d\u017a regionie. Je\u017celi EBU uzna, \u017ce zwyci\u0119zca nie mo\u017ce zorganizowa\u0107 kolejnej edycji, zadanie to zostanie powierzone innemu nadawcy. Przejmie on prawa i obowi\u0105zki gospodarza oraz b\u0119dzie odpowiada\u0142 za przygotowanie wydarzenia.<\/p>\n<p>Dalszy ci\u0105g artyku\u0142u pod materia\u0142em wideoWa\u017cna zmiana przed Eurowizj\u0105 2027. EBU stawia jasn\u0105 granic\u0119<\/p>\n<p>Nowe przepisy s\u0105 pok\u0142osiem wielomiesi\u0119cznych kontrowersji wok\u00f3\u0142 udzia\u0142u Izraela w Eurowizji. W 2026 r. pi\u0119ciu nadawc\u00f3w zdecydowa\u0142o si\u0119 na bojkot konkursu w zwi\u0105zku z dopuszczeniem kraju do rywalizacji. Izrael ostatecznie zaj\u0105\u0142 drugie miejsce, niewiele trac\u0105c do zwyci\u0119stwa, kt\u00f3re zgodnie z eurowizyjn\u0105 tradycj\u0105 otwiera drog\u0119 do organizacji kolejnej edycji.<\/p>\n<p>EBU ju\u017c wcze\u015bniej musia\u0142a mierzy\u0107 si\u0119 z podobnym problemem. Po zwyci\u0119stwie Ukrainy w 2022 r., ze wzgl\u0119du na trwaj\u0105c\u0105 rosyjsk\u0105 inwazj\u0119, zdecydowano, \u017ce kolejny konkurs nie mo\u017ce odby\u0107 si\u0119 na terenie zwyci\u0119skiego kraju. Eurowizj\u0119 2023 zorganizowano wi\u0119c w Liverpoolu, gdzie brytyjska BBC przygotowa\u0142a wydarzenie we wsp\u00f3\u0142pracy z ukrai\u0144skim nadawc\u0105 publicznym.<\/p>\n<p>Nowe regulacje maj\u0105 uporz\u0105dkowa\u0107 takie sytuacje i z g\u00f3ry okre\u015bli\u0107 zasady post\u0119powania, gdy zwyci\u0119ski kraj ze wzgl\u0119d\u00f3w bezpiecze\u0144stwa nie b\u0119dzie m\u00f3g\u0142 zosta\u0107 gospodarzem kolejnej Eurowizji.<\/p>\n<p>M\u0119cz\u0105ce widowisko uratowane przez Polk\u0119, czyli po Eurowizji 2026<img class=\"ods-a-photo ods-a-photo--background\" src=\"https:\/\/www.europesays.com\/pl\/wp-content\/uploads\/2026\/08\/-l3k9lBaHR0cHM6Ly9vY2RuLmV1L3B1bHNjbXMvTURBXy9iZDQ1ZjQxOTYxODExZGQ1NWVlNWM3YjFhODYwMjVlNi5wbmeRlQLNA.jpeg\" height=\"253\" width=\"450\" alt=\"Alicja Szempli\u0144ska, Dara\" loading=\"lazy\" fetchpriority=\"low\" decoding=\"async\"\/><\/p>\n<p>Kwestia gospodarza nie jest jedyn\u0105 zmian\u0105 w regulaminie. EBU zdecydowa\u0142a si\u0119 r\u00f3wnie\u017c podnie\u015b\u0107 minimalny wiek uczestnik\u00f3w konkursu. Dotychczas arty\u015bci mogli wyst\u0119powa\u0107 w Eurowizji po uko\u0144czeniu 16 lat. Wed\u0142ug nowych zasad uczestnik b\u0119dzie musia\u0142 mie\u0107 co najmniej 18 lat.<\/p>\n<p>Doprecyzowane zosta\u0142y r\u00f3wnie\u017c przepisy dotycz\u0105ce wokalu i wykorzystania wcze\u015bniej nagranych element\u00f3w w podk\u0142adzie. G\u0142\u00f3wny wokal nadal musi by\u0107 wykonywany na \u017cywo, a nagrania nie mog\u0105 zast\u0119powa\u0107 ani nadmiernie wspiera\u0107 g\u0142\u00f3wnej linii melodycznej.<\/p>\n<p>Zmiany maj\u0105 obowi\u0105zywa\u0107 od przysz\u0142orocznego Konkursu Piosenki Eurowizji, kt\u00f3rego <a href=\"https:\/\/kultura.onet.pl\/wiadomosci\/eurowizja-2027-bulgaria-oglosila-ktore-miasto-bedzie-gospodarzem\/9h47whd\" id=\"f8bf913c-81ad-4d63-a126-7484d1bea8c8\" rel=\"nofollow noopener\" target=\"_blank\">gospodarzem b\u0119dzie bu\u0142garskie Burgas<\/a>.<a rel=\"nofollow noopener\" href=\"https:\/\/www.musikexpress.de\/esc-neue-regeln-kriegslaender-3228193\/\" id=\"185653b8-a043-43bd-8b5b-bdb28c28ba35\" target=\"_blank\">Tekst pochodzi ze strony musikexpress.de<\/a>. Dzi\u0119kujemy, \u017ce przeczyta\u0142a\u015b\/e\u015b nasz artyku\u0142 do ko\u0144ca. W serwisie Plejada.pl ka\u017cdego dnia piszemy o najwa\u017cniejszych wydarzeniach show-biznesowych. B\u0105d\u017a na bie\u017c\u0105co! <a rel=\"nofollow noopener\" href=\"https:\/\/profile.google.com\/cp\/Cg0vZy8xMWJ6X19wdHBx\" id=\"645e3dd0-f511-4f60-966f-d2ce4c549a27\" target=\"_blank\">Obserwuj<\/a> Plejad\u0119 w Google. Odwied\u017a nas tak\u017ce na <a rel=\"nofollow noopener\" href=\"https:\/\/www.facebook.com\/plejadapl\" id=\"f8ab6002-3631-4c5e-a544-9aa2cfc5fa64\" target=\"_blank\">Facebooku<\/a>, <a rel=\"nofollow noopener\" href=\"https:\/\/www.instagram.com\/plejadapl\/\" id=\"a9c39b97-a3e3-45f7-a3fe-95808cbe4e3f\" target=\"_blank\">Instagramie<\/a>, <a rel=\"nofollow noopener\" href=\"https:\/\/www.youtube.com\/c\/plejada\" id=\"d138164c-350e-4e4f-9545-18e022b4a3ad\" target=\"_blank\">YouTube<\/a> oraz <a rel=\"nofollow noopener\" href=\"https:\/\/www.tiktok.com\/@plejada_pl\" id=\"81efb16a-ee10-4432-811f-0ddd494bbe86\" target=\"_blank\">TikToku<\/a>.Chcesz podzieli\u0107 si\u0119 ciekawym newsem lub zaproponowa\u0107 temat? Skontaktuj si\u0119 z nami, pisz\u0105c e-maila na adres: <a rel=\"nofollow noopener\" href=\"https:\/\/plejada.pl\/newsy\/wazna-zmiana-przed-eurowizja-2027-ebu-stawia-jasna-granice\/mailto:plejada@redakcjaonet.pl\" id=\"40ec90bb-30e1-4ac0-b159-dcbc73ba8f22\" target=\"_blank\">plejada@redakcjaonet.pl<\/a>.<script async src=\"\/\/www.instagram.com\/embed.js\"><\/script><script async src=\"\/\/www.tiktok.com\/embed.js\"><\/script><\/p>\n","protected":false},"excerpt":{"rendered":"Zgodnie z tradycj\u0105 Eurowizji kraj, kt\u00f3rego reprezentant wygrywa konkurs, otrzymuje mo\u017cliwo\u015b\u0107 zorganizowania kolejnej edycji. Od 2027 r. zasada&hellip;\n","protected":false},"author":2,"featured_media":621313,"comment_status":"","ping_status":"","sticky":false,"template":"","format":"standard","meta":{"footnotes":"","_share_on_mastodon":"0"},"categories":[22],"tags":[61195,122,552,48,125,46,42,38,40,39,41,123,47],"class_list":["post-621312","post","type-post","status-publish","format-standard","has-post-thumbnail","category-rozrywka","tag-bottomfeed_styl","tag-entertainment","tag-eurowizja","tag-nat_styl","tag-newsy","tag-omp","tag-pl","tag-poland","tag-polish","tag-polska","tag-polski","tag-rozrywka","tag-screening_general"],"share_on_mastodon":{"url":"https:\/\/pubeurope.com\/@pl\/117092961709377597","error":""},"_links":{"self":[{"href":"https:\/\/www.europesays.com\/pl\/wp-json\/wp\/v2\/posts\/621312","targetHints":{"allow":["GET"]}}],"collection":[{"href":"https:\/\/www.europesays.com\/pl\/wp-json\/wp\/v2\/posts"}],"about":[{"href":"https:\/\/www.europesays.com\/pl\/wp-json\/wp\/v2\/types\/post"}],"author":[{"embeddable":true,"href":"https:\/\/www.europesays.com\/pl\/wp-json\/wp\/v2\/users\/2"}],"replies":[{"embeddable":true,"href":"https:\/\/www.europesays.com\/pl\/wp-json\/wp\/v2\/comments?post=621312"}],"version-history":[{"count":0,"href":"https:\/\/www.europesays.com\/pl\/wp-json\/wp\/v2\/posts\/621312\/revisions"}],"wp:featuredmedia":[{"embeddable":true,"href":"https:\/\/www.europesays.com\/pl\/wp-json\/wp\/v2\/media\/621313"}],"wp:attachment":[{"href":"https:\/\/www.europesays.com\/pl\/wp-json\/wp\/v2\/media?parent=621312"}],"wp:term":[{"taxonomy":"category","embeddable":true,"href":"https:\/\/www.europesays.com\/pl\/wp-json\/wp\/v2\/categories?post=621312"},{"taxonomy":"post_tag","embeddable":true,"href":"https:\/\/www.europesays.com\/pl\/wp-json\/wp\/v2\/tags?post=621312"}],"curies":[{"name":"wp","href":"https:\/\/api.w.org\/{rel}","templated":true}]}}