{"id":621318,"date":"2026-08-14T08:42:10","date_gmt":"2026-08-14T08:42:10","guid":{"rendered":"https:\/\/www.europesays.com\/pl\/621318\/"},"modified":"2026-08-14T08:42:10","modified_gmt":"2026-08-14T08:42:10","slug":"marcin-romanowski-jest-w-naddniestrzu-poslanka-mowi-o-desperackiej-ucieczce","status":"publish","type":"post","link":"https:\/\/www.europesays.com\/pl\/621318\/","title":{"rendered":"Marcin Romanowski jest w Naddniestrzu? Pos\u0142anka m\u00f3wi o &#8222;desperackiej ucieczce&#8221;"},"content":{"rendered":"<p>Do S\u0105du Okr\u0119gowego w Warszawie wp\u0142yn\u0105\u0142 wniosek Marcina Romanowskiego o wydanie listu \u017celaznego. Z pisma oraz z koperty wynika, \u017ce przesy\u0142ka zosta\u0142a nadana w Tyraspolu na terenie Naddniestrza. <a href=\"https:\/\/wiadomosci.onet.pl\/kraj\/marcin-romanowski-w-naddniestrzu-wiadomo-co-napisal-we-wniosku-do-sadu\/0bwzrfq\" id=\"4bede38e-716a-4db5-bfd2-cad1ac70b457\" rel=\"nofollow noopener\" target=\"_blank\">Polityk PiS stwierdzi\u0142 w nim m.in., \u017ce ma paszport &#8222;wydany na inn\u0105 to\u017csamo\u015b\u0107&#8221;.<\/a> Naddniestrze to separatystyczny region Mo\u0142dawii, kt\u00f3ry od lat 90. XX w. funkcjonuje jako pa\u0144stwo nieuznawane, w dodatku silnie wspierane przez Rosj\u0119.<\/p>\n<p>O spraw\u0119 pytana by\u0142a w programie &#8222;Onet Rano.&#8221; pos\u0142anka KO Klaudia Jachira. \u2014 Jestem zaskoczona t\u0105 informacj\u0105 i zaniepokojona. Miesi\u0105c temu bym nie uwierzy\u0142a, \u017ce to mo\u017ce by\u0107 ten kierunek. To jest jednak osoba, kt\u00f3ra mia\u0142a dost\u0119p do bardzo wa\u017cnych i tajnych informacji pa\u0144stwowych \u2014 oceni\u0142a polityczka, wskazuj\u0105c na &#8222;desperack\u0105 ucieczk\u0119&#8221; Romanowskiego.<\/p>\n<p>\u2014 Nie chodzi ju\u017c o samego Romanowskiego, ale o bezpiecze\u0144stwo pa\u0144stwa polskiego (&#8230;) Ucieczka do republiki kontrolowanej przez Rosj\u0119 stawia pa\u0144stwo polskie w niebezpiecze\u0144stwie \u2014 m\u00f3wi\u0142a Jachira.<\/p>\n<p>Kulisy spotkania lider\u00f3w koalicji z Tuskiem. Sensacyjny scenariusz w grze<img class=\"ods-a-photo ods-a-photo--background\" src=\"https:\/\/www.europesays.com\/pl\/wp-content\/uploads\/2026\/08\/m4lk9lBaHR0cHM6Ly9vY2RuLmV1L3B1bHNjbXMvTURBXy8wZTU3NWRlYTM3ODZjMWMzNThhMDAwYzk0N2JmNGNjZC5qcGeRlQLNA.jpeg\" height=\"300\" width=\"450\" alt=\"(od lewej) Donald Tusk, W\u0142adys\u0142aw Kosiniak-Kamysz i W\u0142odzimierz Czarzasty w Sejmie. Warszawa, 30.04.2026 r.\" loading=\"lazy\" fetchpriority=\"low\" decoding=\"async\"\/><\/p>\n<p>Zdaniem pos\u0142anki Koalicji Obywatelskiej Romanowski &#8222;rozpocz\u0105\u0142 bardzo niebezpieczny precedens&#8221;. \u2014 Odpowiedzialno\u015b\u0107 ponosi prawa strona, ca\u0142e szeroko poj\u0119te \u015brodowisko Romanowskiego i to od nich powinni\u015bmy si\u0119 domaga\u0107 wyja\u015bnie\u0144, przeprosin, \u017ce dopu\u015bcili takiego cz\u0142owieka do tajnych informacji \u2014 podkre\u015bli\u0142a.<\/p>\n<p>W\u0105tpliwo\u015bci wok\u00f3\u0142 to\u017csamo\u015bci i dokument\u00f3wW pi\u015bmie skierowanym do s\u0105du<a href=\"https:\/\/wiadomosci.onet.pl\/swiat\/marcin-romanowski-ma-drugi-paszport-dokument-kryje-kilka-tajemnic\/s4r3vnf\" id=\"34048c41-10d0-4c04-b77a-9772cb3088e0\" rel=\"nofollow noopener\" target=\"_blank\"> Romanowski zaznaczy\u0142, \u017ce posiada paszport wystawiony na inne dane<\/a>. Wed\u0142ug informacji &#8222;Rzeczpospolitej&#8221;, mia\u0142 u\u017cy\u0107 w tym kontek\u015bcie s\u0142owa &#8222;PESEL&#8221;, kt\u00f3re jest unikalnym polskim numerem identyfikacyjnym.<\/p>\n<p>Osoba znaj\u0105ca kulisy sprawy, cytowana przez dziennik, zwr\u00f3ci\u0142a uwag\u0119, \u017ce zmiana danych i uzyskanie nowego paszportu na fa\u0142szywe nazwisko to praktyka charakterystyczna dla s\u0142u\u017cb specjalnych. Zasugerowa\u0142a r\u00f3wnie\u017c, \u017ce istnieje mo\u017cliwo\u015b\u0107: Romanowski m\u00f3g\u0142 otrzyma\u0107 w\u0119gierskie obywatelstwo i zmieni\u0107 w zwi\u0105zku z tym nazwisko. \u2014 Tego jednak nie wiemy \u2014 zaznaczy\u0142 rozm\u00f3wca dziennika.<\/p>\n<p>Kolejny rozm\u00f3wca &#8222;Rzeczpospolitej&#8221; wyja\u015bni\u0142, \u017ce s\u0142u\u017cby specjalne mog\u0105 wydawa\u0107 osobom zaanga\u017cowanym w operacje specjalne autentyczne paszporty na fa\u0142szywe nazwiska. Wskaza\u0142, \u017ce z powod\u00f3w politycznych Romanowski m\u00f3g\u0142 uzyska\u0107 taki dokument na przyk\u0142ad na W\u0119grzech, cho\u0107 s\u0105 to jedynie przypuszczenia. Dziennik zwraca r\u00f3wnie\u017c uwag\u0119, \u017ce Romanowski m\u00f3g\u0142 naby\u0107 obywatelstwo innego kraju.<\/p>\n","protected":false},"excerpt":{"rendered":"Do S\u0105du Okr\u0119gowego w Warszawie wp\u0142yn\u0105\u0142 wniosek Marcina Romanowskiego o wydanie listu \u017celaznego. Z pisma oraz z koperty&hellip;\n","protected":false},"author":2,"featured_media":621319,"comment_status":"","ping_status":"","sticky":false,"template":"","format":"standard","meta":{"footnotes":"","_share_on_mastodon":"0"},"categories":[12],"tags":[12913,61195,32,33,36,37,5168,27,10618,49,34,35,12348,3318,3321,28,31,48,56812,25,46,55,42,38,40,6571,39,41,47,29,30,26],"class_list":["post-621318","post","type-post","status-publish","format-standard","has-post-thumbnail","category-polska","tag-_onet_rano_","tag-bottomfeed_styl","tag-breaking-news","tag-breakingnews","tag-featured-news","tag-featurednews","tag-fundusz_sprawiedliwosci","tag-headlines","tag-klaudia_jachira","tag-kraj","tag-latest-news","tag-latestnews","tag-marcin_romanowski","tag-moldawia","tag-naddniestrze","tag-naglowki","tag-najwazniejsze-artykuly","tag-nat_styl","tag-newbb_tst0","tag-news","tag-omp","tag-phx","tag-pl","tag-poland","tag-polish","tag-polityka_politycy","tag-polska","tag-polski","tag-screening_general","tag-top-stories","tag-topstories","tag-wiadomosci"],"share_on_mastodon":{"url":"https:\/\/pubeurope.com\/@pl\/117092977778463182","error":""},"_links":{"self":[{"href":"https:\/\/www.europesays.com\/pl\/wp-json\/wp\/v2\/posts\/621318","targetHints":{"allow":["GET"]}}],"collection":[{"href":"https:\/\/www.europesays.com\/pl\/wp-json\/wp\/v2\/posts"}],"about":[{"href":"https:\/\/www.europesays.com\/pl\/wp-json\/wp\/v2\/types\/post"}],"author":[{"embeddable":true,"href":"https:\/\/www.europesays.com\/pl\/wp-json\/wp\/v2\/users\/2"}],"replies":[{"embeddable":true,"href":"https:\/\/www.europesays.com\/pl\/wp-json\/wp\/v2\/comments?post=621318"}],"version-history":[{"count":0,"href":"https:\/\/www.europesays.com\/pl\/wp-json\/wp\/v2\/posts\/621318\/revisions"}],"wp:featuredmedia":[{"embeddable":true,"href":"https:\/\/www.europesays.com\/pl\/wp-json\/wp\/v2\/media\/621319"}],"wp:attachment":[{"href":"https:\/\/www.europesays.com\/pl\/wp-json\/wp\/v2\/media?parent=621318"}],"wp:term":[{"taxonomy":"category","embeddable":true,"href":"https:\/\/www.europesays.com\/pl\/wp-json\/wp\/v2\/categories?post=621318"},{"taxonomy":"post_tag","embeddable":true,"href":"https:\/\/www.europesays.com\/pl\/wp-json\/wp\/v2\/tags?post=621318"}],"curies":[{"name":"wp","href":"https:\/\/api.w.org\/{rel}","templated":true}]}}